{"id":51169,"date":"2026-04-01T04:40:00","date_gmt":"2026-04-01T07:40:00","guid":{"rendered":"https:\/\/noticiasdestaque.com.br\/index.php\/2026\/04\/01\/novo-caged-brasil-gera-mais-de-255-mil-empregos-formais-em-fevereiro\/"},"modified":"2026-04-01T04:40:00","modified_gmt":"2026-04-01T07:40:00","slug":"novo-caged-brasil-gera-mais-de-255-mil-empregos-formais-em-fevereiro","status":"publish","type":"post","link":"https:\/\/noticiasdestaque.com.br\/index.php\/2026\/04\/01\/novo-caged-brasil-gera-mais-de-255-mil-empregos-formais-em-fevereiro\/","title":{"rendered":"Novo Caged: Brasil gera mais de 255 mil empregos formais em fevereiro"},"content":{"rendered":"<p>\t\t\t\t\t\t\t\t\t\t\t<audio controls class=\"b61_audio_player\" data-noticia=\"88649\" src=\"https:\/\/brasil61.com\/rails\/active_storage\/blobs\/eyJfcmFpbHMiOnsibWVzc2FnZSI6IkJBaHBBN29PQkE9PSIsImV4cCI6bnVsbCwicHVyIjoiYmxvYl9pZCJ9fQ==--9b839059d3bc7ae2bec49277742d6a09bf52ee36\/BRAS2616163A\"><\/audio><\/p>\n<p>O Minist\u00e9rio do Trabalho e Emprego (<a href=\"https:\/\/www.gov.br\/trabalho-e-emprego\/pt-br\/noticias-e-conteudo\/2026\/marco\/novo-caged-brasil-gera-mais-de-255-mil-empregos-formais-em-fevereiro\">MTE<\/a>) divulgou, na tarde desta ter\u00e7a-feira (31), os <strong>resultados do Novo Cadastro Geral de Empregados e Desempregados (Novo Caged)<\/strong> referentes ao m\u00eas de <strong>fevereiro<\/strong>. O <strong>saldo de empregos com carteira assinada do m\u00eas foi de 255.321 novos postos de trabalho<\/strong> \u2014 resultante de <strong>2.381.767 contrata\u00e7\u00f5es e 2.126.446 demiss\u00f5es<\/strong>. O levantamento foi transmitido na voz do ministro do Trabalho e Emprego, Luiz Marinho, a partir das 14h30 no <a href=\"https:\/\/www.youtube.com\/watch?v=jDHR8Wqu9YY\">canal do YouTube do MTE<\/a>.<\/p>\n<p>O resultado foi <strong>inferior ao de fevereiro de 2025, quando o Novo Caged apresentou saldo de 431.995 postos formais de trabalho<\/strong>. O ministro Luiz Marinho salientou que <strong>um resultado para fevereiro de 2026 menor do que o do mesmo per\u00edodo do ano passado j\u00e1 era esperado pelo MTE<\/strong>, uma vez que o <strong>m\u00eas teve mais dias \u00fateis no ano anterior e o Carnaval foi antecipado no ano corrente<\/strong>.\u00a0<\/p>\n<p>\u201cA gente esperava um n\u00famero menor do que foi o ano passado, em fevereiro, porque o ano passado teve mais dias \u00fateis de fevereiro do que teria esse ano. Lembra que, no ano passado, [o resultado de] mar\u00e7o foi relativamente baixo\u201d, explicou.<\/p>\n<p>Contudo, o ministro <strong>chamou aten\u00e7\u00e3o para o que chamou de uma \u201csoma de complicadores\u201d<\/strong>, ao se referir ao<strong> cen\u00e1rio de juros altos e do conflito no Oriente M\u00e9dio<\/strong>, o que, segundo ele, tem <strong>impacto direto na capacidade de gera\u00e7\u00e3o de empregos e na velocidade de movimenta\u00e7\u00e3o da economia<\/strong>. \u201cN\u00f3s temos uma guerra em curso criando muito transtorno para o mundo inteiro, no Brasil tamb\u00e9m, al\u00e9m dos juros altos. Essa soma \u00e9 um complicador no sentido de investimento e da velocidade da gera\u00e7\u00e3o de emprego com a velocidade que a economia vai andar. O que tem de positivo \u00e9 que esses n\u00fameros s\u00e3o positivos.\u201d<\/p>\n<p>Os <strong>cinco grandes agrupamentos da atividade econ\u00f4mica registraram saldo positivo<\/strong>. <strong>Servi\u00e7os<\/strong> <strong>liderou<\/strong>, com <strong>177.953 postos<\/strong>, seguido por <strong>Ind\u00fastria, 32.027 postos<\/strong>, <strong>Constru\u00e7\u00e3o Civil, 31.099 postos<\/strong>, <strong>Agropecu\u00e1ria, 8.123 postos<\/strong>, e <strong>Com\u00e9rcio, com 6.127 postos<\/strong>.<\/p>\n<p>Dentre as unidades federativas (UFs), <strong>24 das 27 apresentaram saldos positivos<\/strong>, com <strong>destaque para S\u00e3o Paulo, com 95.896 postos, Rio Grande do Sul, com 24.392 postos e Minas Gerais, com 22.874 postos<\/strong>. As UFs com desempenhos negativos foram Alagoas, Rio Grande do Norte e Para\u00edba, com 3.023, 1.186 e 1.186 postos a menos, respectivamente.<\/p>\n<p>O <strong>saldo foi positivo tanto para homens, que ocuparam 100.257 postos, quanto para mulheres, que ocuparam 155.064 postos<\/strong>. A maior parte das vagas \u2014 <strong>163.056 postos, o equivalente a 63,9% do total gerado no m\u00eas \u2014 se concentrou nos jovens de at\u00e9 24 anos<\/strong>.<\/p>\n<p>O <strong>sal\u00e1rio m\u00e9dio de admiss\u00e3o<\/strong> foi de <strong>R$ 2.346,97 no m\u00eas<\/strong>, o que representa uma <strong>queda de 2,3% em rela\u00e7\u00e3o a janeiro<\/strong>. Contudo, o valor indica <strong>aumento de 2,75% frente a fevereiro de 2025, indicando aumento real ao longo do ano<\/strong>.<\/p>\n<h2>Acumulado do ano<\/h2>\n<p>Segundo o MTE, <strong>j\u00e1 foram criados 370.339 postos formais de trabalho em 2026, elevando o estoque de v\u00ednculos celetistas para mais de 48,8 milh\u00f5es. Nos \u00faltimos 12 meses, o saldo foi de 1.047.024 empregos<\/strong>.<\/p>\n<p><strong>Quatro dos cinco grandes grupamentos de atividades econ\u00f4micas registraram saldos positivos<\/strong>. O <strong>maior crescimento<\/strong> do emprego formal ocorreu no setor de <strong>Servi\u00e7os<\/strong>, com <strong>saldo de 221.084 postos (+\u00a0 0,9%)<\/strong>. Na sequ\u00eancia, a <strong>Ind\u00fastria gerou 86.091 vagas, a Constru\u00e7\u00e3o 81.637 e a Agropecu\u00e1ria tamb\u00e9m apresentou resultado positivo, com 31.930 postos gerados<\/strong>. J\u00e1 o <strong>Com\u00e9rcio registrou saldo negativo de 50.395 vagas perdidas<\/strong>.<\/p>\n<p>Com informa\u00e7\u00f5es do Minist\u00e9rio do Trabalho e Emprego.<\/p>\n<p>\t\t\t\t\t\t\t\t\t\t<img loading=\"lazy\" decoding=\"async\" src=\"https:\/\/brasil61.com\/api\/v1\/serve_pixel\/17677\/88649\" alt=\"Pixel Brasil 61\" class=\"b61_pixel\" width=\"0\" height=\"0\"><\/p>\n<input type=\"hidden\" id=\"baseurl\" value=\"https:\/\/noticiasdestaque.com.br\"><input type=\"hidden\" id=\"audio_nonce\" value=\"9fd43fe80e\">","protected":false},"excerpt":{"rendered":"<p>Resultado foi puxado pelo setor de servi\u00e7os e saldo foi positivo em 24 dos 27 estados; desempenho pior que o de fevereiro de 2025 tem rela\u00e7\u00e3o com o Carnaval, segundo MTE<\/p>\n","protected":false},"author":1,"featured_media":51170,"comment_status":"open","ping_status":"open","sticky":false,"template":"","format":"standard","meta":{"fifu_image_url":"","fifu_image_alt":"","footnotes":""},"categories":[59],"tags":[],"class_list":["post-51169","post","type-post","status-publish","format-standard","has-post-thumbnail","hentry","category-economia"],"distributor_meta":false,"distributor_terms":false,"distributor_media":false,"distributor_original_site_name":"Noticias em Destaque","distributor_original_site_url":"https:\/\/noticiasdestaque.com.br","push-errors":false,"_links":{"self":[{"href":"https:\/\/noticiasdestaque.com.br\/index.php\/wp-json\/wp\/v2\/posts\/51169","targetHints":{"allow":["GET"]}}],"collection":[{"href":"https:\/\/noticiasdestaque.com.br\/index.php\/wp-json\/wp\/v2\/posts"}],"about":[{"href":"https:\/\/noticiasdestaque.com.br\/index.php\/wp-json\/wp\/v2\/types\/post"}],"author":[{"embeddable":true,"href":"https:\/\/noticiasdestaque.com.br\/index.php\/wp-json\/wp\/v2\/users\/1"}],"replies":[{"embeddable":true,"href":"https:\/\/noticiasdestaque.com.br\/index.php\/wp-json\/wp\/v2\/comments?post=51169"}],"version-history":[{"count":0,"href":"https:\/\/noticiasdestaque.com.br\/index.php\/wp-json\/wp\/v2\/posts\/51169\/revisions"}],"wp:featuredmedia":[{"embeddable":true,"href":"https:\/\/noticiasdestaque.com.br\/index.php\/wp-json\/wp\/v2\/media\/51170"}],"wp:attachment":[{"href":"https:\/\/noticiasdestaque.com.br\/index.php\/wp-json\/wp\/v2\/media?parent=51169"}],"wp:term":[{"taxonomy":"category","embeddable":true,"href":"https:\/\/noticiasdestaque.com.br\/index.php\/wp-json\/wp\/v2\/categories?post=51169"},{"taxonomy":"post_tag","embeddable":true,"href":"https:\/\/noticiasdestaque.com.br\/index.php\/wp-json\/wp\/v2\/tags?post=51169"}],"curies":[{"name":"wp","href":"https:\/\/api.w.org\/{rel}","templated":true}]}}