{"id":51161,"date":"2026-03-31T19:10:00","date_gmt":"2026-03-31T22:10:00","guid":{"rendered":"https:\/\/noticiasdestaque.com.br\/index.php\/2026\/03\/31\/alfredo-cotait-neto-assume-presidencia-da-associacao-comercial-de-sao-paulo\/"},"modified":"2026-04-01T23:07:21","modified_gmt":"2026-04-02T02:07:21","slug":"alfredo-cotait-neto-assume-presidencia-da-associacao-comercial-de-sao-paulo","status":"publish","type":"post","link":"https:\/\/noticiasdestaque.com.br\/index.php\/2026\/03\/31\/alfredo-cotait-neto-assume-presidencia-da-associacao-comercial-de-sao-paulo\/","title":{"rendered":"Alfredo Cotait Neto assume presid\u00eancia da Associa\u00e7\u00e3o Comercial de S\u00e3o Paulo"},"content":{"rendered":"<p>\t\t\t\t\t\t\t\t\t\t<audio controls class=\"b61_audio_player\" data-noticia=\"88645\" src=\"https:\/\/brasil61.com\/rails\/active_storage\/blobs\/eyJfcmFpbHMiOnsibWVzc2FnZSI6IkJBaHBBN2NPQkE9PSIsImV4cCI6bnVsbCwicHVyIjoiYmxvYl9pZCJ9fQ==--67e2526ef74519c29db4d0a7be950e7b3267ef9b\/CACB260145A\"><\/audio><\/p>\n<p><strong>Alfredo Cotait Neto assumiu a presid\u00eancia da <a href=\"https:\/\/acsp.com.br\/\" target=\"_blank\">Associa\u00e7\u00e3o Comercial de S\u00e3o Paulo (ACSP)<\/a><\/strong> em cerim\u00f4nia realizada nesta ter\u00e7a-feira (31), na sede da institui\u00e7\u00e3o, na capital paulista. \u00c0 frente do sistema associativista, a nova lideran\u00e7a defende a<strong> integra\u00e7\u00e3o e o fortalecimento das institui\u00e7\u00f5es comerciais e empresariais<\/strong>, al\u00e9m da <strong>amplia\u00e7\u00e3o da representatividade e da atua\u00e7\u00e3o junto ao sistema pol\u00edtico<\/strong>.<\/p>\n<p>Segundo Cotait, <strong>2026 \u00e9 um ano decisivo para o futuro do pa\u00eds<\/strong>, o que exige maior <strong>participa\u00e7\u00e3o dos empreendedores na formula\u00e7\u00e3o de pol\u00edticas p\u00fablicas<\/strong> voltadas ao setor produtivo.<\/p>\n<p>\u201cPara os empres\u00e1rios, agora \u00e9 tempo de assumir suas responsabilidades pol\u00edticas. As associa\u00e7\u00f5es s\u00e3o entidades apartid\u00e1rias, mas pol\u00edticas. A posi\u00e7\u00e3o dos empres\u00e1rios de se manterem ausentes das pol\u00edticas p\u00fablicas, apenas faz crescer a interven\u00e7\u00e3o na economia, aumentando custos, burocracia e tributa\u00e7\u00e3o, o que reduz a efici\u00eancia e a atividade empresarial. \u00c9 hora de assumirmos posi\u00e7\u00f5es pol\u00edticas na defesa de nossos princ\u00edpios e valores\u201d, afirma.<\/p>\n<p>Cotait passa a liderar a chamada <strong>\u201ctr\u00edplice coroa\u201d do sistema associativista brasileiro<\/strong>. Desde 2022, ele preside a <strong><a href=\"https:\/\/cacb.org.br\/\" target=\"_blank\">Confedera\u00e7\u00e3o das Associa\u00e7\u00f5es Comerciais e Empresariais do Brasil (CACB)<\/a><\/strong>, entidade que re\u00fane cerca de<strong> 2,3 mil institui\u00e7\u00f5es <\/strong>representativas do setor produtivo. No \u00e2mbito estadual, est\u00e1 \u00e0 frente da <strong><a href=\"https:\/\/www.facesp.com.br\/\" target=\"_blank\">Federa\u00e7\u00e3o das Associa\u00e7\u00f5es Comerciais e Empresariais do Estado de S\u00e3o Paulo (Facesp)<\/a><\/strong> desde 2019.<\/p>\n<p>Com isso, ele pretende <strong>intensificar a integra\u00e7\u00e3o do sistema associativista, conectando confedera\u00e7\u00e3o, federa\u00e7\u00f5es e associa\u00e7\u00f5es <\/strong>em uma rede s\u00f3lida, organizada e presente em todo o pa\u00eds. A ideia \u00e9 que as demandas dos empres\u00e1rios sejam constru\u00eddas na base e transformadas em pautas nacionais.<\/p>\n<p>O secret\u00e1rio especial de Projetos Estrat\u00e9gicos do Governo do Estado de S\u00e3o Paulo e membro do Conselho Superior da ACSP, <strong>Guilherme Afif Domingos<\/strong>, destaca que a presen\u00e7a de Cotait no comando das tr\u00eas entidades ocorre em um momento dif\u00edcil para o pa\u00eds.<\/p>\n<p>\u201cO momento exige a uni\u00e3o do pensamento diante de uma crise moral pela qual o pa\u00eds passa. O Brasil precisa de um grande <em>compliance <\/em>da sociedade civil, cobrando dignidade do poder p\u00fablico. Portanto, a presen\u00e7a do Alfredo, com a sua experi\u00eancia, comandando a tr\u00edplice coroa, vai ser fundamental para a entidade e o pa\u00eds\u201d, ressalta.<\/p>\n<h2>Conselhos estrat\u00e9gicos<\/h2>\n<p>Um dos principais focos da nova gest\u00e3o ser\u00e1 a estrutura\u00e7\u00e3o de conselhos da diretoria executiva, onde as demandas do empresariado ser\u00e3o debatidas e consolidadas em propostas de alcance nacional.<\/p>\n<p>Entre os conselhos previstos est\u00e3o:<\/p>\n<ul>\n<li>Conselho de Altos Estudos de Finan\u00e7as e Tributa\u00e7\u00e3o<\/li>\n<li>Conselho de Conjuntura Econ\u00f4mica<\/li>\n<li>Conselho do Agroneg\u00f3cio<\/li>\n<li>Conselho Jur\u00eddico<\/li>\n<li>Conselho de Tributa\u00e7\u00e3o e Servi\u00e7os<\/li>\n<li>Conselho de Orienta\u00e7\u00e3o e Servi\u00e7os<\/li>\n<li>Conselho de Inova\u00e7\u00e3o<\/li>\n<li>Conselho Pol\u00edtico e Social<\/li>\n<li>Conselho de Seguran\u00e7a<\/li>\n<li>Conselho de Pol\u00edtica Urbana<\/li>\n<li>Comit\u00ea de Civismo e Cidadania<\/li>\n<li>Conselho Trabalhista<\/li>\n<li>Conselho do Varejo<\/li>\n<\/ul>\n<p>Segundo Cotait, estes conselhos ter\u00e3o a miss\u00e3o de produzir conte\u00fados e orienta\u00e7\u00f5es que ser\u00e3o disseminados at\u00e9 a base empresarial por meio dos <strong>canais de comunica\u00e7\u00e3o<\/strong> do sistema associativista. Atualmente, a rede conta com<strong> mais de 5.500 r\u00e1dios<\/strong> cadastradas, al\u00e9m do <strong><a href=\"https:\/\/dcomercio.com.br\/\" target=\"_blank\">Di\u00e1rio do Com\u00e9rcio<\/a><\/strong> e presen\u00e7a ativa nas <strong>redes sociais<\/strong>.<\/p>\n<p>\u201cEssa \u00e9 a nossa miss\u00e3o: nacionalizar, integrar e transformar\u201d, afirma.<\/p>\n<h2>Pautas do empreendedorismo<\/h2>\n<p>A nova gest\u00e3o assume com o compromisso de defender temas considerados estrat\u00e9gicos para o setor produtivo, entre eles:<\/p>\n<ul>\n<li>aumento do limite de <strong>faturamento do Microempreendedor Individual (MEI)<\/strong>;<\/li>\n<li><strong>prote\u00e7\u00e3o ao Simples Nacional<\/strong> no contexto da reforma tribut\u00e1ria;<\/li>\n<li><strong>defesa do voto distrital<\/strong>;<\/li>\n<li>adiamento das discuss\u00f5es sobre a <strong>redu\u00e7\u00e3o da jornada de trabalho<\/strong>.<\/li>\n<\/ul>\n<p>Cotait tamb\u00e9m afirma que pretende atuar<strong> contra a elevada carga tribut\u00e1ria, a burocracia e a inseguran\u00e7a jur\u00eddica<\/strong>, consideradas entraves ao crescimento econ\u00f4mico.<\/p>\n<p>Para fortalecer a representa\u00e7\u00e3o do setor, ele prop\u00f5e a forma\u00e7\u00e3o de uma <strong>bancada dos empreendedores no Congresso Nacional<\/strong>.<\/p>\n<p>\u201cO primeiro processo \u00e9 tentar, nessas elei\u00e7\u00f5es, eleger um grupo de deputados federais \u2014 criar uma bancada dos empreendedores \u2014 que possam nos defender, defender nossos valores e ideias, defender a liberdade econ\u00f4mica e o crescimento do pa\u00eds, e n\u00e3o deixar que executivos e judici\u00e1rios possam interferir nesse processo\u201d, afirma.<\/p>\n<p>Este ser\u00e1 o terceiro mandato de Cotait na presid\u00eancia da ACSP, com <strong>vig\u00eancia at\u00e9 2028<\/strong>. Ele j\u00e1 comandou a entidade nos per\u00edodos de <strong>2019 a 2021 <\/strong>e de<strong> 2021 a 2023<\/strong>.<\/p>\n<p><strong>VEJA MAIS:<\/strong><\/p>\n<ul>\n<li><a href=\"https:\/\/brasil61.com\/n\/deputado-de-minas-gerais-defende-reajuste-do-simples-para-preservar-formalizacao-cacb260144\" target=\"_blank\">Deputado de Minas Gerais defende reajuste do Simples para preservar formaliza\u00e7\u00e3o<\/a><\/li>\n<li><a href=\"https:\/\/brasil61.com\/n\/confianca-no-comercio-cai-pelo-segundo-mes-seguido-em-marco-segundo-fgv-ibre-bras2616153\" target=\"_blank\">Confian\u00e7a no com\u00e9rcio cai pelo segundo m\u00eas seguido em mar\u00e7o, segundo FGV IBRE<\/a><\/li>\n<\/ul>\n<p>\t\t\t\t\t\t\t\t\t<img loading=\"lazy\" decoding=\"async\" src=\"https:\/\/brasil61.com\/api\/v1\/serve_pixel\/17677\/88645\" alt=\"Pixel Brasil 61\" class=\"b61_pixel\" width=\"0\" height=\"0\"><\/p>\n<input type=\"hidden\" id=\"baseurl\" value=\"https:\/\/noticiasdestaque.com.br\"><input type=\"hidden\" id=\"audio_nonce\" value=\"62ca87eee3\">","protected":false},"excerpt":{"rendered":"<p>Nova gest\u00e3o pretende ampliar integra\u00e7\u00e3o entre entidades e defende participa\u00e7\u00e3o ativa do setor produtivo nas decis\u00f5es pol\u00edticas<\/p>\n","protected":false},"author":1,"featured_media":51203,"comment_status":"open","ping_status":"open","sticky":false,"template":"","format":"standard","meta":{"fifu_image_url":"","fifu_image_alt":"","footnotes":""},"categories":[48],"tags":[],"class_list":["post-51161","post","type-post","status-publish","format-standard","has-post-thumbnail","hentry","category-mundo"],"distributor_meta":false,"distributor_terms":false,"distributor_media":false,"distributor_original_site_name":"Noticias em Destaque","distributor_original_site_url":"https:\/\/noticiasdestaque.com.br","push-errors":false,"_links":{"self":[{"href":"https:\/\/noticiasdestaque.com.br\/index.php\/wp-json\/wp\/v2\/posts\/51161","targetHints":{"allow":["GET"]}}],"collection":[{"href":"https:\/\/noticiasdestaque.com.br\/index.php\/wp-json\/wp\/v2\/posts"}],"about":[{"href":"https:\/\/noticiasdestaque.com.br\/index.php\/wp-json\/wp\/v2\/types\/post"}],"author":[{"embeddable":true,"href":"https:\/\/noticiasdestaque.com.br\/index.php\/wp-json\/wp\/v2\/users\/1"}],"replies":[{"embeddable":true,"href":"https:\/\/noticiasdestaque.com.br\/index.php\/wp-json\/wp\/v2\/comments?post=51161"}],"version-history":[{"count":1,"href":"https:\/\/noticiasdestaque.com.br\/index.php\/wp-json\/wp\/v2\/posts\/51161\/revisions"}],"predecessor-version":[{"id":51202,"href":"https:\/\/noticiasdestaque.com.br\/index.php\/wp-json\/wp\/v2\/posts\/51161\/revisions\/51202"}],"wp:featuredmedia":[{"embeddable":true,"href":"https:\/\/noticiasdestaque.com.br\/index.php\/wp-json\/wp\/v2\/media\/51203"}],"wp:attachment":[{"href":"https:\/\/noticiasdestaque.com.br\/index.php\/wp-json\/wp\/v2\/media?parent=51161"}],"wp:term":[{"taxonomy":"category","embeddable":true,"href":"https:\/\/noticiasdestaque.com.br\/index.php\/wp-json\/wp\/v2\/categories?post=51161"},{"taxonomy":"post_tag","embeddable":true,"href":"https:\/\/noticiasdestaque.com.br\/index.php\/wp-json\/wp\/v2\/tags?post=51161"}],"curies":[{"name":"wp","href":"https:\/\/api.w.org\/{rel}","templated":true}]}}