{"id":51153,"date":"2026-03-31T04:45:00","date_gmt":"2026-03-31T07:45:00","guid":{"rendered":"https:\/\/noticiasdestaque.com.br\/index.php\/2026\/03\/31\/alivio-no-imposto-de-renda-acende-alerta-entre-entidades-municipais-sobre-queda-de-receitas-2\/"},"modified":"2026-03-31T04:45:00","modified_gmt":"2026-03-31T07:45:00","slug":"alivio-no-imposto-de-renda-acende-alerta-entre-entidades-municipais-sobre-queda-de-receitas-2","status":"publish","type":"post","link":"https:\/\/noticiasdestaque.com.br\/index.php\/2026\/03\/31\/alivio-no-imposto-de-renda-acende-alerta-entre-entidades-municipais-sobre-queda-de-receitas-2\/","title":{"rendered":"Al\u00edvio no Imposto de Renda acende alerta entre entidades municipais sobre queda de receitas"},"content":{"rendered":"<p>\t\t\t\t\t\t\t\t\t\t\t<audio controls class=\"b61_audio_player\" data-noticia=\"88628\" src=\"https:\/\/brasil61.com\/rails\/active_storage\/blobs\/eyJfcmFpbHMiOnsibWVzc2FnZSI6IkJBaHBBeklOQkE9PSIsImV4cCI6bnVsbCwicHVyIjoiYmxvYl9pZCJ9fQ==--49eac655cc4ddd96685f14bcd1ab9a5246a552b0\/BRAS2616155A\"><\/audio><\/p>\n<p><strong>O per\u00edodo para declara\u00e7\u00e3o do Imposto de Renda j\u00e1 est\u00e1 em vigor e segue at\u00e9 o dia 29 de maio. Este ano, a principal novidade est\u00e1 relacionada \u00e0 faixa de isen\u00e7\u00e3o, que beneficia quem ganha at\u00e9 R$ 5 mil por m\u00eas com isen\u00e7\u00e3o total, al\u00e9m daqueles que recebem at\u00e9 R$ 7.350, com redu\u00e7\u00e3o gradual do imposto.<\/strong><\/p>\n<p>No entanto, entidades ligadas aos munic\u00edpios brasileiros demonstram preocupa\u00e7\u00e3o com a possibilidade de perda de receita, j\u00e1 que uma parcela significativa da arrecada\u00e7\u00e3o das prefeituras est\u00e1 atrelada ao Imposto de Renda dos servidores e ao Fundo de Participa\u00e7\u00e3o dos Munic\u00edpios (FPM), que tamb\u00e9m \u00e9 composto, em parte, por esse tributo.<\/p>\n<p><strong>Segundo a economista da Associa\u00e7\u00e3o Mineira de Munic\u00edpios <a href=\"https:\/\/portalamm.com\/\" target=\"_blank\">(AMM)<\/a>, Ang\u00e9lica Ferreti, caso os munic\u00edpios registrem perda de receita, algumas medidas poder\u00e3o impactar diretamente a popula\u00e7\u00e3o.<\/strong><\/p>\n<p>\u201cUma das principais estrat\u00e9gias que os munic\u00edpios adotam \u00e9 a conten\u00e7\u00e3o de despesas, especialmente as de custeio da m\u00e1quina p\u00fablica, revis\u00e3o de contratos, posterga\u00e7\u00e3o de investimentos n\u00e3o essenciais, al\u00e9m da tentativa de aumentar a arrecada\u00e7\u00e3o pr\u00f3pria, com a intensifica\u00e7\u00e3o da cobran\u00e7a de d\u00edvida ativa, IPTU e ISS, que s\u00e3o receitas que o munic\u00edpio pode melhorar na sua gest\u00e3o\u201d, explica.<\/p>\n<p>Na avalia\u00e7\u00e3o dela, esse cen\u00e1rio de incerteza gera preocupa\u00e7\u00e3o quanto \u00e0 sustentabilidade fiscal e \u00e0 manuten\u00e7\u00e3o de servi\u00e7os p\u00fablicos, especialmente nas cidades menores. \u201c\u00c9 uma discuss\u00e3o que tamb\u00e9m levanta questionamentos sobre o equil\u00edbrio fiscal do Pacto Federativo e a efetividade das medidas compensat\u00f3rias anunciadas pelo governo\u201d, pontua.<\/p>\n<p>\u201cO FPM \u00e9 uma transfer\u00eancia sazonal, ent\u00e3o h\u00e1 impactos em alguns meses do ano. O munic\u00edpio j\u00e1 sofre com isso e ainda enfrenta essa implica\u00e7\u00e3o da amplia\u00e7\u00e3o da faixa de isen\u00e7\u00e3o do Imposto de Renda. Minas Gerais participa do bolo da distribui\u00e7\u00e3o do Fundo de Participa\u00e7\u00e3o com 14,1% e, considerando um impacto de R$ 4,6 bilh\u00f5es, a perda ser\u00e1 de aproximadamente R$ 652 milh\u00f5es somente para os munic\u00edpios mineiros\u201d, complementa.<\/p>\n<h2>Proposta de compensa\u00e7\u00e3o<\/h2>\n<p><strong>De acordo com o governo federal, com o objetivo de reduzir a queda na arrecada\u00e7\u00e3o, foi restabelecida, em 2026, a cobran\u00e7a de imposto sobre a distribui\u00e7\u00e3o de lucros e dividendos. <\/strong>Para pessoas f\u00edsicas residentes no Brasil, incide uma al\u00edquota de 10% sobre os valores que excederem R$ 50 mil por m\u00eas \u2014 ou R$ 600 mil por ano \u2014 recebidos de cada empresa.<\/p>\n<p><strong>Apesar dessa medida, n\u00e3o h\u00e1 garantia de que ela ser\u00e1 suficiente para compensar integralmente as perdas de receita dos munic\u00edpios. Diante disso, o presidente da Associa\u00e7\u00e3o dos Munic\u00edpios e Prefeitos do Estado do Cear\u00e1 <a href=\"https:\/\/aprece.org.br\/\" target=\"_blank\">(Aprece)<\/a>, Joacy Alves J\u00fanior, afirma que a entidade acompanha essa movimenta\u00e7\u00e3o com cautela.<\/strong><\/p>\n<p>Para ele, embora os munic\u00edpios do estado estejam preparados para buscar alternativas de aumento de arrecada\u00e7\u00e3o, as possibilidades s\u00e3o limitadas.<\/p>\n<p>\u201c\u00c9 ineg\u00e1vel que a redu\u00e7\u00e3o de receitas pode pressionar os or\u00e7amentos locais e comprometer, a m\u00e9dio prazo, a capacidade de investimento e manuten\u00e7\u00e3o de servi\u00e7os essenciais, como sa\u00fade, educa\u00e7\u00e3o e infraestrutura. Os munic\u00edpios de menor porte tendem a ser os mais afetados, uma vez que possuem baixa capacidade de arrecada\u00e7\u00e3o pr\u00f3pria e dependem fortemente do FPM para custear suas despesas correntes\u201d, considera.<\/p>\n<p>\u201cMedidas de car\u00e1ter nacional, ainda que importantes do ponto de vista social, precisam vir acompanhadas de mecanismos eficazes de compensa\u00e7\u00e3o para os entes subnacionais. Caso contr\u00e1rio, h\u00e1 o risco de transfer\u00eancia indireta de responsabilidades financeiras para os munic\u00edpios, que j\u00e1 operam sob forte restri\u00e7\u00e3o or\u00e7ament\u00e1ria\u201d, enfatiza Alves J\u00fanior.<\/p>\n<p><strong>VEJA MAIS:<\/strong><\/p>\n<ul>\n<li><a href=\"https:\/\/brasil61.com\/n\/senado-aprova-regras-para-desmembramento-de-municipios-entenda-o-caso-de-aracaju-e-sao-cristovao-bras2616126\" target=\"_blank\">Senado aprova regras para desmembramento de munic\u00edpios; entenda o caso de Aracaju e S\u00e3o Crist\u00f3v\u00e3o<\/a><\/li>\n<li><a href=\"https:\/\/brasil61.com\/n\/pesquisa-da-ufms-desenvolve-metodo-mais-eficiente-e-menos-agressivo-de-quimioterapia-para-tratamentos-oncologicos-bras2616130\" target=\"_blank\">Pesquisa da UFMS desenvolve m\u00e9todo mais eficiente e menos agressivo de quimioterapia para tratamentos oncol\u00f3gicos<\/a><\/li>\n<\/ul>\n<p><strong>A Federa\u00e7\u00e3o Goiana de Munic\u00edpios (FGM) tamb\u00e9m manifestou apreens\u00e3o. Segundo a entidade, caso n\u00e3o haja uma compensa\u00e7\u00e3o eficaz, <a href=\"https:\/\/www.fgm-go.org.br\/Imprensa\/Noticias\/Isencao-do-ir-ate-r-5-mil-pode-causar-perdas-bilionarias-aos-municipios-alerta-cnm-e-fgm-566\/#:~:text=Isen%C3%A7%C3%A3o%20do%20IR%20at%C3%A9%20R,FGM%20%2D%20Federa%C3%A7%C3%A3o%20Goiana%20de%20Munic%C3%ADpios\" target=\"_blank\">somente em Goi\u00e1s as perdas anuais podem atingir cerca de R$ 387,7 milh\u00f5es<\/a> \u2014 sendo R$ 153,5 milh\u00f5es relativos \u00e0 arrecada\u00e7\u00e3o pr\u00f3pria e R$ 234,2 milh\u00f5es provenientes da diminui\u00e7\u00e3o dos repasses do FPM.<\/strong><\/p>\n<p>\u201cA medida, embora traga al\u00edvio para milh\u00f5es de trabalhadores, deve gerar impactos expressivos nas finan\u00e7as locais, reduzindo significativamente as receitas municipais. Esse impacto tende a agravar o cen\u00e1rio fiscal dos munic\u00edpios, que j\u00e1 enfrentam limita\u00e7\u00f5es or\u00e7ament\u00e1rias para manter servi\u00e7os b\u00e1sicos. Sem compensa\u00e7\u00f5es adequadas, os efeitos da ren\u00fancia fiscal poder\u00e3o comprometer pol\u00edticas p\u00fablicas essenciais\u201d, afirma a FGM.<\/p>\n<h2>Impacto na arrecada\u00e7\u00e3o municipal e nos repasses do FPM<\/h2>\n<p><strong>Um estudo publicado pela Confedera\u00e7\u00e3o Nacional de Munic\u00edpios <a href=\"https:\/\/cnm.org.br\/\" target=\"_blank\">(CNM)<\/a> aponta que, caso essa compensa\u00e7\u00e3o n\u00e3o seja realizada, a medida poder\u00e1 retirar ao menos R$ 9,5 bilh\u00f5es por ano dos cofres municipais.<\/strong><\/p>\n<p>Do total estimado de perdas, cerca de R$ 5 bilh\u00f5es referem-se \u00e0 redu\u00e7\u00e3o da arrecada\u00e7\u00e3o pr\u00f3pria do Imposto de Renda, enquanto aproximadamente R$ 4,5 bilh\u00f5es dizem respeito \u00e0 diminui\u00e7\u00e3o dos recursos do Fundo de Participa\u00e7\u00e3o dos Munic\u00edpios (FPM).<br \/>\n\u00a0<\/p>\n<p>\t\t\t\t\t\t\t\t\t\t<img loading=\"lazy\" decoding=\"async\" src=\"https:\/\/brasil61.com\/api\/v1\/serve_pixel\/17677\/88628\" alt=\"Pixel Brasil 61\" class=\"b61_pixel\" width=\"0\" height=\"0\"><\/p>\n<input type=\"hidden\" id=\"baseurl\" value=\"https:\/\/noticiasdestaque.com.br\"><input type=\"hidden\" id=\"audio_nonce\" value=\"9fd43fe80e\">","protected":false},"excerpt":{"rendered":"<p>Mudan\u00e7as acarretam impacto bilion\u00e1rio nos cofres municipais; medida proposta pelo governo tenta reverter esse cen\u00e1rio, mas sem garantias expressas <\/p>\n","protected":false},"author":1,"featured_media":51154,"comment_status":"open","ping_status":"open","sticky":false,"template":"","format":"standard","meta":{"fifu_image_url":"","fifu_image_alt":"","footnotes":""},"categories":[59],"tags":[],"class_list":["post-51153","post","type-post","status-publish","format-standard","has-post-thumbnail","hentry","category-economia"],"distributor_meta":false,"distributor_terms":false,"distributor_media":false,"distributor_original_site_name":"Noticias em Destaque","distributor_original_site_url":"https:\/\/noticiasdestaque.com.br","push-errors":false,"_links":{"self":[{"href":"https:\/\/noticiasdestaque.com.br\/index.php\/wp-json\/wp\/v2\/posts\/51153","targetHints":{"allow":["GET"]}}],"collection":[{"href":"https:\/\/noticiasdestaque.com.br\/index.php\/wp-json\/wp\/v2\/posts"}],"about":[{"href":"https:\/\/noticiasdestaque.com.br\/index.php\/wp-json\/wp\/v2\/types\/post"}],"author":[{"embeddable":true,"href":"https:\/\/noticiasdestaque.com.br\/index.php\/wp-json\/wp\/v2\/users\/1"}],"replies":[{"embeddable":true,"href":"https:\/\/noticiasdestaque.com.br\/index.php\/wp-json\/wp\/v2\/comments?post=51153"}],"version-history":[{"count":0,"href":"https:\/\/noticiasdestaque.com.br\/index.php\/wp-json\/wp\/v2\/posts\/51153\/revisions"}],"wp:featuredmedia":[{"embeddable":true,"href":"https:\/\/noticiasdestaque.com.br\/index.php\/wp-json\/wp\/v2\/media\/51154"}],"wp:attachment":[{"href":"https:\/\/noticiasdestaque.com.br\/index.php\/wp-json\/wp\/v2\/media?parent=51153"}],"wp:term":[{"taxonomy":"category","embeddable":true,"href":"https:\/\/noticiasdestaque.com.br\/index.php\/wp-json\/wp\/v2\/categories?post=51153"},{"taxonomy":"post_tag","embeddable":true,"href":"https:\/\/noticiasdestaque.com.br\/index.php\/wp-json\/wp\/v2\/tags?post=51153"}],"curies":[{"name":"wp","href":"https:\/\/api.w.org\/{rel}","templated":true}]}}