{"id":5115,"date":"2023-02-15T02:55:32","date_gmt":"2023-02-15T05:55:32","guid":{"rendered":"https:\/\/noticiasdestaque.com.br\/index.php\/2023\/02\/15\/garimpo-ameaca-indigenas-isolados-em-area-yanomami\/"},"modified":"2023-02-15T02:55:32","modified_gmt":"2023-02-15T05:55:32","slug":"garimpo-ameaca-indigenas-isolados-em-area-yanomami","status":"publish","type":"post","link":"https:\/\/noticiasdestaque.com.br\/index.php\/2023\/02\/15\/garimpo-ameaca-indigenas-isolados-em-area-yanomami\/","title":{"rendered":"Garimpo amea\u00e7a ind\u00edgenas isolados em \u00e1rea Yanomami"},"content":{"rendered":"<style> bloco.meta {font-style: italic; color: #666;font-weight: 600;font-size: .8em; \/* line-height: .3em; *\/}  text h2 { font-weight: 700 !important;  color: #062f46 !important;} text img { width: none; left: none;}<\/style>\n<\/p>\n<p>Um grupo de ind\u00edgenas isolados, dentro do Territ\u00f3rio Yanomami, em Roraima, est\u00e1 a apenas 15 quil\u00f4metros de um ponto de garimpo ilegal. Imagens captadas durante um sobrevoo, nesta sexta-feira (10), comprovam a exist\u00eancia da comunidade e registram, inclusive, malocas e planta\u00e7\u00f5es de alimentos no entorno.<\/p>\n<p>O monitoramento faz parte de uma a\u00e7\u00e3o coordenada que envolveu os minist\u00e9rios dos Povos Ind\u00edgenas e do Meio Ambiente, a Funda\u00e7\u00e3o Nacional dos Povos Ind\u00edgenas (Funai), o Instituto Brasileiro do Meio Ambiente e dos Recursos Naturais Renov\u00e1veis (Ibama), a For\u00e7a Nacional e Pol\u00edcia Federal.<\/p>\n<p>De acordo com a Funai, tratam-se de ind\u00edgenas do povo Moxihat\u00ebt\u00eba. Eles ainda n\u00e3o foram contatados, mas s\u00e3o monitorados pela funda\u00e7\u00e3o desde 2010. Os povos isolados s\u00e3o comunidades que, por decis\u00e3o pr\u00f3pria ou por determinadas circunst\u00e2ncias, vivem em isolamento total ou sem contato significativo com a sociedade em geral.<\/p>\n<p>Pelo menos desde 2017, o Minist\u00e9rio P\u00fablico Federal (MPF) vem alertando sobre a amea\u00e7a de genoc\u00eddio dos povos yanomami isolados Moxihat\u00ebt\u00eba. Em 2021, h\u00e1 relatos de que dois ind\u00edgenas da comunidade foram mortos a tiros por garimpeiros.<\/p>\n<p>Al\u00e9m dos Moxihat\u00ebt\u00eba, a Funai estima que haja pelo menos outras duas comunidades de ind\u00edgenas isolados no territ\u00f3rio Yanomami, mas ainda n\u00e3o h\u00e1 comprova\u00e7\u00e3o oficial. O temor dos especialistas \u00e9 que o contato for\u00e7ado dessas comunidades isoladas com n\u00e3o ind\u00edgenas provoque a dizima\u00e7\u00e3o desses povos, seja por conflitos diretos ou propaga\u00e7\u00e3o de doen\u00e7as. <\/p>\n<p>Afetados pela presen\u00e7a do garimpo ilegal em suas terras h\u00e1 anos, os ind\u00edgenas yanomami t\u00eam sofrido com casos de desnutri\u00e7\u00e3o, doen\u00e7as como mal\u00e1ria e pneumonia, al\u00e9m de viol\u00eancia, incluindo epis\u00f3dios de agress\u00f5es e assassinatos. A situa\u00e7\u00e3o se agravou nos \u00faltimos quatro anos.<\/p>\n<p>A repercuss\u00e3o internacional das imagens de crian\u00e7as e adultos desnutridos e de unidades de sa\u00fade lotadas de pessoas com mal\u00e1ria e outras doen\u00e7as mobilizou o governo federal a implementar medidas emergenciais para socorrer os yanomami. As a\u00e7\u00f5es incluem a elabora\u00e7\u00e3o de <a href=\"https:\/\/agenciabrasil.ebc.com.br\/saude\/noticia\/2023-02\/ministerio-da-saude-aponta-falhas-no-atendimento-aos-yanomami\" target=\"_blank\" rel=\"noopener\">relat\u00f3rios de diagn\u00f3stico<\/a>, envio de equipes m\u00e9dicas, de insumos e alimentos, bem como a <a href=\"https:\/\/agenciabrasil.ebc.com.br\/geral\/noticia\/2023-02\/pf-comeca-destruir-maquinario-de-garimpeiros-na-ti-yanomami\" target=\"_blank\" rel=\"noopener\">repress\u00e3o direta aos garimpeiros<\/a> e seus financiadores.<\/p>\n<p><em>Mat\u00e9ria atualizada \u00e0s 11h13 para ajuste de informa\u00e7\u00e3o<\/em><\/p>\n<p class=\"alt-font font-italic my-2 small text-info\">\n                                                Edi\u00e7\u00e3o:   L\u00edlian Beraldo                    <\/p>\n<p>            <!-- blog End --><\/p>\n<p>            <!-- tag and share --><\/p>\n<p> Fonte: EBC <\/p>\n<\/div>\n<\/div>\n<input type=\"hidden\" id=\"baseurl\" value=\"https:\/\/noticiasdestaque.com.br\"><input type=\"hidden\" id=\"audio_nonce\" value=\"eb7638fb71\">","protected":false},"excerpt":{"rendered":"<p>Comunidade est\u00e1 a apenas 15 quil\u00f4metros de um ponto de garimpo ilegal<\/p>\n","protected":false},"author":1,"featured_media":5116,"comment_status":"open","ping_status":"open","sticky":false,"template":"","format":"standard","meta":{"fifu_image_url":"","fifu_image_alt":"","footnotes":""},"categories":[48],"tags":[],"class_list":["post-5115","post","type-post","status-publish","format-standard","has-post-thumbnail","hentry","category-mundo"],"distributor_meta":false,"distributor_terms":false,"distributor_media":false,"distributor_original_site_name":"Portal de Recupera\u00e7\u00e3o","distributor_original_site_url":"https:\/\/portalderecuperacao.com","push-errors":false,"_links":{"self":[{"href":"https:\/\/noticiasdestaque.com.br\/index.php\/wp-json\/wp\/v2\/posts\/5115","targetHints":{"allow":["GET"]}}],"collection":[{"href":"https:\/\/noticiasdestaque.com.br\/index.php\/wp-json\/wp\/v2\/posts"}],"about":[{"href":"https:\/\/noticiasdestaque.com.br\/index.php\/wp-json\/wp\/v2\/types\/post"}],"author":[{"embeddable":true,"href":"https:\/\/noticiasdestaque.com.br\/index.php\/wp-json\/wp\/v2\/users\/1"}],"replies":[{"embeddable":true,"href":"https:\/\/noticiasdestaque.com.br\/index.php\/wp-json\/wp\/v2\/comments?post=5115"}],"version-history":[{"count":0,"href":"https:\/\/noticiasdestaque.com.br\/index.php\/wp-json\/wp\/v2\/posts\/5115\/revisions"}],"wp:featuredmedia":[{"embeddable":true,"href":"https:\/\/noticiasdestaque.com.br\/index.php\/wp-json\/wp\/v2\/media\/5116"}],"wp:attachment":[{"href":"https:\/\/noticiasdestaque.com.br\/index.php\/wp-json\/wp\/v2\/media?parent=5115"}],"wp:term":[{"taxonomy":"category","embeddable":true,"href":"https:\/\/noticiasdestaque.com.br\/index.php\/wp-json\/wp\/v2\/categories?post=5115"},{"taxonomy":"post_tag","embeddable":true,"href":"https:\/\/noticiasdestaque.com.br\/index.php\/wp-json\/wp\/v2\/tags?post=5115"}],"curies":[{"name":"wp","href":"https:\/\/api.w.org\/{rel}","templated":true}]}}