{"id":51149,"date":"2026-03-31T04:30:00","date_gmt":"2026-03-31T07:30:00","guid":{"rendered":"https:\/\/noticiasdestaque.com.br\/index.php\/2026\/03\/31\/nova-lei-do-trabalho-rural-avanca-na-comissao-de-agricultura-do-senado\/"},"modified":"2026-03-31T04:30:00","modified_gmt":"2026-03-31T07:30:00","slug":"nova-lei-do-trabalho-rural-avanca-na-comissao-de-agricultura-do-senado","status":"publish","type":"post","link":"https:\/\/noticiasdestaque.com.br\/index.php\/2026\/03\/31\/nova-lei-do-trabalho-rural-avanca-na-comissao-de-agricultura-do-senado\/","title":{"rendered":"Nova Lei do Trabalho Rural avan\u00e7a na Comiss\u00e3o de Agricultura do Senado"},"content":{"rendered":"<p>\t\t\t\t\t\t\t\t\t\t\t<audio controls class=\"b61_audio_player\" data-noticia=\"88624\" src=\"https:\/\/brasil61.com\/rails\/active_storage\/blobs\/eyJfcmFpbHMiOnsibWVzc2FnZSI6IkJBaHBBek1OQkE9PSIsImV4cCI6bnVsbCwicHVyIjoiYmxvYl9pZCJ9fQ==--2072790621b6ed6cdab1752c8fc96d6fb43261e5\/BRAS2616152A\"><\/audio><\/p>\n<p>A <a href=\"https:\/\/legis.senado.leg.br\/atividade\/comissoes\/comissao\/1307\">Comiss\u00e3o de Agricultura e Reforma Agr\u00e1ria (CRA)<\/a> do <a href=\"https:\/\/brasil61.com\/noticias\/tag\/senado\">Senado<\/a> aprovou, na \u00faltima quarta-feira (25), o relat\u00f3rio do senador <a href=\"https:\/\/www25.senado.leg.br\/web\/senadores\/senador\/-\/perfil\/3806\">Zequinha Marinho (Podemos-PA)<\/a> ao <a href=\"https:\/\/www25.senado.leg.br\/web\/atividade\/materias\/-\/materia\/170661#:~:text=Projeto%20de%20Lei%20n%C2%B0%204812%2C%20de%202025&amp;text=O%20projeto%20cria%20uma%20nova,agropecu%C3%A1rias%20em%20todo%20o%20pa%C3%ADs.\">Projeto de Lei 4.812\/2025<\/a>, que estabelece um novo marco legal para o trabalho rural no pa\u00eds.<\/p>\n<p>A proposta, entre outros pontos, revoga a legisla\u00e7\u00e3o vigente desde 1973 e consolida, em um \u00fanico texto, normas sobre as rela\u00e7\u00f5es de trabalho no campo. O projeto tem 221 artigos e trata de temas como contratos, jornada, sa\u00fade e seguran\u00e7a, negocia\u00e7\u00e3o coletiva e fiscaliza\u00e7\u00e3o.<\/p>\n<p>O texto, de autoria da senadora <a href=\"https:\/\/www25.senado.leg.br\/web\/senadores\/senador\/-\/perfil\/6304\">Margareth Buzetti (PP-MT)<\/a>, tamb\u00e9m cria a Pol\u00edtica Nacional de Qualifica\u00e7\u00e3o, Tecnologia, Inova\u00e7\u00e3o e Sustentabilidade no Trabalho Rural, com previs\u00e3o de a\u00e7\u00f5es de capacita\u00e7\u00e3o e incentivo \u00e0 ado\u00e7\u00e3o de tecnologias no setor.<\/p>\n<p>Para Zequinha, o parecer aperfei\u00e7oa a proposta para garantir sua aplica\u00e7\u00e3o pr\u00e1tica no campo. Entre as mudan\u00e7as, o relat\u00f3rio retira ou modifica dispositivos considerados de dif\u00edcil execu\u00e7\u00e3o no campo, como regras sobre teletrabalho, \u00a0indeniza\u00e7\u00e3o ao fim de contratos de safra &#8211; por consider\u00e1-la incompat\u00edvel com a natureza tempor\u00e1ria desse tipo de v\u00ednculo &#8211; e exig\u00eancias administrativas em ambientes com limita\u00e7\u00f5es log\u00edsticas.<\/p>\n<p>O projeto prev\u00ea ainda a cria\u00e7\u00e3o de instrumentos como um programa de gerenciamento de riscos no trabalho rural e comiss\u00f5es internas de preven\u00e7\u00e3o de acidentes e ass\u00e9dio, al\u00e9m de regulamentar modalidades de contrata\u00e7\u00e3o, como trabalho intermitente, tempor\u00e1rio e por safra.<\/p>\n<p>A proposta segue agora para as comiss\u00f5es <a href=\"https:\/\/legis.senado.leg.br\/comissoes\/comissao?codcol=40\">de Assuntos Sociais (CAS)<\/a> e <a href=\"http:\/\/legis.senado.leg.br\/atividade\/comissoes\/comissao\/59\">de Servi\u00e7os de Infraestrutura (CI)<\/a> da Casa. Por ter car\u00e1ter terminativo, se aprovada, poder\u00e1 ser encaminhada diretamente \u00e0 <a href=\"https:\/\/brasil61.com\/noticias\/tag\/camara-dos-deputados\">C\u00e2mara dos Deputados<\/a>, sem necessidade de an\u00e1lise pelo plen\u00e1rio do Senado.<\/p>\n<p>\t\t\t\t\t\t\t\t\t\t<img loading=\"lazy\" decoding=\"async\" src=\"https:\/\/brasil61.com\/api\/v1\/serve_pixel\/17677\/88624\" alt=\"Pixel Brasil 61\" class=\"b61_pixel\" width=\"0\" height=\"0\"><\/p>\n<input type=\"hidden\" id=\"baseurl\" value=\"https:\/\/noticiasdestaque.com.br\"><input type=\"hidden\" id=\"audio_nonce\" value=\"9fd43fe80e\">","protected":false},"excerpt":{"rendered":"<p>Colegiado aprova Relat\u00f3rio do PL 4.812\/2025 para adaptar o tecnologias no campo<\/p>\n","protected":false},"author":1,"featured_media":51150,"comment_status":"open","ping_status":"open","sticky":false,"template":"","format":"standard","meta":{"fifu_image_url":"","fifu_image_alt":"","footnotes":""},"categories":[50],"tags":[],"class_list":["post-51149","post","type-post","status-publish","format-standard","has-post-thumbnail","hentry","category-politica"],"distributor_meta":false,"distributor_terms":false,"distributor_media":false,"distributor_original_site_name":"Noticias em Destaque","distributor_original_site_url":"https:\/\/noticiasdestaque.com.br","push-errors":false,"_links":{"self":[{"href":"https:\/\/noticiasdestaque.com.br\/index.php\/wp-json\/wp\/v2\/posts\/51149","targetHints":{"allow":["GET"]}}],"collection":[{"href":"https:\/\/noticiasdestaque.com.br\/index.php\/wp-json\/wp\/v2\/posts"}],"about":[{"href":"https:\/\/noticiasdestaque.com.br\/index.php\/wp-json\/wp\/v2\/types\/post"}],"author":[{"embeddable":true,"href":"https:\/\/noticiasdestaque.com.br\/index.php\/wp-json\/wp\/v2\/users\/1"}],"replies":[{"embeddable":true,"href":"https:\/\/noticiasdestaque.com.br\/index.php\/wp-json\/wp\/v2\/comments?post=51149"}],"version-history":[{"count":0,"href":"https:\/\/noticiasdestaque.com.br\/index.php\/wp-json\/wp\/v2\/posts\/51149\/revisions"}],"wp:featuredmedia":[{"embeddable":true,"href":"https:\/\/noticiasdestaque.com.br\/index.php\/wp-json\/wp\/v2\/media\/51150"}],"wp:attachment":[{"href":"https:\/\/noticiasdestaque.com.br\/index.php\/wp-json\/wp\/v2\/media?parent=51149"}],"wp:term":[{"taxonomy":"category","embeddable":true,"href":"https:\/\/noticiasdestaque.com.br\/index.php\/wp-json\/wp\/v2\/categories?post=51149"},{"taxonomy":"post_tag","embeddable":true,"href":"https:\/\/noticiasdestaque.com.br\/index.php\/wp-json\/wp\/v2\/tags?post=51149"}],"curies":[{"name":"wp","href":"https:\/\/api.w.org\/{rel}","templated":true}]}}