{"id":51147,"date":"2026-03-31T04:40:00","date_gmt":"2026-03-31T07:40:00","guid":{"rendered":"https:\/\/noticiasdestaque.com.br\/index.php\/2026\/03\/31\/confianca-no-comercio-cai-pelo-segundo-mes-seguido-em-marco-segundo-fgv-ibre\/"},"modified":"2026-03-31T04:40:00","modified_gmt":"2026-03-31T07:40:00","slug":"confianca-no-comercio-cai-pelo-segundo-mes-seguido-em-marco-segundo-fgv-ibre","status":"publish","type":"post","link":"https:\/\/noticiasdestaque.com.br\/index.php\/2026\/03\/31\/confianca-no-comercio-cai-pelo-segundo-mes-seguido-em-marco-segundo-fgv-ibre\/","title":{"rendered":"Confian\u00e7a no com\u00e9rcio cai pelo segundo m\u00eas seguido em mar\u00e7o, segundo FGV IBRE"},"content":{"rendered":"<p>\t\t\t\t\t\t\t\t\t\t\t<audio controls class=\"b61_audio_player\" data-noticia=\"88626\" src=\"https:\/\/brasil61.com\/rails\/active_storage\/blobs\/eyJfcmFpbHMiOnsibWVzc2FnZSI6IkJBaHBBeXdOQkE9PSIsImV4cCI6bnVsbCwicHVyIjoiYmxvYl9pZCJ9fQ==--079b197c6a6db647b7dffcd0ec5f8f0d02f673e8\/BRAS2616153A\"><\/audio><\/p>\n<p>Divulgado nesta segunda-feira (30) pela Funda\u00e7\u00e3o Get\u00falio Vargas (FGV), o<strong> \u00cdndice de Confian\u00e7a do Com\u00e9rcio (ICOM)<\/strong> do FGV IBRE <strong>caiu 2,7 pontos em mar\u00e7o<\/strong>, <strong>alcan\u00e7ando 84,6 pontos, recuando pelo segundo m\u00eas consecutivo<\/strong>. Em m\u00e9dias m\u00f3veis trimestrais, o <strong>recuo foi de 1,3 ponto, para 87,7 pontos<\/strong>.<\/p>\n<p>A pesquisa mostrou que houve<strong> queda da confian\u00e7a em cinco dos seis principais segmentos do setor analisados, influenciada, principalmente, pelas expectativas para os pr\u00f3ximos meses<\/strong>.\u00a0<\/p>\n<p>No <strong>menor resultado desde setembro de 2025<\/strong>, quando foi de 82,6 pontos, o<strong> \u00cdndice de Expectativas (IE-COM) recuou 4,4 pontos, atingindo o patamar de 85,1<\/strong>. Dentre os <strong>quesitos que comp\u00f5em o \u00edndice<\/strong>, os resultados seguiram o mesmo sentido. O resultado do <strong>indicador que mede as perspectivas de vendas nos pr\u00f3ximos tr\u00eas meses mostrou queda de 2,9 pontos, para 89,2 pontos, enquanto o que avalia as expectativas sobre a tend\u00eancia dos neg\u00f3cios nos pr\u00f3ximos seis meses recuou em 5,7 pontos, para 81,6 \u2014 terceira queda consecutiva e o menor n\u00edvel desde mar\u00e7o de 2021, quando foi de 72,4 pontos<\/strong>.<\/p>\n<p>J\u00e1 o<strong> \u00cdndice de Situa\u00e7\u00e3o Atual (ISA-COM) tamb\u00e9m mostrou recuo de 0,8 ponto em mar\u00e7o, para 84,8 pontos, o menor n\u00edvel desde abril de 2021<\/strong>. O indicador que mede a <strong>avalia\u00e7\u00e3o sobre a situa\u00e7\u00e3o atual dos neg\u00f3cios atingiu 86,3 pontos ao subir 0,1, enquanto o que avalia o volume de demanda atual caiu 1,8 ponto, para 83,6 pontos<\/strong> \u2014 menor patamar desde junho de 2020, quando foi de 77,7 pontos.<\/p>\n<p>Segundo a economista do FGV IBRE Ge\u00f3rgia Veloso, a <strong>confian\u00e7a do com\u00e9rcio em mar\u00e7o recuou pelo segundo m\u00eas consecutivo, devido, principalmente, \u00e0 deteriora\u00e7\u00e3o das expectativas puxadas pela piora nas perspectivas sobre a tend\u00eancia dos neg\u00f3cios, que passaram a indicar pessimismo para os pr\u00f3ximos meses<\/strong>. \u201cAo mesmo tempo, as avalia\u00e7\u00f5es sobre a demanda atual tamb\u00e9m se enfraqueceram, atingindo patamar pr\u00f3ximo ao observado em 2020, refor\u00e7ando o quadro de press\u00e3o sobre a confian\u00e7a\u201d, comentou.<\/p>\n<p>A economista explicou que o<strong> cen\u00e1rio de pol\u00edtica monet\u00e1ria ainda restritiva no curto prazo e de elevado endividamento das fam\u00edlias fizeram com que o varejo encerrasse o primeiro trimestre de 2026 em um ambiente ainda desafiador<\/strong>. Ela refor\u00e7a que, mesmo com a resili\u00eancia do mercado de trabalho, a <strong>renda tem sido insuficiente para aquecer a demanda no setor<\/strong>.<\/p>\n<p>Confira <a href=\"https:\/\/portalibre.fgv.br\/system\/files\/divulgacao\/noticias\/mat-complementar\/2026-03\/Sondagem%20do%20Com%C3%A9rcio%20FGV_press%20release_Mar26.pdf\">aqui os resultados completos da sondagem<\/a>.<\/p>\n<p>\u00a0<\/p>\n<p>Com informa\u00e7\u00f5es do FGV IBRE.<\/p>\n<p>\t\t\t\t\t\t\t\t\t\t<img loading=\"lazy\" decoding=\"async\" src=\"https:\/\/brasil61.com\/api\/v1\/serve_pixel\/17677\/88626\" alt=\"Pixel Brasil 61\" class=\"b61_pixel\" width=\"0\" height=\"0\"><\/p>\n<input type=\"hidden\" id=\"baseurl\" value=\"https:\/\/noticiasdestaque.com.br\"><input type=\"hidden\" id=\"audio_nonce\" value=\"9fd43fe80e\">","protected":false},"excerpt":{"rendered":"<p>Pessimismo sobre tend\u00eancia dos neg\u00f3cios para os pr\u00f3ximos meses influenciou o \u00edndice; Indicadores que comp\u00f5em o c\u00e1lculo tiveram menores resultados desde o per\u00edodo pand\u00eamico<\/p>\n","protected":false},"author":1,"featured_media":51148,"comment_status":"open","ping_status":"open","sticky":false,"template":"","format":"standard","meta":{"fifu_image_url":"","fifu_image_alt":"","footnotes":""},"categories":[59],"tags":[],"class_list":["post-51147","post","type-post","status-publish","format-standard","has-post-thumbnail","hentry","category-economia"],"distributor_meta":false,"distributor_terms":false,"distributor_media":false,"distributor_original_site_name":"Noticias em Destaque","distributor_original_site_url":"https:\/\/noticiasdestaque.com.br","push-errors":false,"_links":{"self":[{"href":"https:\/\/noticiasdestaque.com.br\/index.php\/wp-json\/wp\/v2\/posts\/51147","targetHints":{"allow":["GET"]}}],"collection":[{"href":"https:\/\/noticiasdestaque.com.br\/index.php\/wp-json\/wp\/v2\/posts"}],"about":[{"href":"https:\/\/noticiasdestaque.com.br\/index.php\/wp-json\/wp\/v2\/types\/post"}],"author":[{"embeddable":true,"href":"https:\/\/noticiasdestaque.com.br\/index.php\/wp-json\/wp\/v2\/users\/1"}],"replies":[{"embeddable":true,"href":"https:\/\/noticiasdestaque.com.br\/index.php\/wp-json\/wp\/v2\/comments?post=51147"}],"version-history":[{"count":0,"href":"https:\/\/noticiasdestaque.com.br\/index.php\/wp-json\/wp\/v2\/posts\/51147\/revisions"}],"wp:featuredmedia":[{"embeddable":true,"href":"https:\/\/noticiasdestaque.com.br\/index.php\/wp-json\/wp\/v2\/media\/51148"}],"wp:attachment":[{"href":"https:\/\/noticiasdestaque.com.br\/index.php\/wp-json\/wp\/v2\/media?parent=51147"}],"wp:term":[{"taxonomy":"category","embeddable":true,"href":"https:\/\/noticiasdestaque.com.br\/index.php\/wp-json\/wp\/v2\/categories?post=51147"},{"taxonomy":"post_tag","embeddable":true,"href":"https:\/\/noticiasdestaque.com.br\/index.php\/wp-json\/wp\/v2\/tags?post=51147"}],"curies":[{"name":"wp","href":"https:\/\/api.w.org\/{rel}","templated":true}]}}