{"id":51143,"date":"2026-03-31T04:20:00","date_gmt":"2026-03-31T07:20:00","guid":{"rendered":"https:\/\/noticiasdestaque.com.br\/index.php\/2026\/03\/31\/dengue-2026-brasil-deve-registrar-18-milhao-de-casos-com-pico-em-sp-e-mg\/"},"modified":"2026-03-31T04:20:00","modified_gmt":"2026-03-31T07:20:00","slug":"dengue-2026-brasil-deve-registrar-18-milhao-de-casos-com-pico-em-sp-e-mg","status":"publish","type":"post","link":"https:\/\/noticiasdestaque.com.br\/index.php\/2026\/03\/31\/dengue-2026-brasil-deve-registrar-18-milhao-de-casos-com-pico-em-sp-e-mg\/","title":{"rendered":"Dengue 2026: Brasil deve registrar 1,8 milh\u00e3o de casos, com pico em SP e MG"},"content":{"rendered":"<p>\t\t\t\t\t\t\t\t\t\t\t<audio controls class=\"b61_audio_player\" data-noticia=\"88621\" src=\"https:\/\/brasil61.com\/rails\/active_storage\/blobs\/eyJfcmFpbHMiOnsibWVzc2FnZSI6IkJBaHBBeWtOQkE9PSIsImV4cCI6bnVsbCwicHVyIjoiYmxvYl9pZCJ9fQ==--d60368b8a9858bb80e58bde78c28590d41da7a6f\/BRAS2616149A\"><\/audio><\/p>\n<p>O Brasil deve registrar cerca de <strong>1,8 milh\u00e3o de casos prov\u00e1veis de <a href=\"https:\/\/www.gov.br\/saude\/pt-br\/assuntos\/saude-de-a-a-z\/d\/dengue\">dengue<\/a><\/strong> na <a href=\"https:\/\/zenodo.org\/records\/17516518\">temporada 2025-2026<\/a>, segundo proje\u00e7\u00e3o do <a href=\"https:\/\/info.dengue.mat.br\">InfoDengue-Mosqlimate<\/a>, iniciativa da Escola de Matem\u00e1tica Aplicada da Funda\u00e7\u00e3o Getulio Vargas (<a href=\"https:\/\/emap.fgv.br\">FGV EMAp<\/a>) em parceria com a Funda\u00e7\u00e3o Oswaldo Cruz (<a href=\"https:\/\/fiocruz.br\">Fiocruz<\/a>).<\/p>\n<p>De acordo com o relat\u00f3rio t\u00e9cnico, o modelo estat\u00edstico do tipo <em>ensemble<\/em> \u2014 que combina diferentes m\u00e9todos e abordagens de previs\u00e3o para aumentar a precis\u00e3o das estimativas \u2014 estima os casos no <strong>per\u00edodo entre 3 outubro de 2025 e 5 outubro de 2026<\/strong>. Do total previsto, <strong>54%<\/strong> (<strong>536.778<\/strong>) dos casos devem ocorrer em <strong>S\u00e3o Paulo<\/strong> e <strong>10%<\/strong> (<strong>274.602<\/strong>) em <strong>Minas Gerais<\/strong>.<\/p>\n<p>Apesar de o cen\u00e1rio ainda indicar padr\u00e3o epid\u00eamico, a magnitude esperada \u00e9 <strong>menor do que a observada em 2024<\/strong>, ano em que o pa\u00eds ultrapassou <strong>6,5 milh\u00f5es de notifica\u00e7\u00f5es<\/strong>.<\/p>\n<p>Dados do <a href=\"https:\/\/www.gov.br\/saude\/pt-br\/assuntos\/saude-de-a-a-z\/a\/aedes-aegypti\/monitoramento-das-arboviroses\">painel de monitoramento de arboviroses<\/a> do Minist\u00e9rio da Sa\u00fade (<a href=\"https:\/\/www.gov.br\/saude\/pt-br\">MS<\/a>) mostram que, em <strong>2026<\/strong>, o Brasil j\u00e1 soma mais de <strong>175 mil casos prov\u00e1veis<\/strong>. Em <strong>2025<\/strong>, foram mais de <strong>1,6 milh\u00e3o de registros<\/strong> e <strong>1.821 mortes<\/strong> confirmadas.<\/p>\n<h2>Dados por UF<\/h2>\n<p>A an\u00e1lise indica que a maior parte das unidades da federa\u00e7\u00e3o (UFs) deve registrar<strong> picos de incid\u00eancia inferiores aos da temporada anterior<\/strong>, embora ainda acima da m\u00e9dia hist\u00f3rica entre 2019 e 2023.<\/p>\n<p>O comportamento da doen\u00e7a varia entre as regi\u00f5es. O estudo evidencia que h\u00e1 previs\u00e3o de <strong>aumento da incid\u00eancia<\/strong> em estados como:<\/p>\n<ul>\n<li>Distrito Federal;<\/li>\n<li>Mato Grosso do Sul;<\/li>\n<li>Minas Gerais;<\/li>\n<li>Santa Catarina; e<\/li>\n<li>Tocantins.<\/li>\n<\/ul>\n<p>Por outro lado, a tend\u00eancia aponta <strong>redu\u00e7\u00e3o<\/strong> no:<\/p>\n<ul>\n<li>Acre;<\/li>\n<li>Amap\u00e1;<\/li>\n<li>Paran\u00e1;<\/li>\n<li>Rio Grande do Sul; e<\/li>\n<li>S\u00e3o Paulo.<\/li>\n<\/ul>\n<p>Nas demais UFs, a expectativa \u00e9 de <strong>estabilidade<\/strong>, com n\u00fameros pr\u00f3ximos aos registrados na temporada passada.<\/p>\n<p><strong>N\u00famero de casos prov\u00e1veis em 2026<\/strong><\/p>\n<table>\n<tbody>\n<tr>\n<th>UF<\/th>\n<th>Casos<\/th>\n<\/tr>\n<tr>\n<td>AC<\/td>\n<td>6478<\/td>\n<\/tr>\n<tr>\n<td>AL<\/td>\n<td>10278<\/td>\n<\/tr>\n<tr>\n<td>AM<\/td>\n<td>6350<\/td>\n<\/tr>\n<tr>\n<td>AP<\/td>\n<td>1290<\/td>\n<\/tr>\n<tr>\n<td>BA<\/td>\n<td>47054<\/td>\n<\/tr>\n<tr>\n<td>CE<\/td>\n<td>10711<\/td>\n<\/tr>\n<tr>\n<td>DF<\/td>\n<td>21725<\/td>\n<\/tr>\n<tr>\n<td>ES<\/td>\n<td>26195<\/td>\n<\/tr>\n<tr>\n<td>GO<\/td>\n<td>105457<\/td>\n<\/tr>\n<tr>\n<td>MA<\/td>\n<td>5311<\/td>\n<\/tr>\n<tr>\n<td>MG<\/td>\n<td>274602<\/td>\n<\/tr>\n<tr>\n<td>MS<\/td>\n<td>19574<\/td>\n<\/tr>\n<tr>\n<td>MT<\/td>\n<td>25514<\/td>\n<\/tr>\n<tr>\n<td>PA<\/td>\n<td>10384<\/td>\n<\/tr>\n<tr>\n<td>PB<\/td>\n<td>10658<\/td>\n<\/tr>\n<tr>\n<td>PE<\/td>\n<td>18690<\/td>\n<\/tr>\n<tr>\n<td>PI<\/td>\n<td>7490<\/td>\n<\/tr>\n<tr>\n<td>PR<\/td>\n<td>77683<\/td>\n<\/tr>\n<tr>\n<td>RJ<\/td>\n<td>15068<\/td>\n<\/tr>\n<tr>\n<td>RN<\/td>\n<td>12585<\/td>\n<\/tr>\n<tr>\n<td>RO<\/td>\n<td>3708<\/td>\n<\/tr>\n<tr>\n<td>RR<\/td>\n<td>425<\/td>\n<\/tr>\n<tr>\n<td>RS<\/td>\n<td>75465<\/td>\n<\/tr>\n<tr>\n<td>SC<\/td>\n<td>55590<\/td>\n<\/tr>\n<tr>\n<td>SE<\/td>\n<td>1754<\/td>\n<\/tr>\n<tr>\n<td>SP<\/td>\n<td>536778<\/td>\n<\/tr>\n<tr>\n<td>TO<\/td>\n<td>7993<\/td>\n<\/tr>\n<\/tbody>\n<\/table>\n<p><a href=\"http:\/\/zenodo.org\/records\/17516518\"><span style=\"font-size:10px\"><em>Fonte: InfoDengue-Mosqlimate<\/em><\/span><\/a><\/p>\n<h2>Dengue:\u00a0sintomas e sinais de alerta<\/h2>\n<p>Segundo o MS, a dengue consiste em uma <strong>doen\u00e7a febril aguda<\/strong> causada por <strong>v\u00edrus<\/strong> e transmitida pela <strong>f\u00eamea do mosquito <em>Aedes aegypti<\/em><\/strong>. Em geral, apresenta evolu\u00e7\u00e3o autolimitada, mas pode evoluir para formas graves e levar \u00e0 \u00f3bito.<\/p>\n<p>Os <strong>sintomas mais comuns<\/strong> incluem:<\/p>\n<ul>\n<li>Febre alta (39\u00b0C a 40\u00b0C) de in\u00edcio repentino;<\/li>\n<li>Dor de cabe\u00e7a;<\/li>\n<li>Dor atr\u00e1s dos olhos;<\/li>\n<li>Dores musculares e articulares;<\/li>\n<li>Cansa\u00e7o e prostra\u00e7\u00e3o;<\/li>\n<li>N\u00e1useas; e<\/li>\n<li>Manchas vermelhas na pele.<\/li>\n<\/ul>\n<p>Ap\u00f3s o per\u00edodo febril, entre o 3\u00ba e o 7\u00ba dia, \u00e9 necess\u00e1rio <strong>aten\u00e7\u00e3o aos sinais de alerta<\/strong>, que indicam poss\u00edvel agravamento do quadro:<\/p>\n<ul>\n<li>Dor abdominal intensa;<\/li>\n<li>V\u00f4mitos frequentes;<\/li>\n<li>Tontura ou desmaio;<\/li>\n<li>Dificuldade para respirar;<\/li>\n<li>Sangramentos (nariz, gengivas ou fezes); e<\/li>\n<li>Irritabilidade ou sonol\u00eancia.<\/li>\n<\/ul>\n<p>A pasta refor\u00e7a que ao surgimento dos primeiros sintomas, deve-se <strong>procurar imediatamente um servi\u00e7o de sa\u00fade<\/strong>.<\/p>\n<h2>Dengue: como prevenir?<\/h2>\n<p>A fim de controlar a doen\u00e7a, o Brasil oferece,, desde dezembro de 2023, a <strong>vacina contra a dengue<\/strong> no Sistema \u00danico de Sa\u00fade (<a href=\"https:\/\/www.gov.br\/saude\/pt-br\/sus\">SUS<\/a>).\u00a0<\/p>\n<p>No entanto, a <strong>principal forma de preven\u00e7\u00e3o consiste no<\/strong> <strong>combate ao mosquito transmissor<\/strong>, com a elimina\u00e7\u00e3o de \u00e1gua parada em recipientes como caixas d\u2019\u00e1gua, pneus, garrafas e vasos de plantas.<\/p>\n<p><strong>VEJA MAIS:<\/strong><\/p>\n<ul>\n<li><a href=\"https:\/\/brasil61.com\/n\/precos-de-repelentes-tem-variacao-de-ate-110-entre-sites-de-comercio-online-segundo-procon-sp-bras2615648\">Pre\u00e7os de repelentes t\u00eam varia\u00e7\u00e3o de at\u00e9 110% entre sites de com\u00e9rcio online, segundo Procon-SP<\/a><\/li>\n<li><a href=\"https:\/\/brasil61.com\/n\/tres-municipios-recebem-primeiras-doses-da-vacina-de-dose-unica-contra-a-dengue-bras2615516\">Tr\u00eas munic\u00edpios recebem primeiras doses da vacina de dose \u00fanica contra a dengue<\/a><\/li>\n<\/ul>\n<p>\t\t\t\t\t\t\t\t\t\t<img loading=\"lazy\" decoding=\"async\" src=\"https:\/\/brasil61.com\/api\/v1\/serve_pixel\/17677\/88621\" alt=\"Pixel Brasil 61\" class=\"b61_pixel\" width=\"0\" height=\"0\"><\/p>\n<input type=\"hidden\" id=\"baseurl\" value=\"https:\/\/noticiasdestaque.com.br\"><input type=\"hidden\" id=\"audio_nonce\" value=\"9fd43fe80e\">","protected":false},"excerpt":{"rendered":"<p>Proje\u00e7\u00e3o do InfoDengue-Mosqlimate aponta cen\u00e1rio ainda epid\u00eamico, mas com menor magnitude<\/p>\n","protected":false},"author":1,"featured_media":51144,"comment_status":"open","ping_status":"open","sticky":false,"template":"","format":"standard","meta":{"fifu_image_url":"","fifu_image_alt":"","footnotes":""},"categories":[51],"tags":[],"class_list":["post-51143","post","type-post","status-publish","format-standard","has-post-thumbnail","hentry","category-saude"],"distributor_meta":false,"distributor_terms":false,"distributor_media":false,"distributor_original_site_name":"Noticias em Destaque","distributor_original_site_url":"https:\/\/noticiasdestaque.com.br","push-errors":false,"_links":{"self":[{"href":"https:\/\/noticiasdestaque.com.br\/index.php\/wp-json\/wp\/v2\/posts\/51143","targetHints":{"allow":["GET"]}}],"collection":[{"href":"https:\/\/noticiasdestaque.com.br\/index.php\/wp-json\/wp\/v2\/posts"}],"about":[{"href":"https:\/\/noticiasdestaque.com.br\/index.php\/wp-json\/wp\/v2\/types\/post"}],"author":[{"embeddable":true,"href":"https:\/\/noticiasdestaque.com.br\/index.php\/wp-json\/wp\/v2\/users\/1"}],"replies":[{"embeddable":true,"href":"https:\/\/noticiasdestaque.com.br\/index.php\/wp-json\/wp\/v2\/comments?post=51143"}],"version-history":[{"count":0,"href":"https:\/\/noticiasdestaque.com.br\/index.php\/wp-json\/wp\/v2\/posts\/51143\/revisions"}],"wp:featuredmedia":[{"embeddable":true,"href":"https:\/\/noticiasdestaque.com.br\/index.php\/wp-json\/wp\/v2\/media\/51144"}],"wp:attachment":[{"href":"https:\/\/noticiasdestaque.com.br\/index.php\/wp-json\/wp\/v2\/media?parent=51143"}],"wp:term":[{"taxonomy":"category","embeddable":true,"href":"https:\/\/noticiasdestaque.com.br\/index.php\/wp-json\/wp\/v2\/categories?post=51143"},{"taxonomy":"post_tag","embeddable":true,"href":"https:\/\/noticiasdestaque.com.br\/index.php\/wp-json\/wp\/v2\/tags?post=51143"}],"curies":[{"name":"wp","href":"https:\/\/api.w.org\/{rel}","templated":true}]}}