{"id":5113,"date":"2023-02-15T02:53:50","date_gmt":"2023-02-15T05:53:50","guid":{"rendered":"https:\/\/noticiasdestaque.com.br\/index.php\/2023\/02\/15\/massacre-de-haximu-completa-anos-em-agosto\/"},"modified":"2023-02-15T02:53:50","modified_gmt":"2023-02-15T05:53:50","slug":"massacre-de-haximu-completa-anos-em-agosto","status":"publish","type":"post","link":"https:\/\/noticiasdestaque.com.br\/index.php\/2023\/02\/15\/massacre-de-haximu-completa-anos-em-agosto\/","title":{"rendered":"Massacre de Haximu completa 30 anos em agosto"},"content":{"rendered":"<style> bloco.meta {font-style: italic; color: #666;font-weight: 600;font-size: .8em; \/* line-height: .3em; *\/}  text h2 { font-weight: 700 !important;  color: #062f46 !important;} text img { width: none; left: none;}<\/style>\n<\/p>\n<p>Na manh\u00e3 de 23 de julho de 1993, um grupo de garimpeiros entrou na aldeia yanomami de Haximu, na fronteira da Venezuela com o Brasil, e assassinou 12 ind\u00edgenas. Entre as v\u00edtimas, havia adolescentes, crian\u00e7as e um beb\u00ea. Todos mortos a tiros ou a golpes de fac\u00e3o.<\/p>\n<p>A chacina n\u00e3o aconteceu de repente. Ela foi constru\u00edda ao longo de um atrito crescente entre os garimpeiros e a comunidade yanomami.<\/p>\n<p>A rela\u00e7\u00e3o entre os dois grupos n\u00e3o era amistosa e, em junho, os garimpeiros decidiram fazer uma emboscada no meio da mata e mataram quatro homens yanomami.<\/p>\n<p>Em retalia\u00e7\u00e3o, os ind\u00edgenas fizeram um ataque ao acampamento do garimpo e mataram um dos homens. A partir da\u00ed, os garimpeiros decidiram se vingar contra a comunidade yanomami que vivia na aldeia de Haximu, localizada no lado venezuelano.<\/p>\n<p>A maioria dos homens estava fora da aldeia, participando de uma festa em outra localidade, quando os garimpeiros chegaram a Haximu para promover a matan\u00e7a. No total, foram mortos um homem idoso, tr\u00eas mulheres (entre elas duas idosas), tr\u00eas adolescentes, quatro crian\u00e7as e um beb\u00ea. V\u00e1rios outros ficaram feridos.<\/p>\n<p>Os crimes s\u00f3 chegaram ao conhecimento das autoridades em agosto daquele ano, quando sobreviventes deixaram Haximu, chegaram a outra aldeia da comunidade de Homoxi, j\u00e1 no lado brasileiro da fronteira, e relataram tudo ao tuxaua (chefe ind\u00edgena) local.<\/p>\n<p>A informa\u00e7\u00e3o chegou \u00e0 Funda\u00e7\u00e3o Nacional dos Povos Ind\u00edgenas (Funai) e \u00e0 Funda\u00e7\u00e3o Nacional da Sa\u00fade (Funasa). Posteriormente foi noticiada por ve\u00edculos de imprensa e come\u00e7ou a ser investigada pela Pol\u00edcia Federal (PF).<\/p>\n<p>Sem saber que Haximu ficava na Venezuela, a PF foi at\u00e9 o local e come\u00e7ou a investiga\u00e7\u00e3o. Dos 12 corpos do massacre, onze j\u00e1 tinham sido cremados, conforme costume do povo yanomami.<\/p>\n<p>O corpo de uma jovem n\u00e3o foi cremado porque ela era origin\u00e1ria de outra comunidade e estava apenas de visita \u00e0 aldeia de Haximu. Como n\u00e3o havia parentes pr\u00f3ximos da v\u00edtima para participar do processo de crema\u00e7\u00e3o, seu corpo foi poupado e os policiais puderam encontrar sua ossada.<\/p>\n<p>Com base na per\u00edcia feita nos restos mortais e nos relatos dos sobreviventes, os investigadores puderam comprovar que a morte havia sido provocada por disparos de armas de fogo.<\/p>\n<h2>Julgado no Brasil<\/h2>\n<p>Mesmo tendo ocorrido em solo venezuelano, o crime envolveu garimpeiros brasileiros que fugiram para o Brasil depois do massacre e alguns foram presos. Por isso, o caso foi julgado aqui no pa\u00eds e acabou sendo tipificado como genoc\u00eddio.<\/p>\n<p>Segundo Luciano Mariz Maia, um dos procuradores que atuaram no caso que hoje \u00e9 subprocurador-geral da Rep\u00fablica, os garimpeiros quiseram eliminar os ind\u00edgenas pelo fato de serem yanomami. \u201cN\u00e3o havia nada de pessoal contra aquelas v\u00edtimas, n\u00e3o distinguiam uma v\u00edtima da outra. Garimpeiros se reuniram numa coletividade para matar \u00edndios yanomami como uma coletividade\u201d, explica Maia.<\/p>\n<p>Vinte e quatro garimpeiros foram denunciados pelo crime, mas como as investiga\u00e7\u00f5es s\u00f3 conseguiram identificar plenamente cinco deles (os demais eram conhecidos apenas por apelidos), s\u00f3 parte dos respons\u00e1veis foi condenada.<\/p>\n<p>\u201cEsse foi o primeiro caso em que as Cortes brasileiras condenaram uma cena de genoc\u00eddio. Cinco acabaram sendo condenados. Esse caso foi sentenciado pelo ju\u00edzo federal em Roraima [em 1996]. A senten\u00e7a foi anulada pelo Tribunal da 1\u00aa Regi\u00e3o [TRF1], ao argumento de que seria crime doloso contra a vida e portanto compet\u00eancia do Tribunal do J\u00fari. Houve uma apela\u00e7\u00e3o e o Superior Tribunal de Justi\u00e7a [STJ] cassou esse ac\u00f3rd\u00e3o, alegando que o genoc\u00eddio \u00e9 um crime diferente de homic\u00eddio e, portanto, de compet\u00eancia do juiz singular. E essa decis\u00e3o foi confirmada pelo Supremo Tribunal Federal [STF]\u201d, afirma.<\/p>\n<p>Segundo Maia, antes da chacina dos yanomami outro caso de genoc\u00eddio ind\u00edgena j\u00e1 havia sido denunciado \u00e0 Justi\u00e7a brasileira, o Massacre da Boca do Capacete, no Amazonas, ocorrido em 1988, que resultou na morte de quatro ind\u00edgenas e no desaparecimento de outros dez, todos tikuna. Mas nesse caso as condena\u00e7\u00e3o dos envolvidos veio apenas em 2001, sendo que em 2004 o madereiro Oscar Castelo Branco, condenado como mandante do crime, foi absolvido e as penas dos condenados como executores do genoc\u00eddio foram reduzidas de per\u00edodos que variavam de 15 a 25 anos para 12 anos e, por unanimidade, a redu\u00e7\u00e3o foi estendida aos outros acusados que n\u00e3o apelaram de sua senten\u00e7a ou que desistiram das apela\u00e7\u00f5es.<\/p>\n<p><em>Mat\u00e9ria alterada \u00e0s 8h59 para acr\u00e9scimo de informa\u00e7\u00e3o<\/em>.<\/p>\n<p class=\"alt-font font-italic my-2 small text-info\">\n                                                Edi\u00e7\u00e3o:   F\u00e1bio Massalli                    <\/p>\n<p>            <!-- blog End --><\/p>\n<p>            <!-- tag and share --><\/p>\n<p> Fonte: EBC <\/p>\n<input type=\"hidden\" id=\"baseurl\" value=\"https:\/\/noticiasdestaque.com.br\"><input type=\"hidden\" id=\"audio_nonce\" value=\"eb7638fb71\">","protected":false},"excerpt":{"rendered":"<p>Chacina de yanomami teve primeira condena\u00e7\u00e3o por genoc\u00eddio no pa\u00eds<\/p>\n","protected":false},"author":1,"featured_media":5114,"comment_status":"open","ping_status":"open","sticky":false,"template":"","format":"standard","meta":{"fifu_image_url":"","fifu_image_alt":"","footnotes":""},"categories":[48],"tags":[],"class_list":["post-5113","post","type-post","status-publish","format-standard","has-post-thumbnail","hentry","category-mundo"],"distributor_meta":false,"distributor_terms":false,"distributor_media":false,"distributor_original_site_name":"Portal de Recupera\u00e7\u00e3o","distributor_original_site_url":"https:\/\/portalderecuperacao.com","push-errors":false,"_links":{"self":[{"href":"https:\/\/noticiasdestaque.com.br\/index.php\/wp-json\/wp\/v2\/posts\/5113","targetHints":{"allow":["GET"]}}],"collection":[{"href":"https:\/\/noticiasdestaque.com.br\/index.php\/wp-json\/wp\/v2\/posts"}],"about":[{"href":"https:\/\/noticiasdestaque.com.br\/index.php\/wp-json\/wp\/v2\/types\/post"}],"author":[{"embeddable":true,"href":"https:\/\/noticiasdestaque.com.br\/index.php\/wp-json\/wp\/v2\/users\/1"}],"replies":[{"embeddable":true,"href":"https:\/\/noticiasdestaque.com.br\/index.php\/wp-json\/wp\/v2\/comments?post=5113"}],"version-history":[{"count":0,"href":"https:\/\/noticiasdestaque.com.br\/index.php\/wp-json\/wp\/v2\/posts\/5113\/revisions"}],"wp:featuredmedia":[{"embeddable":true,"href":"https:\/\/noticiasdestaque.com.br\/index.php\/wp-json\/wp\/v2\/media\/5114"}],"wp:attachment":[{"href":"https:\/\/noticiasdestaque.com.br\/index.php\/wp-json\/wp\/v2\/media?parent=5113"}],"wp:term":[{"taxonomy":"category","embeddable":true,"href":"https:\/\/noticiasdestaque.com.br\/index.php\/wp-json\/wp\/v2\/categories?post=5113"},{"taxonomy":"post_tag","embeddable":true,"href":"https:\/\/noticiasdestaque.com.br\/index.php\/wp-json\/wp\/v2\/tags?post=5113"}],"curies":[{"name":"wp","href":"https:\/\/api.w.org\/{rel}","templated":true}]}}