{"id":51121,"date":"2026-03-30T04:55:00","date_gmt":"2026-03-30T07:55:00","guid":{"rendered":"https:\/\/noticiasdestaque.com.br\/index.php\/2026\/03\/30\/lideres-da-camara-fecham-acordo-e-abril-comeca-sem-sessoes-por-feriado\/"},"modified":"2026-03-30T04:55:00","modified_gmt":"2026-03-30T07:55:00","slug":"lideres-da-camara-fecham-acordo-e-abril-comeca-sem-sessoes-por-feriado","status":"publish","type":"post","link":"https:\/\/noticiasdestaque.com.br\/index.php\/2026\/03\/30\/lideres-da-camara-fecham-acordo-e-abril-comeca-sem-sessoes-por-feriado\/","title":{"rendered":"L\u00edderes da C\u00e2mara fecham acordo e abril come\u00e7a sem sess\u00f5es por feriado"},"content":{"rendered":"<p>\t\t\t\t\t\t\t\t\t\t\t<audio controls class=\"b61_audio_player\" data-noticia=\"88597\" src=\"https:\/\/brasil61.com\/rails\/active_storage\/blobs\/eyJfcmFpbHMiOnsibWVzc2FnZSI6IkJBaHBBMTBNQkE9PSIsImV4cCI6bnVsbCwicHVyIjoiYmxvYl9pZCJ9fQ==--2d74a242aa5a6039b2f161634abf852b12cd43e0\/BRAS2616139A\"><\/audio><\/p>\n<p>Um acordo fechado unanimemente entre l\u00edderes da <a href=\"https:\/\/brasil61.com\/noticias\/tag\/camara-dos-deputados\">C\u00e2mara dos Deputados<\/a> selou a folga na primeira semana de abril. Em fun\u00e7\u00e3o da Semana Santa, nenhum dia desta semana haver\u00e1 sess\u00f5es na Casa. O \u00fanico compromisso ainda agendado \u00e9 a sess\u00e3o solene de ter\u00e7a-feira (31), em homenagem ao <a href=\"https:\/\/www.un.org\/en\/observances\/autism-day\">Dia Mundial de Conscientiza\u00e7\u00e3o do Autismo<\/a>, celebrado dia 2 de abril.<\/p>\n<p>Na casa ao lado, o panorama n\u00e3o \u00e9 muito diferente. Nesta segunda-feira (30), senadores convocaram sess\u00e3o especial para celebrar os 32 anos da <a href=\"https:\/\/www.gov.br\/aeb\/pt-br\">Ag\u00eancia Espacial Brasileira<\/a> e, na ter\u00e7a, uma sess\u00e3o plen\u00e1ria virtual est\u00e1 marcada para votar a cria\u00e7\u00e3o de cargos no <a href=\"https:\/\/www.trf5.jus.br\/\">Tribunal Regional Federal da 5\u00aa Regi\u00e3o<\/a>, que compreende os estados de Pernambuco, Para\u00edba, Rio Grande do Norte, Cear\u00e1, Alagoas e Sergipe. A partir de quarta-feira (1\u00ba), folga.<\/p>\n<h2>Comiss\u00f5es<\/h2>\n<p>Esta segunda-feira foi a primeira do ano legislativo sem sess\u00e3o da <a href=\"https:\/\/legis.senado.leg.br\/atividade\/comissoes\/comissao\/2794\/\">CPMI do INSS<\/a>. Com a decis\u00e3o do plen\u00e1rio do <a href=\"https:\/\/portal.stf.jus.br\/\">Supremo Tribunal Federal (STF)<\/a> de rejeitar o pedido da presid\u00eancia do grupo para obrigar o presidente do <a href=\"https:\/\/brasil61.com\/noticias\/tag\/congresso-nacional\">Congresso Nacional<\/a>, <a href=\"https:\/\/brasil61.com\/noticias\/tag\/senador-davi-alcolumbre-dem-ap\">Davi Alcolumbre (Uni\u00e3o-AP)<\/a>, a prorrogar os trabalhos, a comiss\u00e3o encerrou suas atividades na semana passada. O relat\u00f3rio, de mais de 4 mil p\u00e1ginas, teve de ser lido apressadamente para os parlamentares respeitarem o prazo limite de 28 de mar\u00e7o.<\/p>\n<p>No Senado, reuni\u00f5es das comiss\u00f5es <a href=\"https:\/\/legis.senado.leg.br\/comissoes\/comissao?codcol=834\">de Direitos Humanos<\/a>, na segunda, e <a href=\"https:\/\/legis.senado.leg.br\/atividade\/comissoes\/comissao\/38\">de Assuntos Econ\u00f4micos<\/a> e da <a href=\"https:\/\/legis.senado.leg.br\/atividade\/comissoes\/comissao\/2792\">Subcomiss\u00e3o Tempor\u00e1ria para debater preven\u00e7\u00e3o e tratamento do c\u00e2ncer<\/a>, na ter\u00e7a, tamb\u00e9m seguem mantidas at\u00e9 a publica\u00e7\u00e3o desta reportagem.<\/p>\n<p>J\u00e1 na C\u00e2mara, as sess\u00f5es das comiss\u00f5es <a href=\"https:\/\/www2.camara.leg.br\/atividade-legislativa\/comissoes\/comissoes-permanentes\/cspcco\">de Seguran\u00e7a P\u00fablica<\/a> e <a href=\"https:\/\/www2.camara.leg.br\/atividade-legislativa\/comissoes\/comissoes-permanentes\/cvt\">de Via\u00e7\u00e3o e Transportes<\/a>, ambas inicialmente agendadas para ter\u00e7a, foram canceladas ap\u00f3s o acordo.<\/p>\n<p>\t\t\t\t\t\t\t\t\t\t<img loading=\"lazy\" decoding=\"async\" src=\"https:\/\/brasil61.com\/api\/v1\/serve_pixel\/17677\/88597\" alt=\"Pixel Brasil 61\" class=\"b61_pixel\" width=\"0\" height=\"0\"><\/p>\n<input type=\"hidden\" id=\"baseurl\" value=\"https:\/\/noticiasdestaque.com.br\"><input type=\"hidden\" id=\"audio_nonce\" value=\"9fd43fe80e\">","protected":false},"excerpt":{"rendered":"<p>Senado realiza sess\u00e3o de vota\u00e7\u00e3o virtual na ter\u00e7a e libera senadores para a Semana Santa<\/p>\n","protected":false},"author":1,"featured_media":51122,"comment_status":"open","ping_status":"open","sticky":false,"template":"","format":"standard","meta":{"fifu_image_url":"","fifu_image_alt":"","footnotes":""},"categories":[50],"tags":[],"class_list":["post-51121","post","type-post","status-publish","format-standard","has-post-thumbnail","hentry","category-politica"],"distributor_meta":false,"distributor_terms":false,"distributor_media":false,"distributor_original_site_name":"Noticias em Destaque","distributor_original_site_url":"https:\/\/noticiasdestaque.com.br","push-errors":false,"_links":{"self":[{"href":"https:\/\/noticiasdestaque.com.br\/index.php\/wp-json\/wp\/v2\/posts\/51121","targetHints":{"allow":["GET"]}}],"collection":[{"href":"https:\/\/noticiasdestaque.com.br\/index.php\/wp-json\/wp\/v2\/posts"}],"about":[{"href":"https:\/\/noticiasdestaque.com.br\/index.php\/wp-json\/wp\/v2\/types\/post"}],"author":[{"embeddable":true,"href":"https:\/\/noticiasdestaque.com.br\/index.php\/wp-json\/wp\/v2\/users\/1"}],"replies":[{"embeddable":true,"href":"https:\/\/noticiasdestaque.com.br\/index.php\/wp-json\/wp\/v2\/comments?post=51121"}],"version-history":[{"count":0,"href":"https:\/\/noticiasdestaque.com.br\/index.php\/wp-json\/wp\/v2\/posts\/51121\/revisions"}],"wp:featuredmedia":[{"embeddable":true,"href":"https:\/\/noticiasdestaque.com.br\/index.php\/wp-json\/wp\/v2\/media\/51122"}],"wp:attachment":[{"href":"https:\/\/noticiasdestaque.com.br\/index.php\/wp-json\/wp\/v2\/media?parent=51121"}],"wp:term":[{"taxonomy":"category","embeddable":true,"href":"https:\/\/noticiasdestaque.com.br\/index.php\/wp-json\/wp\/v2\/categories?post=51121"},{"taxonomy":"post_tag","embeddable":true,"href":"https:\/\/noticiasdestaque.com.br\/index.php\/wp-json\/wp\/v2\/tags?post=51121"}],"curies":[{"name":"wp","href":"https:\/\/api.w.org\/{rel}","templated":true}]}}