{"id":51119,"date":"2026-03-30T04:50:00","date_gmt":"2026-03-30T07:50:00","guid":{"rendered":"https:\/\/noticiasdestaque.com.br\/index.php\/2026\/03\/30\/consulta-publica-para-definir-diretrizes-do-desenvolvimento-digital-e-prorrogada\/"},"modified":"2026-03-30T04:50:00","modified_gmt":"2026-03-30T07:50:00","slug":"consulta-publica-para-definir-diretrizes-do-desenvolvimento-digital-e-prorrogada","status":"publish","type":"post","link":"https:\/\/noticiasdestaque.com.br\/index.php\/2026\/03\/30\/consulta-publica-para-definir-diretrizes-do-desenvolvimento-digital-e-prorrogada\/","title":{"rendered":"Consulta p\u00fablica para definir diretrizes do desenvolvimento digital \u00e9 prorrogada"},"content":{"rendered":"<p>\t\t\t\t\t\t\t\t\t\t\t<audio controls class=\"b61_audio_player\" data-noticia=\"88602\" src=\"https:\/\/brasil61.com\/rails\/active_storage\/blobs\/eyJfcmFpbHMiOnsibWVzc2FnZSI6IkJBaHBBMXdNQkE9PSIsImV4cCI6bnVsbCwicHVyIjoiYmxvYl9pZCJ9fQ==--d01b02fccef49bc8dab4c603f2e105d2e25a12d7\/MCOM260348A\"><\/audio><\/p>\n<p>O governo do Brasil prorrogou o prazo da consulta p\u00fablica para a elabora\u00e7\u00e3o da <a href=\"https:\/\/www.gov.br\/mcti\/pt-br\/acompanhe-o-mcti\/transformacaodigital\/e-digital\">Estrat\u00e9gia Brasileira de Transforma\u00e7\u00e3o Digital (E-Digital)<\/a>. Agora, sociedade civil, especialistas, empresas e gestores p\u00fablicos podem contribuir com o projeto at\u00e9 8 de abril.<\/p>\n<p>O objetivo \u00e9 definir as novas diretrizes do desenvolvimento digital do pa\u00eds para o per\u00edodo de 2026 a 2031 com ampla participa\u00e7\u00e3o e contribui\u00e7\u00e3o da popula\u00e7\u00e3o.<\/p>\n<p>\u201cA transforma\u00e7\u00e3o digital hoje tamb\u00e9m \u00e9 uma quest\u00e3o de soberania. \u00c9 sobre a capacidade de o Brasil decidir seu pr\u00f3prio futuro tecnol\u00f3gico, fortalecendo nossa economia e ampliando direitos para a popula\u00e7\u00e3o. Por isso, essa estrat\u00e9gia est\u00e1 sendo constru\u00edda de forma colaborativa, ouvindo especialistas, academia, setor produtivo e a sociedade\u201d, destacou o <a href=\"https:\/\/www.gov.br\/mcom\/pt-br\">ministro das Comunica\u00e7\u00f5es<\/a>, Frederico de Siqueira Filho.<\/p>\n<p>A consulta p\u00fablica ocorre por meio da plataforma Brasil Participativo, dispon\u00edvel no site oficial de participa\u00e7\u00e3o social do <a href=\"http:\/\/gov.br\">Gov.Br<\/a>. Para participar, basta acessar a se\u00e7\u00e3o \u201c<a href=\"https:\/\/brasilparticipativo.presidencia.gov.br\/processes\/e-digital\">Tomada de Subs\u00eddios para a E-Digital<\/a>\u201d.<\/p>\n<p>\u201cSua participa\u00e7\u00e3o \u00e9 essencial para ajudar a construir um Brasil mais competitivo, inovador e preparado para os desafios do mundo digital. Participe! \u00c9 a transforma\u00e7\u00e3o digital do lado do povo brasileiro\u201d, refor\u00e7ou Siqueira Filho.<\/p>\n<h2>E-Digital<\/h2>\n<p>A nova E-Digital constitui o principal instrumento de planejamento voltado \u00e0 transforma\u00e7\u00e3o digital no pa\u00eds. Ela consolida diretrizes que orientam o governo do Brasil na amplia\u00e7\u00e3o do acesso aos servi\u00e7os p\u00fablicos, na garantia dos direitos dos cidad\u00e3os, no fortalecimento da democracia e no est\u00edmulo \u00e0 participa\u00e7\u00e3o social, al\u00e9m de impulsionar um desenvolvimento socioecon\u00f4mico inclusivo, sustent\u00e1vel e soberano.<\/p>\n<p>\t\t\t\t\t\t\t\t\t\t<img loading=\"lazy\" decoding=\"async\" src=\"https:\/\/brasil61.com\/api\/v1\/serve_pixel\/17677\/88602\" alt=\"Pixel Brasil 61\" class=\"b61_pixel\" width=\"0\" height=\"0\"><\/p>\n<input type=\"hidden\" id=\"baseurl\" value=\"https:\/\/noticiasdestaque.com.br\"><input type=\"hidden\" id=\"audio_nonce\" value=\"9fd43fe80e\">","protected":false},"excerpt":{"rendered":"<p>Interessados podem contribuir com a nova Estrat\u00e9gia Brasileira de Transforma\u00e7\u00e3o Digital, a E-Digital, at\u00e9 8 de abril<\/p>\n","protected":false},"author":1,"featured_media":51120,"comment_status":"open","ping_status":"open","sticky":false,"template":"","format":"standard","meta":{"fifu_image_url":"","fifu_image_alt":"","footnotes":""},"categories":[54],"tags":[],"class_list":["post-51119","post","type-post","status-publish","format-standard","has-post-thumbnail","hentry","category-tecnologia"],"distributor_meta":false,"distributor_terms":false,"distributor_media":false,"distributor_original_site_name":"Noticias em Destaque","distributor_original_site_url":"https:\/\/noticiasdestaque.com.br","push-errors":false,"_links":{"self":[{"href":"https:\/\/noticiasdestaque.com.br\/index.php\/wp-json\/wp\/v2\/posts\/51119","targetHints":{"allow":["GET"]}}],"collection":[{"href":"https:\/\/noticiasdestaque.com.br\/index.php\/wp-json\/wp\/v2\/posts"}],"about":[{"href":"https:\/\/noticiasdestaque.com.br\/index.php\/wp-json\/wp\/v2\/types\/post"}],"author":[{"embeddable":true,"href":"https:\/\/noticiasdestaque.com.br\/index.php\/wp-json\/wp\/v2\/users\/1"}],"replies":[{"embeddable":true,"href":"https:\/\/noticiasdestaque.com.br\/index.php\/wp-json\/wp\/v2\/comments?post=51119"}],"version-history":[{"count":0,"href":"https:\/\/noticiasdestaque.com.br\/index.php\/wp-json\/wp\/v2\/posts\/51119\/revisions"}],"wp:featuredmedia":[{"embeddable":true,"href":"https:\/\/noticiasdestaque.com.br\/index.php\/wp-json\/wp\/v2\/media\/51120"}],"wp:attachment":[{"href":"https:\/\/noticiasdestaque.com.br\/index.php\/wp-json\/wp\/v2\/media?parent=51119"}],"wp:term":[{"taxonomy":"category","embeddable":true,"href":"https:\/\/noticiasdestaque.com.br\/index.php\/wp-json\/wp\/v2\/categories?post=51119"},{"taxonomy":"post_tag","embeddable":true,"href":"https:\/\/noticiasdestaque.com.br\/index.php\/wp-json\/wp\/v2\/tags?post=51119"}],"curies":[{"name":"wp","href":"https:\/\/api.w.org\/{rel}","templated":true}]}}