{"id":51117,"date":"2026-03-30T04:55:00","date_gmt":"2026-03-30T07:55:00","guid":{"rendered":"https:\/\/noticiasdestaque.com.br\/index.php\/2026\/03\/30\/para-confira-agenda-da-agencia-barco-ilha-do-marajo-e-prevbarco-para-abril\/"},"modified":"2026-03-30T04:55:00","modified_gmt":"2026-03-30T07:55:00","slug":"para-confira-agenda-da-agencia-barco-ilha-do-marajo-e-prevbarco-para-abril","status":"publish","type":"post","link":"https:\/\/noticiasdestaque.com.br\/index.php\/2026\/03\/30\/para-confira-agenda-da-agencia-barco-ilha-do-marajo-e-prevbarco-para-abril\/","title":{"rendered":"PAR\u00c1: confira agenda da Ag\u00eancia-Barco Ilha do Maraj\u00f3 e PrevBarco para abril"},"content":{"rendered":"<p>\t\t\t\t\t\t\t\t\t\t\t<audio controls class=\"b61_audio_player\" data-noticia=\"88583\" src=\"https:\/\/brasil61.com\/rails\/active_storage\/blobs\/eyJfcmFpbHMiOnsibWVzc2FnZSI6IkJBaHBBelFNQkE9PSIsImV4cCI6bnVsbCwicHVyIjoiYmxvYl9pZCJ9fQ==--ebdb91b115edf7514b01117a0f9f7a7c11ef8a8f\/PCXA260725A\"><\/audio><\/p>\n<p><strong>Aten\u00e7\u00e3o! A Ag\u00eancia-Barco Ilha do Maraj\u00f3 j\u00e1 tem data para chegar! E, neste m\u00eas de abril, a regi\u00e3o vai receber os servi\u00e7os em duas embarca\u00e7\u00f5es, j\u00e1 que a popula\u00e7\u00e3o tamb\u00e9m ter\u00e1 acesso aos atendimentos no PrevBarco, em uma parceria da CAIXA com o INSS.<\/strong><\/p>\n<p><strong>As embarca\u00e7\u00f5es oferecem os servi\u00e7os de desbloqueio de cart\u00f5es e cadastro de senhas para recebimento de benef\u00edcios sociais<\/strong>, como FGTS, Seguro-Desemprego, Bolsa Fam\u00edlia e INSS, entre outros servi\u00e7os. Vale lembrar que no barco n\u00e3o tem movimenta\u00e7\u00e3o de dinheiro em esp\u00e9cie.\u00a0<\/p>\n<p>Confira agora o cronograma e anote a data e o local em que os atendimentos estar\u00e3o dispon\u00edveis.<\/p>\n<p>Os atendimentos com a Ag\u00eancia-Barco Ilha do Maraj\u00f3 come\u00e7am por Ponta de Pedras. A embarca\u00e7\u00e3o fica no munic\u00edpio do dia 1\u00b0 ao dia 3.<\/p>\n<p>J\u00e1 entre os dias 6 e 7 de abril, os servi\u00e7os ser\u00e3o oferecidos \u00e0 popula\u00e7\u00e3o de S\u00e3o Sebasti\u00e3o da Boa Vista.<\/p>\n<p><strong>Os servi\u00e7os no PrevBarco tamb\u00e9m come\u00e7am no dia 6, mas em Acar\u00e1, com atendimento at\u00e9 o dia 10.<\/strong><\/p>\n<p>J\u00e1 do dia 8 ao dia 10, a Ag\u00eancia-Barco Ilha do Maraj\u00f3 estar\u00e1 no munic\u00edpio de Curralinho. Os moradores de Gurup\u00e1, por sua vez, contar\u00e3o com os servi\u00e7os do dia 13 ao dia 17.<\/p>\n<p>Tamb\u00e9m no dia 13 de abril, o PrevBarco estar\u00e1 em Bujaru, onde permanecer\u00e1 at\u00e9 o dia 17.<\/p>\n<p><strong>Nos dias 20 e 21, a popula\u00e7\u00e3o de Bagre contar\u00e1 com os servi\u00e7os do Banco, por meio da Ag\u00eancia-Barco Ilha do Maraj\u00f3. Entre 22 e 23 de abril, a embarca\u00e7\u00e3o estar\u00e1 em Oeiras do Par\u00e1.<\/strong><\/p>\n<p>J\u00e1 entre os dias 20 e 24, o PrevBarco vai estar ancorado em S\u00e3o Domingos do Capim.<\/p>\n<p>O hor\u00e1rio de atendimento \u00e9 das 9 horas da manh\u00e3 \u00e0s 3 da tarde.<\/p>\n<p>Para mais detalhes, acesse <a href=\"https:\/\/www.caixa.gov.br\/Paginas\/home-caixa.aspx\" target=\"_blank\">caixa.gov.br<\/a>.\u00a0<br \/>\n\u00a0<\/p>\n<p>\t\t\t\t\t\t\t\t\t\t<img loading=\"lazy\" decoding=\"async\" src=\"https:\/\/brasil61.com\/api\/v1\/serve_pixel\/17677\/88583\" alt=\"Pixel Brasil 61\" class=\"b61_pixel\" width=\"0\" height=\"0\"><\/p>\n<input type=\"hidden\" id=\"baseurl\" value=\"https:\/\/noticiasdestaque.com.br\"><input type=\"hidden\" id=\"audio_nonce\" value=\"9fd43fe80e\">","protected":false},"excerpt":{"rendered":"<p>As embarca\u00e7\u00f5es oferecem os servi\u00e7os de desbloqueio de cart\u00f5es e cadastro de senhas para recebimento de benef\u00edcios sociais<\/p>\n","protected":false},"author":1,"featured_media":51118,"comment_status":"open","ping_status":"open","sticky":false,"template":"","format":"standard","meta":{"fifu_image_url":"","fifu_image_alt":"","footnotes":""},"categories":[59],"tags":[],"class_list":["post-51117","post","type-post","status-publish","format-standard","has-post-thumbnail","hentry","category-economia"],"distributor_meta":false,"distributor_terms":false,"distributor_media":false,"distributor_original_site_name":"Noticias em Destaque","distributor_original_site_url":"https:\/\/noticiasdestaque.com.br","push-errors":false,"_links":{"self":[{"href":"https:\/\/noticiasdestaque.com.br\/index.php\/wp-json\/wp\/v2\/posts\/51117","targetHints":{"allow":["GET"]}}],"collection":[{"href":"https:\/\/noticiasdestaque.com.br\/index.php\/wp-json\/wp\/v2\/posts"}],"about":[{"href":"https:\/\/noticiasdestaque.com.br\/index.php\/wp-json\/wp\/v2\/types\/post"}],"author":[{"embeddable":true,"href":"https:\/\/noticiasdestaque.com.br\/index.php\/wp-json\/wp\/v2\/users\/1"}],"replies":[{"embeddable":true,"href":"https:\/\/noticiasdestaque.com.br\/index.php\/wp-json\/wp\/v2\/comments?post=51117"}],"version-history":[{"count":0,"href":"https:\/\/noticiasdestaque.com.br\/index.php\/wp-json\/wp\/v2\/posts\/51117\/revisions"}],"wp:featuredmedia":[{"embeddable":true,"href":"https:\/\/noticiasdestaque.com.br\/index.php\/wp-json\/wp\/v2\/media\/51118"}],"wp:attachment":[{"href":"https:\/\/noticiasdestaque.com.br\/index.php\/wp-json\/wp\/v2\/media?parent=51117"}],"wp:term":[{"taxonomy":"category","embeddable":true,"href":"https:\/\/noticiasdestaque.com.br\/index.php\/wp-json\/wp\/v2\/categories?post=51117"},{"taxonomy":"post_tag","embeddable":true,"href":"https:\/\/noticiasdestaque.com.br\/index.php\/wp-json\/wp\/v2\/tags?post=51117"}],"curies":[{"name":"wp","href":"https:\/\/api.w.org\/{rel}","templated":true}]}}