{"id":51107,"date":"2026-03-29T04:05:00","date_gmt":"2026-03-29T07:05:00","guid":{"rendered":"https:\/\/noticiasdestaque.com.br\/index.php\/2026\/03\/29\/biometria-obrigatoria-para-beneficios-sociais-confira-prazos-e-regras-de-transicao\/"},"modified":"2026-03-29T04:05:00","modified_gmt":"2026-03-29T07:05:00","slug":"biometria-obrigatoria-para-beneficios-sociais-confira-prazos-e-regras-de-transicao","status":"publish","type":"post","link":"https:\/\/noticiasdestaque.com.br\/index.php\/2026\/03\/29\/biometria-obrigatoria-para-beneficios-sociais-confira-prazos-e-regras-de-transicao\/","title":{"rendered":"Biometria obrigat\u00f3ria para benef\u00edcios sociais: confira prazos e regras de transi\u00e7\u00e3o"},"content":{"rendered":"<p>\t\t\t\t\t\t\t\t\t\t\t<audio controls class=\"b61_audio_player\" data-noticia=\"88599\" src=\"https:\/\/brasil61.com\/rails\/active_storage\/blobs\/eyJfcmFpbHMiOnsibWVzc2FnZSI6IkJBaHBBMFVNQkE9PSIsImV4cCI6bnVsbCwicHVyIjoiYmxvYl9pZCJ9fQ==--047230cb3e8dcc8a2db12cf2aa6ab49b584aeec3\/BRAS2616140A\"><\/audio><\/p>\n<p>Para reduzir fraudes e garantir que os benef\u00edcios sociais sejam destinados a quem cumpre os crit\u00e9rios, o <strong>governo federal estabeleceu regras para a ado\u00e7\u00e3o gradual da biometria nos programas da Seguridade Social, como aposentadorias e aux\u00edlios<\/strong>. A medida consta na\u00a0<a href=\"https:\/\/www.in.gov.br\/web\/dou\/-\/portaria-conjunta-mds\/inss-n-36-de-10-de-fevereiro-de-2026-686545425\">Portaria Conjunta MDS\/INSS n\u00ba 36<\/a> e faz parte da agenda de transforma\u00e7\u00e3o digital do Estado.<\/p>\n<p><strong>At\u00e9 31 de dezembro de 2027, ser\u00e3o aceitos os cadastros biom\u00e9tricos j\u00e1 registrados em bases oficiais<\/strong> como:<\/p>\n<ul>\n<li>Carteira Nacional de Habilita\u00e7\u00e3o (<a href=\"https:\/\/www.gov.br\/transportes\/pt-br\/cnh-do-brasil\">CNH<\/a>);\u00a0<\/li>\n<li>Carteira de Registro Nacional Migrat\u00f3rio (<a href=\"https:\/\/www.gov.br\/pt-br\/servicos\/registrar-se-como-estrangeiro-no-brasil\">CRNM<\/a>) ou Documento Provis\u00f3rio de Registro Nacional Migrat\u00f3rio (<a href=\"https:\/\/www.gov.br\/pt-br\/servicos\/obter-documento-provisorio-de-registro-nacional-migratorio\">DPRNM<\/a>); e\u00a0<\/li>\n<li>Identifica\u00e7\u00e3o Civil Nacional (<a href=\"https:\/\/www.gov.br\/governodigital\/pt-br\/legislacao\/legislacao-identificacao-nacional-civil\">ICN<\/a>), sob responsabilidade do Tribunal Superior Eleitoral.<\/li>\n<\/ul>\n<p><strong>A partir de 1\u00ba de janeiro de 2028, somente a biometria vinculada \u00e0 Carteira de Identidade Nacional (<a href=\"https:\/\/www.gov.br\/governodigital\/pt-br\/identidade\/identificacao-do-cidadao-e-carteira-de-identidade-nacional\">CIN<\/a>) ser\u00e1 v\u00e1lida<\/strong>.<\/p>\n<p>Segundo o governo, dos cerca de 68 milh\u00f5es de benefici\u00e1rios, 84% j\u00e1 possuem biometria cadastrada em alguma base oficial. A gest\u00e3o federal afirma que a transi\u00e7\u00e3o ser\u00e1 realizada \u201cde forma organizada e gradual, com prazos adequados para que todos regularizem sua situa\u00e7\u00e3o\u201d.<\/p>\n<h2>BPC<\/h2>\n<p>Para quem <strong>solicita ou mant\u00e9m o Benef\u00edcio de Presta\u00e7\u00e3o Continuada<\/strong> (<a href=\"https:\/\/www.gov.br\/mds\/pt-br\/acoes-e-programas\/suas\/beneficios-assistenciais\/beneficio-assistencial-ao-idoso-e-a-pessoa-com-deficiencia-bpc\">BPC<\/a>),<strong> <\/strong>h\u00e1 prazos espec\u00edficos:<strong> at\u00e9 30 de abril de 2026 para novas solicita\u00e7\u00f5es <\/strong>e <strong>at\u00e9 31 de dezembro de 2026 para manuten\u00e7\u00e3o <\/strong>ou revis\u00e3o.\u00a0<\/p>\n<h2>Convoca\u00e7\u00e3o<\/h2>\n<p><strong>Benefici\u00e1rios que n\u00e3o tiverem biometria em nenhuma das bases ser\u00e3o convocados de forma gradual<\/strong>, junto ao processo de atualiza\u00e7\u00e3o do Cadastro \u00danico (<a href=\"https:\/\/www.gov.br\/pt-br\/servicos\/consultar-dados-do-cadastro-unico-cadunico\">Cad\u00danico<\/a>). Ap\u00f3s receber a notifica\u00e7\u00e3o, o <strong>cidad\u00e3o ter\u00e1 90 dias <\/strong>para efetivar o cadastro biom\u00e9trico.<\/p>\n<h2>Situa\u00e7\u00f5es de dispensa<\/h2>\n<p>A portaria tamb\u00e9m prev\u00ea<strong> situa\u00e7\u00f5es em que a exig\u00eancia poder\u00e1 ser dispensada<\/strong>:<\/p>\n<ul>\n<li>pessoas com 80 anos ou mais;<\/li>\n<li>migrantes, refugiados e ap\u00e1tridas que apresentem protocolos oficiais; e<\/li>\n<li>benefici\u00e1rios residentes em munic\u00edpios em situa\u00e7\u00e3o de emerg\u00eancia ou calamidade p\u00fablica reconhecida pelo Governo Federal.<\/li>\n<\/ul>\n<p><strong>VEJA MAIS:<\/strong><\/p>\n<ul>\n<li><a href=\"https:\/\/brasil61.com\/n\/governo-lanca-pacote-de-transformacao-digital-com-foco-em-servicos-publicos-mais-eficientes-e-acessiveis-bras2514374\">Governo lan\u00e7a pacote de transforma\u00e7\u00e3o digital com foco em servi\u00e7os p\u00fablicos mais eficientes e acess\u00edveis<\/a><\/li>\n<li><a href=\"https:\/\/brasil61.com\/n\/fim-da-autoescola-obrigatoria-o-que-muda-e-quando-muda-bras2515256\">Fim da autoescola obrigat\u00f3ria: o que muda e quando muda<\/a><\/li>\n<\/ul>\n<p>\t\t\t\t\t\t\t\t\t\t<img loading=\"lazy\" decoding=\"async\" src=\"https:\/\/brasil61.com\/api\/v1\/serve_pixel\/17677\/88599\" alt=\"Pixel Brasil 61\" class=\"b61_pixel\" width=\"0\" height=\"0\"><\/p>\n<input type=\"hidden\" id=\"baseurl\" value=\"https:\/\/noticiasdestaque.com.br\"><input type=\"hidden\" id=\"audio_nonce\" value=\"9fd43fe80e\">","protected":false},"excerpt":{"rendered":"<p>Portaria do governo federal estabelece cronograma at\u00e9 2027 e exige Carteira de Identidade Nacional a partir de 2028; medida \u00e9 v\u00e1lida para aposentadorias, aux\u00edlios e BPC<\/p>\n","protected":false},"author":1,"featured_media":51108,"comment_status":"open","ping_status":"open","sticky":false,"template":"","format":"standard","meta":{"fifu_image_url":"","fifu_image_alt":"","footnotes":""},"categories":[48],"tags":[],"class_list":["post-51107","post","type-post","status-publish","format-standard","has-post-thumbnail","hentry","category-mundo"],"distributor_meta":false,"distributor_terms":false,"distributor_media":false,"distributor_original_site_name":"Noticias em Destaque","distributor_original_site_url":"https:\/\/noticiasdestaque.com.br","push-errors":false,"_links":{"self":[{"href":"https:\/\/noticiasdestaque.com.br\/index.php\/wp-json\/wp\/v2\/posts\/51107","targetHints":{"allow":["GET"]}}],"collection":[{"href":"https:\/\/noticiasdestaque.com.br\/index.php\/wp-json\/wp\/v2\/posts"}],"about":[{"href":"https:\/\/noticiasdestaque.com.br\/index.php\/wp-json\/wp\/v2\/types\/post"}],"author":[{"embeddable":true,"href":"https:\/\/noticiasdestaque.com.br\/index.php\/wp-json\/wp\/v2\/users\/1"}],"replies":[{"embeddable":true,"href":"https:\/\/noticiasdestaque.com.br\/index.php\/wp-json\/wp\/v2\/comments?post=51107"}],"version-history":[{"count":0,"href":"https:\/\/noticiasdestaque.com.br\/index.php\/wp-json\/wp\/v2\/posts\/51107\/revisions"}],"wp:featuredmedia":[{"embeddable":true,"href":"https:\/\/noticiasdestaque.com.br\/index.php\/wp-json\/wp\/v2\/media\/51108"}],"wp:attachment":[{"href":"https:\/\/noticiasdestaque.com.br\/index.php\/wp-json\/wp\/v2\/media?parent=51107"}],"wp:term":[{"taxonomy":"category","embeddable":true,"href":"https:\/\/noticiasdestaque.com.br\/index.php\/wp-json\/wp\/v2\/categories?post=51107"},{"taxonomy":"post_tag","embeddable":true,"href":"https:\/\/noticiasdestaque.com.br\/index.php\/wp-json\/wp\/v2\/tags?post=51107"}],"curies":[{"name":"wp","href":"https:\/\/api.w.org\/{rel}","templated":true}]}}