{"id":51097,"date":"2026-03-28T04:50:00","date_gmt":"2026-03-28T07:50:00","guid":{"rendered":"https:\/\/noticiasdestaque.com.br\/index.php\/2026\/03\/28\/caravana-federativa-leva-computadores-e-servicos-a-gestores-e-instituicoes-no-rio\/"},"modified":"2026-03-28T04:50:00","modified_gmt":"2026-03-28T07:50:00","slug":"caravana-federativa-leva-computadores-e-servicos-a-gestores-e-instituicoes-no-rio","status":"publish","type":"post","link":"https:\/\/noticiasdestaque.com.br\/index.php\/2026\/03\/28\/caravana-federativa-leva-computadores-e-servicos-a-gestores-e-instituicoes-no-rio\/","title":{"rendered":"Caravana Federativa leva computadores e servi\u00e7os a gestores e institui\u00e7\u00f5es no Rio"},"content":{"rendered":"<p>\t\t\t\t\t\t\t\t\t\t\t<audio controls class=\"b61_audio_player\" data-noticia=\"88566\" src=\"https:\/\/brasil61.com\/rails\/active_storage\/blobs\/eyJfcmFpbHMiOnsibWVzc2FnZSI6IkJBaHBBMEFMQkE9PSIsImV4cCI6bnVsbCwicHVyIjoiYmxvYl9pZCJ9fQ==--50605ea308d7a72e51980ac816e4792a11d32173\/MCOM260347A\"><\/audio><\/p>\n<p>Creches, associa\u00e7\u00f5es beneficentes e entidades culturais do estado do <a href=\"https:\/\/brasil61.com\/noticias\/tag\/rio-de-janeiro\">Rio de Janeiro<\/a> receberam 500 computadores do <a href=\"https:\/\/www.gov.br\/mcom\/pt-br\">Minist\u00e9rio das Comunica\u00e7\u00f5es<\/a>. A entrega foi feita durante a <a href=\"https:\/\/portalfederativo.gov.br\/pt-br\/18a-caravana-federativa-rio-de-janeiro\">18\u00aa Caravana Federativa<\/a>, realizada nesta quinta-feira (26), em Niter\u00f3i, iniciativa que visa ampliar o acesso \u00e0 tecnologia e fortalecer projetos socioeducativos e de inclus\u00e3o digital.<\/p>\n<p>Os equipamentos fazem parte do <a href=\"https:\/\/www.gov.br\/mcom\/pt-br\/acesso-a-informacao\/acoes-e-programas\/programas-projetos-acoes-obras-e-atividades\/computadores-para-inclusao-1\">Programa Computadores para Inclus\u00e3o<\/a>, que promove o reaproveitamento de m\u00e1quinas de inform\u00e1tica para apoiar institui\u00e7\u00f5es que atendem popula\u00e7\u00f5es em situa\u00e7\u00e3o de vulnerabilidade. As entidades beneficiadas foram selecionadas pela <a href=\"https:\/\/www.gov.br\/sri\/pt-br\">Secretaria de Rela\u00e7\u00f5es Institucionais da Presid\u00eancia da Rep\u00fablica (SRI\/PR)<\/a>, respons\u00e1vel pela organiza\u00e7\u00e3o do evento.<\/p>\n<p>\u201cEstamos garantindo que a tecnologia chegue onde ela faz mais diferen\u00e7a, nas comunidades que mais precisam, ampliando oportunidades e fortalecendo a cidadania. Cada computador entregue aqui no Rio de Janeiro representa uma nova oportunidade. Mais acesso \u00e0 educa\u00e7\u00e3o, mais inclus\u00e3o digital e mais chance de transforma\u00e7\u00e3o de vida para as crian\u00e7as, jovens e fam\u00edlias atendidas por essas institui\u00e7\u00f5es\u201d, destacou Munique de Souza, assessora t\u00e9cnica da <a href=\"https:\/\/www.gov.br\/mcom\/pt-br\/composicao\/assessorias-especiais\/participacao-social-e-diversidade\">Assessoria de Participa\u00e7\u00e3o Social e Diversidade do Minist\u00e9rio das Comunica\u00e7\u00f5es<\/a>.<\/p>\n<h2>Caravana<\/h2>\n<p>A Caravana Federativa re\u00fane minist\u00e9rios, bancos p\u00fablicos e diversos \u00f3rg\u00e3os federais em um grande espa\u00e7o de atendimento aos gestores p\u00fablicos. O objetivo \u00e9 aproximar o Governo Federal de estados e munic\u00edpios, facilitando o acesso das prefeituras a programas, pol\u00edticas p\u00fablicas e linhas de financiamento.<\/p>\n<p>Durante o evento, gestores municipais podem tirar d\u00favidas, receber orienta\u00e7\u00f5es t\u00e9cnicas e firmar parcerias que contribuem para melhorar a gest\u00e3o p\u00fablica e ampliar os servi\u00e7os oferecidos \u00e0 popula\u00e7\u00e3o.<\/p>\n<p>A iniciativa tamb\u00e9m acelera o acesso a recursos e programas em \u00e1reas estrat\u00e9gicas como educa\u00e7\u00e3o, sa\u00fade, infraestrutura, habita\u00e7\u00e3o e inclus\u00e3o digital, fortalecendo a coopera\u00e7\u00e3o entre os diferentes n\u00edveis de governo.<\/p>\n<h2>Atendimentos<\/h2>\n<p>Al\u00e9m da entrega dos equipamentos, o Minist\u00e9rio das Comunica\u00e7\u00f5es tamb\u00e9m atendeu gestores municipais em um estande montado na caravana. No local, equipes t\u00e9cnicas da Anatel e companhias vinculadas orientaram prefeitos, secret\u00e1rios e representantes municipais sobre programas, servi\u00e7os e pol\u00edticas p\u00fablicas nas \u00e1reas de telecomunica\u00e7\u00f5es, radiodifus\u00e3o e inclus\u00e3o digital.<\/p>\n<p>Entre os temas mais procurados pelos gestores estiveram o licenciamento de antenas de telefonia, a expans\u00e3o da conectividade e o leil\u00e3o da faixa de 700 MHz, que prev\u00ea ampliar a cobertura de 4G e 5G em \u00e1reas rurais, rodovias e localidades sem sinal de internet.<\/p>\n<p>No estado do Rio de Janeiro, a iniciativa deve beneficiar 63 localidades em 31 munic\u00edpios. Em todo o pa\u00eds, a expectativa \u00e9 que o leil\u00e3o leve conectividade a cerca de 1,2 milh\u00e3o de pessoas e a mais de 500 pequenas localidades atualmente sem cobertura.<\/p>\n<p>\t\t\t\t\t\t\t\t\t\t<img loading=\"lazy\" decoding=\"async\" src=\"https:\/\/brasil61.com\/api\/v1\/serve_pixel\/17677\/88566\" alt=\"Pixel Brasil 61\" class=\"b61_pixel\" width=\"0\" height=\"0\"><\/p>\n<input type=\"hidden\" id=\"baseurl\" value=\"https:\/\/noticiasdestaque.com.br\"><input type=\"hidden\" id=\"audio_nonce\" value=\"62ca87eee3\">","protected":false},"excerpt":{"rendered":"<p>Al\u00e9m da entrega de 500 m\u00e1quinas, evento orienta munic\u00edpios sobre conectividade e pol\u00edticas p\u00fablicas<\/p>\n","protected":false},"author":1,"featured_media":51098,"comment_status":"open","ping_status":"open","sticky":false,"template":"","format":"standard","meta":{"fifu_image_url":"","fifu_image_alt":"","footnotes":""},"categories":[48],"tags":[],"class_list":["post-51097","post","type-post","status-publish","format-standard","has-post-thumbnail","hentry","category-mundo"],"distributor_meta":false,"distributor_terms":false,"distributor_media":false,"distributor_original_site_name":"Noticias em Destaque","distributor_original_site_url":"https:\/\/noticiasdestaque.com.br","push-errors":false,"_links":{"self":[{"href":"https:\/\/noticiasdestaque.com.br\/index.php\/wp-json\/wp\/v2\/posts\/51097","targetHints":{"allow":["GET"]}}],"collection":[{"href":"https:\/\/noticiasdestaque.com.br\/index.php\/wp-json\/wp\/v2\/posts"}],"about":[{"href":"https:\/\/noticiasdestaque.com.br\/index.php\/wp-json\/wp\/v2\/types\/post"}],"author":[{"embeddable":true,"href":"https:\/\/noticiasdestaque.com.br\/index.php\/wp-json\/wp\/v2\/users\/1"}],"replies":[{"embeddable":true,"href":"https:\/\/noticiasdestaque.com.br\/index.php\/wp-json\/wp\/v2\/comments?post=51097"}],"version-history":[{"count":0,"href":"https:\/\/noticiasdestaque.com.br\/index.php\/wp-json\/wp\/v2\/posts\/51097\/revisions"}],"wp:featuredmedia":[{"embeddable":true,"href":"https:\/\/noticiasdestaque.com.br\/index.php\/wp-json\/wp\/v2\/media\/51098"}],"wp:attachment":[{"href":"https:\/\/noticiasdestaque.com.br\/index.php\/wp-json\/wp\/v2\/media?parent=51097"}],"wp:term":[{"taxonomy":"category","embeddable":true,"href":"https:\/\/noticiasdestaque.com.br\/index.php\/wp-json\/wp\/v2\/categories?post=51097"},{"taxonomy":"post_tag","embeddable":true,"href":"https:\/\/noticiasdestaque.com.br\/index.php\/wp-json\/wp\/v2\/tags?post=51097"}],"curies":[{"name":"wp","href":"https:\/\/api.w.org\/{rel}","templated":true}]}}