{"id":51095,"date":"2026-03-28T04:55:00","date_gmt":"2026-03-28T07:55:00","guid":{"rendered":"https:\/\/noticiasdestaque.com.br\/index.php\/2026\/03\/28\/apexbrasil-e-ministerio-da-saude-promovem-dialogos-estrategicos-com-reino-unido-e-america-latina\/"},"modified":"2026-03-28T04:55:00","modified_gmt":"2026-03-28T07:55:00","slug":"apexbrasil-e-ministerio-da-saude-promovem-dialogos-estrategicos-com-reino-unido-e-america-latina","status":"publish","type":"post","link":"https:\/\/noticiasdestaque.com.br\/index.php\/2026\/03\/28\/apexbrasil-e-ministerio-da-saude-promovem-dialogos-estrategicos-com-reino-unido-e-america-latina\/","title":{"rendered":"ApexBrasil e Minist\u00e9rio da Sa\u00fade promovem di\u00e1logos estrat\u00e9gicos com Reino Unido e Am\u00e9rica Latina"},"content":{"rendered":"<p>\t\t\t\t\t\t\t\t\t\t\t<audio controls class=\"b61_audio_player\" data-noticia=\"88562\" src=\"https:\/\/brasil61.com\/rails\/active_storage\/blobs\/eyJfcmFpbHMiOnsibWVzc2FnZSI6IkJBaHBBeW9MQkE9PSIsImV4cCI6bnVsbCwicHVyIjoiYmxvYl9pZCJ9fQ==--6e296a517928207aa30e5292936faa653d72bdca\/APEX260116A\"><\/audio><\/p>\n<p><strong>A Ag\u00eancia Brasileira de Promo\u00e7\u00e3o de Exporta\u00e7\u00f5es e Investimentos <a href=\"https:\/\/apexbrasil.com.br\/content\/apexbrasil\/br\/pt.html\" target=\"_blank\">(ApexBrasil)<\/a>, em parceria com o <a href=\"https:\/\/www.gov.br\/saude\/pt-br\" target=\"_blank\">Minist\u00e9rio da Sa\u00fade<\/a>, promoveu no Windsor Barra Hotel, no Rio de Janeiro, dois eventos voltados ao mercado europeu: o \u201cDi\u00e1logo Brasil-Reino Unido em Sa\u00fade\u201d, realizado em 25 de mar\u00e7o, e o \u201cDi\u00e1logo Internacional: desafios e oportunidades para a coopera\u00e7\u00e3o em tecnologia em sa\u00fade\u201d, realizado em 26 de mar\u00e7o.<\/strong><\/p>\n<h2>Di\u00e1logo Brasil-Reino Unido em Sa\u00fade<\/h2>\n<p><strong>O encontro do dia 25, realizado com parceria da Embaixada do Reino Unido no Brasil, teve como objetivo refor\u00e7ar a coopera\u00e7\u00e3o estrat\u00e9gica entre os dois pa\u00edses no setor de sa\u00fade, em alinhamento com o Memorando de Entendimento assinado em 2025.<\/strong><\/p>\n<p>A programa\u00e7\u00e3o reuniu autoridades p\u00fablicas, institui\u00e7\u00f5es de pesquisa, organismos internacionais e representantes do setor produtivo, fortalecendo o di\u00e1logo bilateral com \u00eanfase em inova\u00e7\u00e3o, desenvolvimento tecnol\u00f3gico e amplia\u00e7\u00e3o do acesso a mercados globais.<\/p>\n<p><strong>Durante o evento, o ministro da Sa\u00fade, Alexandre Padilha, destacou que os dois pa\u00edses compartilham caracter\u00edsticas relevantes, como a ado\u00e7\u00e3o de sistemas universais de sa\u00fade \u2014 fator que favorece a troca de experi\u00eancias e a constru\u00e7\u00e3o de solu\u00e7\u00f5es conjuntas.<\/strong><\/p>\n<p>\u201cO Servi\u00e7o Nacional de Sa\u00fade ingl\u00eas, refer\u00eancia internacional enquanto sistema universal, \u00e9 frequentemente chamado de \u2018irm\u00e3o mais velho\u2019 do SUS, que inspirou a constru\u00e7\u00e3o do nosso sistema. J\u00e1 o SUS brasileiro \u00e9 o maior sistema p\u00fablico universal do mundo, o \u00fanico em um pa\u00eds com mais de 100 milh\u00f5es de habitantes com o compromisso de garantir acesso universal \u00e0 sa\u00fade\u201d, afirmou.<\/p>\n<p>A mesa de abertura contou ainda com a presen\u00e7a da embaixadora do Reino Unido no Brasil, Stephanie Al-Qaq; da gerente de Ind\u00fastria e Servi\u00e7os da ApexBrasil, Maria Paula Velloso; do gerente do Departamento de Ind\u00fastria da Sa\u00fade do BNDES, Vitor Pimentel; da vice-presidente de Produ\u00e7\u00e3o e Inova\u00e7\u00e3o em Sa\u00fade da Fiocruz, Priscila Ferraz; e da secret\u00e1ria de Ci\u00eancia, Tecnologia e Inova\u00e7\u00e3o em Sa\u00fade do Minist\u00e9rio da Sa\u00fade, Fernanda de Negri.<\/p>\n<p>Na ocasi\u00e3o, os participantes ressaltaram o car\u00e1ter estrat\u00e9gico da coopera\u00e7\u00e3o bilateral para o fortalecimento dos sistemas de sa\u00fade e o avan\u00e7o da inova\u00e7\u00e3o.<\/p>\n<p>Stephanie Al-Qaq enfatizou que fatores como o avan\u00e7o da medicina, o envelhecimento populacional e a crescente press\u00e3o sobre os sistemas p\u00fablicos tornam a coopera\u00e7\u00e3o internacional cada vez mais necess\u00e1ria. \u201cA coopera\u00e7\u00e3o entre pa\u00edses \u00e9 essencial para enfrentar desafios globais e promover sistemas de sa\u00fade mais resilientes e sustent\u00e1veis\u201d, pontuou.<\/p>\n<p><strong>Representando a ApexBrasil, Maria Paula Velloso chamou aten\u00e7\u00e3o para o papel da Ag\u00eancia na promo\u00e7\u00e3o internacional do setor de sa\u00fade brasileiro. Na avalia\u00e7\u00e3o dela, essa atua\u00e7\u00e3o inclui tanto o apoio \u00e0 internacionaliza\u00e7\u00e3o de empresas quanto a atra\u00e7\u00e3o de investimentos estrangeiros, sempre em articula\u00e7\u00e3o com parceiros institucionais.<\/strong><\/p>\n<p>Maria Paula tamb\u00e9m comentou sobre o potencial do Brasil como mercado e plataforma de desenvolvimento, evidenciando a for\u00e7a produtiva do pa\u00eds e as possibilidades de expans\u00e3o para novos mercados, especialmente por meio de colabora\u00e7\u00f5es internacionais.<\/p>\n<p>\u201cA sa\u00fade \u00e9 um setor estrat\u00e9gico, que exige pol\u00edticas de longo prazo, est\u00edmulo \u00e0 inova\u00e7\u00e3o e integra\u00e7\u00e3o com agendas globais de com\u00e9rcio e investimento. Eventos como este s\u00e3o fundamentais para construir caminhos s\u00f3lidos de coopera\u00e7\u00e3o e gera\u00e7\u00e3o de neg\u00f3cios\u201d, disse.<\/p>\n<p><strong>VEJA MAIS:<\/strong><\/p>\n<ul>\n<li><a href=\"https:\/\/brasil61.com\/n\/apexbrasil-anuncia-plano-de-acao-2026-2031-durante-celebracao-de-tres-anos-do-programa-mulheres-e-negocios-internacionais-apex260108\" target=\"_blank\">ApexBrasil anuncia Plano de A\u00e7\u00e3o 2026\u20132031 durante celebra\u00e7\u00e3o de tr\u00eas anos do Programa Mulheres e Neg\u00f3cios Internacionais<\/a><\/li>\n<li><a href=\"https:\/\/brasil61.com\/n\/minerais-estrategicos-apexbrasil-intensifica-esforcos-para-atrair-investimentos-no-setor-apex260106\" target=\"_blank\">Minerais estrat\u00e9gicos: ApexBrasil intensifica esfor\u00e7os para atrair investimentos no setor<\/a><\/li>\n<\/ul>\n<p>A secret\u00e1ria Fernanda de Negri destacou a relev\u00e2ncia da coopera\u00e7\u00e3o internacional diante de um contexto global repleto de desafios complexos, incluindo mudan\u00e7as clim\u00e1ticas, transi\u00e7\u00e3o demogr\u00e1fica e avan\u00e7os tecnol\u00f3gicos.<\/p>\n<p>Para ela, o envelhecimento da popula\u00e7\u00e3o e o aparecimento de novas tecnologias \u2014 como terapias g\u00eanicas e medicina personalizada \u2014 t\u00eam aumentado os custos dos sistemas de sa\u00fade, demandando novas estrat\u00e9gias de gest\u00e3o e inova\u00e7\u00e3o.<\/p>\n<p>\u201cA coopera\u00e7\u00e3o com o Reino Unido \u00e9 fundamental para enfrentarmos esses desafios de forma conjunta, desenvolvendo solu\u00e7\u00f5es que sejam ao mesmo tempo inovadoras e sustent\u00e1veis\u201d, afirmou.<\/p>\n<h2>Di\u00e1logo Internacional em Tecnologia e Sa\u00fade<\/h2>\n<p><strong>O evento do dia 26, promovido com apoio da Organiza\u00e7\u00e3o Pan-Americana da Sa\u00fade (Opas), buscou estruturar um espa\u00e7o de di\u00e1logo internacional em sa\u00fade, reunindo governos, organismos internacionais, autoridades regulat\u00f3rias, institui\u00e7\u00f5es de pesquisa, setor produtivo e outros atores relevantes, com foco em inova\u00e7\u00e3o, regula\u00e7\u00e3o e desenvolvimento tecnol\u00f3gico.<\/strong><\/p>\n<p>Ao longo do dia, o di\u00e1logo reuniu pa\u00edses da Am\u00e9rica Latina e da Europa, com o objetivo de aprofundar a coopera\u00e7\u00e3o em sa\u00fade, enfatizando inova\u00e7\u00e3o, regula\u00e7\u00e3o e o desenvolvimento de tecnologias na \u00e1rea.<\/p>\n<p>As discuss\u00f5es abordaram temas como coopera\u00e7\u00e3o, tecnologia, regula\u00e7\u00e3o e investimentos, consolidando o evento como um ambiente prop\u00edcio \u00e0 transforma\u00e7\u00e3o do di\u00e1logo institucional em iniciativas concretas, com gera\u00e7\u00e3o de projetos, parcerias e investimentos.<br \/>\n\u00a0<\/p>\n<p>\t\t\t\t\t\t\t\t\t\t<img loading=\"lazy\" decoding=\"async\" src=\"https:\/\/brasil61.com\/api\/v1\/serve_pixel\/17677\/88562\" alt=\"Pixel Brasil 61\" class=\"b61_pixel\" width=\"0\" height=\"0\"><\/p>\n<input type=\"hidden\" id=\"baseurl\" value=\"https:\/\/noticiasdestaque.com.br\"><input type=\"hidden\" id=\"audio_nonce\" value=\"9fd43fe80e\">","protected":false},"excerpt":{"rendered":"<p>Em evento no Rio de Janeiro, participantes destacaram car\u00e1ter estrat\u00e9gico da coopera\u00e7\u00e3o bilateral para o fortalecimento dos sistemas de sa\u00fade e o avan\u00e7o da inova\u00e7\u00e3o<\/p>\n","protected":false},"author":1,"featured_media":51096,"comment_status":"open","ping_status":"open","sticky":false,"template":"","format":"standard","meta":{"fifu_image_url":"","fifu_image_alt":"","footnotes":""},"categories":[51],"tags":[],"class_list":["post-51095","post","type-post","status-publish","format-standard","has-post-thumbnail","hentry","category-saude"],"distributor_meta":false,"distributor_terms":false,"distributor_media":false,"distributor_original_site_name":"Noticias em Destaque","distributor_original_site_url":"https:\/\/noticiasdestaque.com.br","push-errors":false,"_links":{"self":[{"href":"https:\/\/noticiasdestaque.com.br\/index.php\/wp-json\/wp\/v2\/posts\/51095","targetHints":{"allow":["GET"]}}],"collection":[{"href":"https:\/\/noticiasdestaque.com.br\/index.php\/wp-json\/wp\/v2\/posts"}],"about":[{"href":"https:\/\/noticiasdestaque.com.br\/index.php\/wp-json\/wp\/v2\/types\/post"}],"author":[{"embeddable":true,"href":"https:\/\/noticiasdestaque.com.br\/index.php\/wp-json\/wp\/v2\/users\/1"}],"replies":[{"embeddable":true,"href":"https:\/\/noticiasdestaque.com.br\/index.php\/wp-json\/wp\/v2\/comments?post=51095"}],"version-history":[{"count":0,"href":"https:\/\/noticiasdestaque.com.br\/index.php\/wp-json\/wp\/v2\/posts\/51095\/revisions"}],"wp:featuredmedia":[{"embeddable":true,"href":"https:\/\/noticiasdestaque.com.br\/index.php\/wp-json\/wp\/v2\/media\/51096"}],"wp:attachment":[{"href":"https:\/\/noticiasdestaque.com.br\/index.php\/wp-json\/wp\/v2\/media?parent=51095"}],"wp:term":[{"taxonomy":"category","embeddable":true,"href":"https:\/\/noticiasdestaque.com.br\/index.php\/wp-json\/wp\/v2\/categories?post=51095"},{"taxonomy":"post_tag","embeddable":true,"href":"https:\/\/noticiasdestaque.com.br\/index.php\/wp-json\/wp\/v2\/tags?post=51095"}],"curies":[{"name":"wp","href":"https:\/\/api.w.org\/{rel}","templated":true}]}}