{"id":51075,"date":"2026-03-27T04:45:00","date_gmt":"2026-03-27T07:45:00","guid":{"rendered":"https:\/\/noticiasdestaque.com.br\/index.php\/2026\/03\/27\/industria-brasileira-ganha-projecao-global-na-hannover-messe-2026\/"},"modified":"2026-03-27T23:40:37","modified_gmt":"2026-03-28T02:40:37","slug":"industria-brasileira-ganha-projecao-global-na-hannover-messe-2026","status":"publish","type":"post","link":"https:\/\/noticiasdestaque.com.br\/index.php\/2026\/03\/27\/industria-brasileira-ganha-projecao-global-na-hannover-messe-2026\/","title":{"rendered":"Ind\u00fastria brasileira ganha proje\u00e7\u00e3o global na Hannover Messe 2026"},"content":{"rendered":"<p>\t\t\t\t\t\t\t\t\t\t<audio controls class=\"b61_audio_player\" data-noticia=\"88560\" src=\"https:\/\/brasil61.com\/rails\/active_storage\/blobs\/eyJfcmFpbHMiOnsibWVzc2FnZSI6IkJBaHBBeThMQkE9PSIsImV4cCI6bnVsbCwicHVyIjoiYmxvYl9pZCJ9fQ==--3de04a764d3a59c64354a95c6dbefe7767c04451\/APEX260115B\"><\/audio><\/p>\n<p><strong>A Ag\u00eancia Brasileira de Promo\u00e7\u00e3o de Exporta\u00e7\u00f5es e Investimentos <a href=\"https:\/\/apexbrasil.com.br\/\" target=\"_blank\">(ApexBrasil)<\/a> lidera a organiza\u00e7\u00e3o da participa\u00e7\u00e3o do Brasil como pa\u00eds parceiro oficial da Hannover Messe 2026, a maior feira industrial do mundo, realizada na Alemanha. O evento est\u00e1 previsto para ocorrer entre os dias 20 e 24 de abril de deste ano.<\/strong><\/p>\n<p>A iniciativa marca um reposicionamento estrat\u00e9gico da ind\u00fastria brasileira no cen\u00e1rio global, alinhado \u00e0 pol\u00edtica industrial retomada pelo governo do presidente da Rep\u00fablica Luiz In\u00e1cio Lula da Silva e conduzida pelo vice-presidente e ministro do Minist\u00e9rio do Desenvolvimento, Ind\u00fastria, Com\u00e9rcio e Servi\u00e7os <a href=\"https:\/\/www.gov.br\/mdic\/pt-br\" target=\"_blank\">(MDIC)<\/a>, Geraldo Alckmin.<\/p>\n<h2>Retomada industrial e estrat\u00e9gia internacional<\/h2>\n<p><strong>A decis\u00e3o de assumir o papel de pa\u00eds parceiro ocorre em sintonia com a recria\u00e7\u00e3o do MDIC e com a implementa\u00e7\u00e3o da pol\u00edtica industrial Nova Ind\u00fastria Brasil (NIB), que recoloca o setor produtivo no centro da estrat\u00e9gia de desenvolvimento nacional.<\/strong><\/p>\n<p>\u201cO Brasil chega \u00e0 Hannover Messe em um novo momento, com a retomada da pol\u00edtica industrial liderada pelo presidente Lula e pelo vice-presidente Geraldo Alckmin, por meio da Nova Ind\u00fastria Brasil. Nosso objetivo \u00e9 apresentar ao mundo um pa\u00eds competitivo, sustent\u00e1vel e inovador, capaz de atrair investimentos e de participar das grandes transforma\u00e7\u00f5es tecnol\u00f3gicas que est\u00e3o redefinindo a ind\u00fastria global\u201d, destaca o presidente da ApexBrasil, Jorge Viana.<\/p>\n<p>\u201cDois anos atr\u00e1s, n\u00f3s, da dire\u00e7\u00e3o da ApexBrasil, come\u00e7amos a trabalhar com a dire\u00e7\u00e3o da Hannover Messe a participa\u00e7\u00e3o do Brasil neste ano de 2026. Da\u00ed o nosso interesse de levar o que o Brasil tem de novo, de inova\u00e7\u00e3o na ind\u00fastria, para a maior feira industrial do mundo\u201d, complementa.<\/p>\n<p>A participa\u00e7\u00e3o brasileira foi articulada pela ApexBrasil, em parceria com a Embaixada do Brasil em Berlim, o Minist\u00e9rio das Rela\u00e7\u00f5es Exteriores e o MDIC.<\/p>\n<p>\u201cToda a nossa ind\u00fastria \u00e9 baseada em uma matriz energ\u00e9tica quase 100% renov\u00e1vel. Isso significa que produzir no Brasil, cooperar com o Brasil para a produ\u00e7\u00e3o industrial, significa cooperar em prol de uma produ\u00e7\u00e3o industrial com uma pegada de carbono cada vez menor. E isso hoje \u00e9 um diferencial estrat\u00e9gico, \u00e9 um diferencial competitivo\u201d, explica Ana Repezza.<\/p>\n<p><strong>Com a implementa\u00e7\u00e3o da NIB, o pa\u00eds voltou a contar com uma pol\u00edtica industrial estruturada, baseada em inova\u00e7\u00e3o, competitividade, sustentabilidade e fortalecimento das cadeias produtivas. No primeiro ano do programa, a produ\u00e7\u00e3o industrial cresceu 3,1%, com previs\u00e3o de investimentos de R$ 300 bilh\u00f5es at\u00e9 2026.<\/strong><\/p>\n<p>O cen\u00e1rio macroecon\u00f4mico tamb\u00e9m refor\u00e7a essa trajet\u00f3ria. A infla\u00e7\u00e3o projetada para o per\u00edodo de 2023 a 2026 tende a ser a menor desde o Plano Real, enquanto a taxa de desemprego se aproxima de 5%, segundo dados recentes. O \u00cdndice de Gini atingiu o menor n\u00edvel da s\u00e9rie hist\u00f3rica, indicando redu\u00e7\u00e3o da desigualdade e amplia\u00e7\u00e3o do consumo.<\/p>\n<h2>Vantagens competitivas e transi\u00e7\u00e3o energ\u00e9tica<\/h2>\n<p><strong>O Brasil se destaca globalmente na agenda de transi\u00e7\u00e3o energ\u00e9tica e descarboniza\u00e7\u00e3o. Quase 90% da eletricidade do pa\u00eds prov\u00e9m de fontes renov\u00e1veis \u2014 uma das matrizes mais limpas do mundo.<\/strong><\/p>\n<p>Al\u00e9m disso, o pa\u00eds possui a segunda maior reserva global de terras raras, insumos essenciais para tecnologias como ve\u00edculos el\u00e9tricos, turbinas e\u00f3licas, baterias e semicondutores.<\/p>\n<p><strong>VEJA MAIS:<\/strong><\/p>\n<ul>\n<li><a href=\"https:\/\/brasil61.com\/n\/apexbrasil-anuncia-plano-de-acao-2026-2031-durante-celebracao-de-tres-anos-do-programa-mulheres-e-negocios-internacionais-apex260108\" target=\"_blank\">ApexBrasil anuncia Plano de A\u00e7\u00e3o 2026\u20132031 durante celebra\u00e7\u00e3o de tr\u00eas anos do Programa Mulheres e Neg\u00f3cios Internacionais<\/a><\/li>\n<li><a href=\"https:\/\/brasil61.com\/n\/minerais-estrategicos-apexbrasil-intensifica-esforcos-para-atrair-investimentos-no-setor-apex260106\" target=\"_blank\">Minerais estrat\u00e9gicos: ApexBrasil intensifica esfor\u00e7os para atrair investimentos no setor<\/a><\/li>\n<\/ul>\n<p>Essa combina\u00e7\u00e3o de energia limpa, recursos naturais estrat\u00e9gicos e base industrial fortalece o posicionamento do Brasil como destino relevante para investimentos internacionais voltados \u00e0 economia de baixo carbono.<\/p>\n<p><strong>O ambiente econ\u00f4mico favor\u00e1vel tamb\u00e9m se reflete na confian\u00e7a externa. O Brasil j\u00e1 ocupou a quarta posi\u00e7\u00e3o entre os maiores destinos de investimento estrangeiro direto no mundo, com ingressos superiores a US$ 60 bilh\u00f5es em um \u00fanico ano.<\/strong><\/p>\n<p>No com\u00e9rcio exterior, o pa\u00eds registra resultados hist\u00f3ricos, com recordes de exporta\u00e7\u00f5es e super\u00e1vits na balan\u00e7a comercial, evidenciando competitividade e integra\u00e7\u00e3o \u00e0s cadeias globais.<\/p>\n<h2>Estrutura da participa\u00e7\u00e3o brasileira na feira<\/h2>\n<p><strong>Na Hannover Messe 2026, o Brasil ter\u00e1 sua maior participa\u00e7\u00e3o j\u00e1 registrada. Ser\u00e3o seis pavilh\u00f5es, reunindo 140 empresas expositoras e mais de 300 participantes, em uma \u00e1rea total de 2.700 m\u00b2.<\/strong><\/p>\n<p>Os espa\u00e7os ser\u00e3o distribu\u00eddos em diferentes halls tem\u00e1ticos:<\/p>\n<ul>\n<li>Startups, Pesquisa &amp; Hidrog\u00eanio (Hall 11)<\/li>\n<li>Energia &amp; Armazenamento (Hall 12)<\/li>\n<li>Digitaliza\u00e7\u00e3o &amp; Software (Hall 16)<\/li>\n<li>Solu\u00e7\u00f5es Industriais &amp; Economia Circular (Hall 17)<\/li>\n<li>Automa\u00e7\u00e3o, Rob\u00f3tica, IA &amp; Seguran\u00e7a Digital (Hall 26)<\/li>\n<li>Componentes &amp; Automa\u00e7\u00e3o (Hall 27)<\/li>\n<\/ul>\n<p>A iniciativa busca ampliar a visibilidade internacional da ind\u00fastria brasileira e consolidar o pa\u00eds como polo de tecnologia, inova\u00e7\u00e3o e neg\u00f3cios.<\/p>\n<h2>Acordo Mercosul\u2013Uni\u00e3o Europeia<\/h2>\n<p><strong>A perspectiva de implementa\u00e7\u00e3o do acordo entre Mercosul e Uni\u00e3o Europeia adiciona uma dimens\u00e3o estrat\u00e9gica \u00e0 participa\u00e7\u00e3o brasileira. O bloco combinado representa um mercado de mais de 700 milh\u00f5es de consumidores e um PIB estimado em cerca de US$ 22 trilh\u00f5es, ampliando oportunidades de com\u00e9rcio, investimento e integra\u00e7\u00e3o produtiva.<\/strong><\/p>\n<p>Como pa\u00eds parceiro oficial, o Brasil se apresenta como uma pot\u00eancia industrial sustent\u00e1vel e inovadora, combinando ind\u00fastria, startups, centros de pesquisa e matriz energ\u00e9tica limpa para oferecer solu\u00e7\u00f5es em digitaliza\u00e7\u00e3o, descarboniza\u00e7\u00e3o, transi\u00e7\u00e3o energ\u00e9tica e manufatura avan\u00e7ada.<\/p>\n<h2>Apoio institucional e articula\u00e7\u00e3o<\/h2>\n<p>A iniciativa conta com o apoio de institui\u00e7\u00f5es como o Servi\u00e7o Brasileiro de Apoio \u00e0s Micro e Pequenas Empresas <a href=\"https:\/\/sebrae.com.br\/sites\/PortalSebrae\" target=\"_blank\">(SEBRAE)<\/a>, a <a href=\"https:\/\/www.vale.com\/pt\/home?utm_source=google+ads&amp;utm_medium=cpc&amp;utm_campaign=institucional&amp;utm_content=search&amp;gad_source=1&amp;gad_campaignid=23423457256&amp;gbraid=0AAAAAC9QIMRmfYGjHy4N1RbGE3skiB8Nu&amp;gclid=CjwKCAjwspPOBhB9EiwATFbi5EVxga_Gu3AOQC0hxZL8jXXhaGRWiS8NL3kmw-0kN3RR3JqTMwkYuxoCxvsQAvD_BwE\" target=\"_blank\">Vale<\/a>, o Banco Nacional de Desenvolvimento Econ\u00f4mico e Social <a href=\"https:\/\/www.bndes.gov.br\/wps\/portal\/site\/home\" target=\"_blank\">(BNDES)<\/a>, a Confedera\u00e7\u00e3o Nacional do Transporte <a href=\"https:\/\/www.cnt.org.br\/\" target=\"_blank\">(CNT)<\/a> e a <a href=\"https:\/\/www.vw.com.br\/pt.html\" target=\"_blank\">Volkswagen<\/a>.<\/p>\n<p>Tamb\u00e9m participam entidades estrat\u00e9gicas como <a href=\"https:\/\/embraer.com\/pt\" target=\"_blank\">Embraer<\/a>, Confedera\u00e7\u00e3o Nacional da Ind\u00fastria <a href=\"https:\/\/cni.portaldaindustria.com.br\/pt\/\" target=\"_blank\">(CNI)<\/a>, <a href=\"https:\/\/www.ahkbrasilien.com.br\/br\" target=\"_blank\">AHK Brasil<\/a>, <a href=\"https:\/\/www.messe.de\/en\/\" target=\"_blank\">Deutsche Messe<\/a>, <a href=\"https:\/\/www.abimaq.org.br\/\" target=\"_blank\">ABIMAC<\/a>, <a href=\"https:\/\/www.abinee.org.br\/\" target=\"_blank\">ABINEE <\/a>e <a href=\"https:\/\/softex.br\/\" target=\"_blank\">Softex<\/a>.<\/p>\n<p>Essa articula\u00e7\u00e3o entre governo, setor produtivo e institui\u00e7\u00f5es refor\u00e7a uma agenda comum voltada \u00e0 inova\u00e7\u00e3o, sustentabilidade e inser\u00e7\u00e3o internacional do Brasil \u2014 posicionando o pa\u00eds como protagonista na ind\u00fastria do futuro.<br \/>\n\u00a0<\/p>\n<p>\t\t\t\t\t\t\t\t\t<img loading=\"lazy\" decoding=\"async\" src=\"https:\/\/brasil61.com\/api\/v1\/serve_pixel\/17677\/88560\" alt=\"Pixel Brasil 61\" class=\"b61_pixel\" width=\"0\" height=\"0\"><\/p>\n<input type=\"hidden\" id=\"baseurl\" value=\"https:\/\/noticiasdestaque.com.br\"><input type=\"hidden\" id=\"audio_nonce\" value=\"eb7638fb71\">","protected":false},"excerpt":{"rendered":"<p>Participa\u00e7\u00e3o do Brasil \u00e9 organizada pela ApexBrasil; iniciativa marca um reposicionamento estrat\u00e9gico da ind\u00fastria nacional no cen\u00e1rio global<\/p>\n","protected":false},"author":1,"featured_media":51090,"comment_status":"open","ping_status":"open","sticky":false,"template":"","format":"standard","meta":{"fifu_image_url":"","fifu_image_alt":"","footnotes":""},"categories":[48],"tags":[],"class_list":["post-51075","post","type-post","status-publish","format-standard","has-post-thumbnail","hentry","category-mundo"],"distributor_meta":false,"distributor_terms":false,"distributor_media":false,"distributor_original_site_name":"Noticias em Destaque","distributor_original_site_url":"https:\/\/noticiasdestaque.com.br","push-errors":false,"_links":{"self":[{"href":"https:\/\/noticiasdestaque.com.br\/index.php\/wp-json\/wp\/v2\/posts\/51075","targetHints":{"allow":["GET"]}}],"collection":[{"href":"https:\/\/noticiasdestaque.com.br\/index.php\/wp-json\/wp\/v2\/posts"}],"about":[{"href":"https:\/\/noticiasdestaque.com.br\/index.php\/wp-json\/wp\/v2\/types\/post"}],"author":[{"embeddable":true,"href":"https:\/\/noticiasdestaque.com.br\/index.php\/wp-json\/wp\/v2\/users\/1"}],"replies":[{"embeddable":true,"href":"https:\/\/noticiasdestaque.com.br\/index.php\/wp-json\/wp\/v2\/comments?post=51075"}],"version-history":[{"count":1,"href":"https:\/\/noticiasdestaque.com.br\/index.php\/wp-json\/wp\/v2\/posts\/51075\/revisions"}],"predecessor-version":[{"id":51089,"href":"https:\/\/noticiasdestaque.com.br\/index.php\/wp-json\/wp\/v2\/posts\/51075\/revisions\/51089"}],"wp:featuredmedia":[{"embeddable":true,"href":"https:\/\/noticiasdestaque.com.br\/index.php\/wp-json\/wp\/v2\/media\/51090"}],"wp:attachment":[{"href":"https:\/\/noticiasdestaque.com.br\/index.php\/wp-json\/wp\/v2\/media?parent=51075"}],"wp:term":[{"taxonomy":"category","embeddable":true,"href":"https:\/\/noticiasdestaque.com.br\/index.php\/wp-json\/wp\/v2\/categories?post=51075"},{"taxonomy":"post_tag","embeddable":true,"href":"https:\/\/noticiasdestaque.com.br\/index.php\/wp-json\/wp\/v2\/tags?post=51075"}],"curies":[{"name":"wp","href":"https:\/\/api.w.org\/{rel}","templated":true}]}}