{"id":51073,"date":"2026-03-27T04:45:00","date_gmt":"2026-03-27T07:45:00","guid":{"rendered":"https:\/\/noticiasdestaque.com.br\/index.php\/2026\/03\/27\/comunidades-indigenas-da-amazonia-recebem-100-computadores-do-ministerio-das-comunicacoes\/"},"modified":"2026-03-27T04:45:00","modified_gmt":"2026-03-27T07:45:00","slug":"comunidades-indigenas-da-amazonia-recebem-100-computadores-do-ministerio-das-comunicacoes","status":"publish","type":"post","link":"https:\/\/noticiasdestaque.com.br\/index.php\/2026\/03\/27\/comunidades-indigenas-da-amazonia-recebem-100-computadores-do-ministerio-das-comunicacoes\/","title":{"rendered":"Comunidades ind\u00edgenas da Amaz\u00f4nia recebem 100 computadores do Minist\u00e9rio das Comunica\u00e7\u00f5es"},"content":{"rendered":"<p>\t\t\t\t\t\t\t\t\t\t\t<audio controls class=\"b61_audio_player\" data-noticia=\"88564\" src=\"https:\/\/brasil61.com\/rails\/active_storage\/blobs\/eyJfcmFpbHMiOnsibWVzc2FnZSI6IkJBaHBBendMQkE9PSIsImV4cCI6bnVsbCwicHVyIjoiYmxvYl9pZCJ9fQ==--84b465f5ebcb0c663ea206ec5f820d02c23dcc5b\/MCOM260346A\"><\/audio><\/p>\n<p>Povos de 10 aldeias <a href=\"https:\/\/brasil61.com\/noticias\/tag\/indigenas\">ind\u00edgenas<\/a> de Tabatinga (AM) foram contemplados com 100 computadores do Governo do Brasil. As doa\u00e7\u00f5es foram feitas na quarta-feira (25), fruto de um Acordo de Coopera\u00e7\u00e3o T\u00e9cnica entre os minist\u00e9rios das Comunica\u00e7\u00f5es e dos Direitos Humanos.<\/p>\n<p>As m\u00e1quinas, que seriam descartadas por \u00f3rg\u00e3os p\u00fablicos, foram renovadas. Agora, passam a compor pequenos laborat\u00f3rios p\u00fablicos de inform\u00e1tica como instrumentos de inclus\u00e3o digital para a popula\u00e7\u00e3o pr\u00f3xima \u00e0 fronteira entre Brasil, Peru e Col\u00f4mbia. Todos os equipamentos foram recondicionados por jovens capacitados profissionalmente nos <a href=\"https:\/\/antigo.mctic.gov.br\/mctic\/opencms\/comunicacao\/SETEL\/inclusao_digital\/CRCs\/CRCs.html?searchRef=crc&amp;tipoBusca=expressaoExata\">Centros de Recondicionamento de Computadores (CRCs)<\/a> do Minist\u00e9rio das Comunica\u00e7\u00f5es, espalhados pelo Brasil.\u00a0<\/p>\n<p>A secret\u00e1ria-executiva do <a href=\"https:\/\/www.gov.br\/mcom\/pt-br\">Minist\u00e9rio das Comunica\u00e7\u00f5es<\/a>, S\u00f4nia Faustino, destacou que os materiais ajudam a garantir o direito humano \u00e0 inclus\u00e3o digital e a promo\u00e7\u00e3o da cidadania em \u00e1reas remotas. \u201cQuando levamos computadores para uma comunidade ind\u00edgena, n\u00e3o estamos apenas entregando equipamentos, estamos abrindo caminhos para educa\u00e7\u00e3o, para comunica\u00e7\u00e3o, para autonomia e para o fortalecimento cultural. A <a href=\"https:\/\/brasil61.com\/noticias\/tag\/amazonia\">Amaz\u00f4nia<\/a> n\u00e3o est\u00e1 \u00e0 margem do Brasil, ela ocupa o lugar central na constru\u00e7\u00e3o do nosso projeto de pa\u00eds\u201d, afirmou.<\/p>\n<h2>Distribui\u00e7\u00e3o<\/h2>\n<p>Cada aldeia ter\u00e1, ao menos, dez computadores. As escolhas s\u00e3o feitas com base na urg\u00eancia de inclus\u00e3o digital da regi\u00e3o. O direcionamento das doa\u00e7\u00f5es \u00e9 de responsabilidade do <a href=\"https:\/\/www.gov.br\/mdh\/pt-br\">Minist\u00e9rio dos Direitos Humanos<\/a>, em parceria com a <a href=\"https:\/\/www.gov.br\/funai\/pt-br\">Funda\u00e7\u00e3o Nacional dos Povos Ind\u00edgenas (Funai)<\/a>.<\/p>\n<p>\u201cO governo do presidente Lula tem nos orientado a construir pol\u00edticas p\u00fablicas com escuta, com parceria e com presen\u00e7a real nos territ\u00f3rios. Seguiremos trabalhando para que a coletividade, a tecnologia e a comunica\u00e7\u00e3o sejam instrumentos de igualdade, de dignidade e de futuro para todos e todas\u201d, completou Faustino.<\/p>\n<p>Wesley Lima, chefe de Gabinete da <a href=\"https:\/\/www.gov.br\/mdh\/pt-br\/navegue-por-temas\/lgbt\">Secretaria Nacional dos Direitos das Pessoas LGBTQIA+<\/a> do MDH, exaltou as possibilidades da parceria interministerial. \u201cMais do que ampliar o acesso \u00e0 tecnologia, a entrega desses computadores tamb\u00e9m contribui para o enfrentamento das viol\u00eancias e das desigualdades. \u00c9 um aprendizado importante dos \u00faltimos anos e que, hoje, se torna central para a atua\u00e7\u00e3o do governo\u201d, declarou.<\/p>\n<p>\t\t\t\t\t\t\t\t\t\t<img loading=\"lazy\" decoding=\"async\" src=\"https:\/\/brasil61.com\/api\/v1\/serve_pixel\/17677\/88564\" alt=\"Pixel Brasil 61\" class=\"b61_pixel\" width=\"0\" height=\"0\"><\/p>\n<input type=\"hidden\" id=\"baseurl\" value=\"https:\/\/noticiasdestaque.com.br\"><input type=\"hidden\" id=\"audio_nonce\" value=\"eb7638fb71\">","protected":false},"excerpt":{"rendered":"<p>Equipamentos ficar\u00e3o em laborat\u00f3rios p\u00fablicos de 10 aldeias para garantir acesso \u00e0 tecnologia e inclus\u00e3o digital<\/p>\n","protected":false},"author":1,"featured_media":51074,"comment_status":"open","ping_status":"open","sticky":false,"template":"","format":"standard","meta":{"fifu_image_url":"","fifu_image_alt":"","footnotes":""},"categories":[48],"tags":[],"class_list":["post-51073","post","type-post","status-publish","format-standard","has-post-thumbnail","hentry","category-mundo"],"distributor_meta":false,"distributor_terms":false,"distributor_media":false,"distributor_original_site_name":"Noticias em Destaque","distributor_original_site_url":"https:\/\/noticiasdestaque.com.br","push-errors":false,"_links":{"self":[{"href":"https:\/\/noticiasdestaque.com.br\/index.php\/wp-json\/wp\/v2\/posts\/51073","targetHints":{"allow":["GET"]}}],"collection":[{"href":"https:\/\/noticiasdestaque.com.br\/index.php\/wp-json\/wp\/v2\/posts"}],"about":[{"href":"https:\/\/noticiasdestaque.com.br\/index.php\/wp-json\/wp\/v2\/types\/post"}],"author":[{"embeddable":true,"href":"https:\/\/noticiasdestaque.com.br\/index.php\/wp-json\/wp\/v2\/users\/1"}],"replies":[{"embeddable":true,"href":"https:\/\/noticiasdestaque.com.br\/index.php\/wp-json\/wp\/v2\/comments?post=51073"}],"version-history":[{"count":0,"href":"https:\/\/noticiasdestaque.com.br\/index.php\/wp-json\/wp\/v2\/posts\/51073\/revisions"}],"wp:featuredmedia":[{"embeddable":true,"href":"https:\/\/noticiasdestaque.com.br\/index.php\/wp-json\/wp\/v2\/media\/51074"}],"wp:attachment":[{"href":"https:\/\/noticiasdestaque.com.br\/index.php\/wp-json\/wp\/v2\/media?parent=51073"}],"wp:term":[{"taxonomy":"category","embeddable":true,"href":"https:\/\/noticiasdestaque.com.br\/index.php\/wp-json\/wp\/v2\/categories?post=51073"},{"taxonomy":"post_tag","embeddable":true,"href":"https:\/\/noticiasdestaque.com.br\/index.php\/wp-json\/wp\/v2\/tags?post=51073"}],"curies":[{"name":"wp","href":"https:\/\/api.w.org\/{rel}","templated":true}]}}