{"id":51071,"date":"2026-03-27T04:15:00","date_gmt":"2026-03-27T07:15:00","guid":{"rendered":"https:\/\/noticiasdestaque.com.br\/index.php\/2026\/03\/27\/senado-aprova-regras-para-desmembramento-de-municipios-entenda-o-caso-de-aracaju-e-sao-cristovao\/"},"modified":"2026-03-27T04:15:00","modified_gmt":"2026-03-27T07:15:00","slug":"senado-aprova-regras-para-desmembramento-de-municipios-entenda-o-caso-de-aracaju-e-sao-cristovao","status":"publish","type":"post","link":"https:\/\/noticiasdestaque.com.br\/index.php\/2026\/03\/27\/senado-aprova-regras-para-desmembramento-de-municipios-entenda-o-caso-de-aracaju-e-sao-cristovao\/","title":{"rendered":"Senado aprova regras para desmembramento de munic\u00edpios; entenda o caso de Aracaju e S\u00e3o Crist\u00f3v\u00e3o"},"content":{"rendered":"<p>\t\t\t\t\t\t\t\t\t\t\t<audio controls class=\"b61_audio_player\" data-noticia=\"88550\" src=\"https:\/\/brasil61.com\/rails\/active_storage\/blobs\/eyJfcmFpbHMiOnsibWVzc2FnZSI6IkJBaHBBeTRMQkE9PSIsImV4cCI6bnVsbCwicHVyIjoiYmxvYl9pZCJ9fQ==--9353ea9b1281079b4472b6d248035eb0a36a252b\/BRAS2616126A\"><\/audio><\/p>\n<p>O Senado aprovou, nesta quarta-feira (25), o Projeto de Lei Complementar (<a href=\"https:\/\/www25.senado.leg.br\/web\/atividade\/materias\/-\/materia\/173235\">PLP<\/a>) 6\/2024 que estabelece <strong>normas em caso de desmembramento de parte de um munic\u00edpio para incorpora\u00e7\u00e3o a outro<\/strong>. Aprovada por unanimidade, com 62 votos favor\u00e1veis, a proposta segue para san\u00e7\u00e3o do presidente Luiz In\u00e1cio Lula da Silva.<\/p>\n<p>O PLP determina que a separa\u00e7\u00e3o de \u00e1reas ocorra apenas quando destinada a outro munic\u00edpio, <strong>vedada a cria\u00e7\u00e3o de novo ente municipal<\/strong>. O texto <strong>pro\u00edbe ainda o desmembramento interestadual<\/strong>,\u00a0ou seja, a transfer\u00eancia de territ\u00f3rios entre estados.<\/p>\n<p>Como o processo afeta o c\u00e1lculo do Fundo de Participa\u00e7\u00e3o dos Munic\u00edpios (<a href=\"https:\/\/brasil61.com\/fpm\">FPM<\/a>) e de outras transfer\u00eancias constitucionais e legais, o projeto prev\u00ea que a <strong>nova divis\u00e3o desses recursos s\u00f3 ser\u00e1 aplicada no exerc\u00edcio financeiro seguinte \u00e0 aprova\u00e7\u00e3o da lei estadual<\/strong> que definir os novos limites entre os munic\u00edpios.<\/p>\n<h2>Prazos<\/h2>\n<p>O projeto estabelece o <strong>prazo de at\u00e9 15 anos<\/strong>, a partir da publica\u00e7\u00e3o da lei, para <strong>apresentar a solicita\u00e7\u00e3o de desmembramento<\/strong>. A medida prev\u00ea ainda a suspens\u00e3o do processo no ano anterior ao Censo Demogr\u00e1fico de 2030, a fim de evitar impactos nos c\u00e1lculos do Instituto Brasileiro de Geografia e Estat\u00edstica (<a href=\"https:\/\/www.ibge.gov.br\">IBGE<\/a>). A retomada ocorrer\u00e1 ap\u00f3s a divulga\u00e7\u00e3o dos resultados da contagem populacional.<\/p>\n<h2>Como solicitar o desmembramento?<\/h2>\n<p>Para formalizar o pedido, o <strong>processo dever\u00e1 cumprir etapas espec\u00edficas<\/strong>:<\/p>\n<ul>\n<li>iniciativa caber\u00e1 \u00e0 Assembleia Legislativa do respectivo estado;<\/li>\n<li>elabora\u00e7\u00e3o do Estudo de Viabilidade Municipal (EVM);\u00a0<\/li>\n<li>realiza\u00e7\u00e3o de plebiscito nos munic\u00edpios envolvidos, organizado pelo Tribunal Superior Eleitoral (<a href=\"https:\/\/www.tse.jus.br\">TSE<\/a>), durante o per\u00edodo eleitoral; e<\/li>\n<li>caso a proposta seja aprovada, os novos limites territoriais dever\u00e3o ser demarcados.<\/li>\n<\/ul>\n<p>De acordo com o texto, os estudos de viabilidade devem contemplar <strong>an\u00e1lises de natureza econ\u00f4mico-financeira e fiscal dos munic\u00edpios ap\u00f3s o desmembramento<\/strong>, al\u00e9m da avalia\u00e7\u00e3o da infraestrutura dispon\u00edvel e da presta\u00e7\u00e3o de servi\u00e7os p\u00fablicos essenciais. Tamb\u00e9m ser\u00e1 exigida <strong>an\u00e1lise urban\u00edstica e social<\/strong>, ao considerar os aspectos relacionados \u00e0 identidade e ao sentimento de pertencimento da popula\u00e7\u00e3o residente na \u00e1rea afetada.<\/p>\n<h2>Aracaju x S\u00e3o Crist\u00f3v\u00e3o<\/h2>\n<p>O debate sobre normas para a redefini\u00e7\u00e3o de limites territoriais entre munic\u00edpios ocorre em meio \u00e0 repercuss\u00e3o da disputa entre cidades de Sergipe.<\/p>\n<p>O Tribunal Regional Federal da 5\u00aa Regi\u00e3o (<a href=\"https:\/\/www.trf5.jus.br\">TRF-5<\/a>) confirmou a decis\u00e3o que determina a devolu\u00e7\u00e3o de <strong>11,4% do territ\u00f3rio <\/strong>de <strong>Aracaju<\/strong> a <strong>S\u00e3o Crist\u00f3v\u00e3o<\/strong>. A \u00e1rea em disputa, localizada na Zona de Expans\u00e3o, tem cerca de <strong>20,7 km\u00b2 <\/strong>e a decis\u00e3o deve impactar aproximadamente <strong>30 mil moradores<\/strong>.<\/p>\n<p>A Prefeitura de Aracaju afirma que administra a regi\u00e3o h\u00e1 mais de 70 anos e destaca os investimentos realizados na \u00e1rea, considerada estrat\u00e9gica para o crescimento urbano da capital. J\u00e1 S\u00e3o Crist\u00f3v\u00e3o sustenta que o territ\u00f3rio possui v\u00ednculos hist\u00f3ricos com o munic\u00edpio e que a decis\u00e3o refor\u00e7a a seguran\u00e7a jur\u00eddica do processo.\u00a0<\/p>\n<p>O caso ainda aguarda a conclus\u00e3o de um estudo t\u00e9cnico do governo de Sergipe, que servir\u00e1 de base para a redefini\u00e7\u00e3o dos limites entre os munic\u00edpios.<\/p>\n<p><strong>VEJA MAIS:<\/strong><\/p>\n<p><a href=\"https:\/\/brasil61.com\/n\/disputa-na-justica-deve-fazer-com-que-30-mil-pessoas-mudem-de-cidade-no-nordeste-bras2616095\">Disputa na Justi\u00e7a deve fazer com que 30 mil pessoas mudem de cidade no Nordeste<\/a><\/p>\n<p>\t\t\t\t\t\t\t\t\t\t<img loading=\"lazy\" decoding=\"async\" src=\"https:\/\/brasil61.com\/api\/v1\/serve_pixel\/17677\/88550\" alt=\"Pixel Brasil 61\" class=\"b61_pixel\" width=\"0\" height=\"0\"><\/p>\n<input type=\"hidden\" id=\"baseurl\" value=\"https:\/\/noticiasdestaque.com.br\"><input type=\"hidden\" id=\"audio_nonce\" value=\"eb7638fb71\">","protected":false},"excerpt":{"rendered":"<p>Projeto pro\u00edbe cria\u00e7\u00e3o de novas cidades, veta desmembramento entre estados e define crit\u00e9rios para redistribui\u00e7\u00e3o de recursos; disputa em Sergipe deve afetar 30 mil moradores<\/p>\n","protected":false},"author":1,"featured_media":51072,"comment_status":"open","ping_status":"open","sticky":false,"template":"","format":"standard","meta":{"fifu_image_url":"","fifu_image_alt":"","footnotes":""},"categories":[48],"tags":[],"class_list":["post-51071","post","type-post","status-publish","format-standard","has-post-thumbnail","hentry","category-mundo"],"distributor_meta":false,"distributor_terms":false,"distributor_media":false,"distributor_original_site_name":"Noticias em Destaque","distributor_original_site_url":"https:\/\/noticiasdestaque.com.br","push-errors":false,"_links":{"self":[{"href":"https:\/\/noticiasdestaque.com.br\/index.php\/wp-json\/wp\/v2\/posts\/51071","targetHints":{"allow":["GET"]}}],"collection":[{"href":"https:\/\/noticiasdestaque.com.br\/index.php\/wp-json\/wp\/v2\/posts"}],"about":[{"href":"https:\/\/noticiasdestaque.com.br\/index.php\/wp-json\/wp\/v2\/types\/post"}],"author":[{"embeddable":true,"href":"https:\/\/noticiasdestaque.com.br\/index.php\/wp-json\/wp\/v2\/users\/1"}],"replies":[{"embeddable":true,"href":"https:\/\/noticiasdestaque.com.br\/index.php\/wp-json\/wp\/v2\/comments?post=51071"}],"version-history":[{"count":0,"href":"https:\/\/noticiasdestaque.com.br\/index.php\/wp-json\/wp\/v2\/posts\/51071\/revisions"}],"wp:featuredmedia":[{"embeddable":true,"href":"https:\/\/noticiasdestaque.com.br\/index.php\/wp-json\/wp\/v2\/media\/51072"}],"wp:attachment":[{"href":"https:\/\/noticiasdestaque.com.br\/index.php\/wp-json\/wp\/v2\/media?parent=51071"}],"wp:term":[{"taxonomy":"category","embeddable":true,"href":"https:\/\/noticiasdestaque.com.br\/index.php\/wp-json\/wp\/v2\/categories?post=51071"},{"taxonomy":"post_tag","embeddable":true,"href":"https:\/\/noticiasdestaque.com.br\/index.php\/wp-json\/wp\/v2\/tags?post=51071"}],"curies":[{"name":"wp","href":"https:\/\/api.w.org\/{rel}","templated":true}]}}