{"id":51069,"date":"2026-03-27T04:20:00","date_gmt":"2026-03-27T07:20:00","guid":{"rendered":"https:\/\/noticiasdestaque.com.br\/index.php\/2026\/03\/27\/pesquisa-da-ufms-desenvolve-metodo-mais-eficiente-e-menos-agressivo-de-quimioterapia-para-tratamentos-oncologicos\/"},"modified":"2026-03-27T04:20:00","modified_gmt":"2026-03-27T07:20:00","slug":"pesquisa-da-ufms-desenvolve-metodo-mais-eficiente-e-menos-agressivo-de-quimioterapia-para-tratamentos-oncologicos","status":"publish","type":"post","link":"https:\/\/noticiasdestaque.com.br\/index.php\/2026\/03\/27\/pesquisa-da-ufms-desenvolve-metodo-mais-eficiente-e-menos-agressivo-de-quimioterapia-para-tratamentos-oncologicos\/","title":{"rendered":"Pesquisa da UFMS desenvolve m\u00e9todo mais eficiente e menos agressivo de quimioterapia para tratamentos oncol\u00f3gicos"},"content":{"rendered":"<p>\t\t\t\t\t\t\t\t\t\t\t<audio controls class=\"b61_audio_player\" data-noticia=\"88563\" src=\"https:\/\/brasil61.com\/rails\/active_storage\/blobs\/eyJfcmFpbHMiOnsibWVzc2FnZSI6IkJBaHBBemtMQkE9PSIsImV4cCI6bnVsbCwicHVyIjoiYmxvYl9pZCJ9fQ==--3a51b8430ebf4c101c3557818f8804bce62882f0\/BRAS2616130A\"><\/audio><\/p>\n<p>Uma pesquisa da Universidade Federal de Mato Grosso do Sul (UFMS) investiga uma nova estrat\u00e9gia para <strong>tornar a quimioterapia mais eficiente e menos agressiva ao organismo dos pacientes portadores de c\u00e2ncer<\/strong>. O estudo visa <strong>minimizar os efeitos colaterais dos medicamentos<\/strong> \u2014 como enjoos, v\u00f4mito e queda de cabelo \u2014, utilizando nanopart\u00edculas de s\u00edlica anexadas a \u00e1cido f\u00f3lico para <strong>transport\u00e1-los diretamente at\u00e9 as c\u00e9lulas tumorais e evitando tecidos saud\u00e1veis<\/strong>.<\/p>\n<p>Apresentada na tese de doutorado da pesquisadora doutora do Instituto de Qu\u00edmica (Inqui) da UFMS Kristiane Fanti Del Pino, a <strong>proposta previa a utiliza\u00e7\u00e3o dos f\u00e1rmacos Citarabina<\/strong> \u2014 utilizado no tratamento de leucemias, linfomas e alguns c\u00e2nceres de sistema nervoso central \u2014 <strong>e<\/strong> <strong>Doxorrubicina<\/strong> (controle) \u2014 utilizado no tratamento de diferentes tipos de c\u00e2ncer \u2014 <strong>incorporados \u00e0s nanopart\u00edculas de s\u00edlica modificadas com \u00e1cido f\u00f3lico com o objetivo de direcionar a libera\u00e7\u00e3o dos medicamentos \u00e0s c\u00e9lulas cancerosas<\/strong>.<\/p>\n<p>\u201cO foco do nosso estudo \u00e9 o de <strong>tentar amenizar esses efeitos colaterais adversos que o f\u00e1rmaco causa<\/strong>, porque os pacientes ficam muito debilitados quando eles come\u00e7am a fazer quimioterapia. N\u00e3o \u00e9 s\u00f3 algo de est\u00e9tica, que caiu o cabelo, a\u00ed a pessoa tem que usar len\u00e7o, ou usar peruca. N\u00e3o, realmente,\u00a0<strong>o sistema imunol\u00f3gico fica muito abalado e essas pessoas sentem muito mal-estar<\/strong>, mas muito mesmo\u201d, destaca a doutora.<\/p>\n<p>No <strong>modelo atual de quimioterapia<\/strong>, esses <strong>medicamentos s\u00e3o liberados abertamente no organismo do paciente e agem sobre todas as c\u00e9lulas<\/strong>, o que <strong>resulta nos efeitos colaterais e prejudica a efici\u00eancia<\/strong>. O <strong>sistema proposto pelo estudo funciona quase como um &#8220;Cavalo de Troia&#8221;<\/strong>, no qual as <strong>nanopart\u00edculas de s\u00edlica atuam como ve\u00edculos refor\u00e7ados de transporte<\/strong> de quantidades maiores de medicamento, que os protegem de agir sobre c\u00e9lulas saud\u00e1veis, enquanto <strong>o revestimento de \u00e1cido f\u00f3lico atua como um \u201c\u00edm\u00e3\u201d, direcionando o sistema at\u00e9 as c\u00e9lulas cancer\u00edgenas<\/strong>. <strong>Com superf\u00edcies ricas em receptores de folato, essas c\u00e9lulas reconhecem o \u00e1cido f\u00f3lico do sistema e se agarram a ele, absorvendo a nanopart\u00edcula que, ent\u00e3o, libera o f\u00e1rmaco<\/strong>.<\/p>\n<h2>Resultados promissores<\/h2>\n<p>O estudo est\u00e1, atualmente, em<strong> fase pr\u00e9-cl\u00ednica<\/strong>, <strong>j\u00e1 tendo envolvido testes em animais<\/strong>. <strong>Na primeira fase de testes em laborat\u00f3rio, ap\u00f3s serem incorporados \u00e0s nanopart\u00edculas de s\u00edlica, os medicamentos foram aplicados em modelos experimentais de c\u00e2ncer in vitro<\/strong>. Os resultados indicaram a obten\u00e7\u00e3o da caracter\u00edstica de seletividade para o f\u00e1rmaco combinado \u00e0 nanopart\u00edcula de at\u00e9 300 vezes para c\u00e9lulas cancer\u00edgenas. Isso <strong>significa que a medica\u00e7\u00e3o combinada \u00e0s nanopart\u00edculas de s\u00edlica foram, nos testes in vitro, 300 vezes mais ativas nas c\u00e9lulas tumorais do que nas c\u00e9lulas saud\u00e1veis<\/strong>.<\/p>\n<p>Na<strong> segunda fase do estudo, com testes in vivo<\/strong> \u2014 quando se introduz a testagem em animais \u2014, a equipe<strong> incindiu c\u00e9lulas tumorais em camundongos para que eles desenvolvessem a doen\u00e7a e aplicou a combina\u00e7\u00e3o dos f\u00e1rmacos com a nanopart\u00edcula de s\u00edlica<\/strong>. Os <strong>resultados<\/strong> obtidos, ainda que preliminares, r<strong>efor\u00e7aram a capacidade de redu\u00e7\u00e3o dos tumores em at\u00e9 99,6% e n\u00e3o mostraram nenhuma queda de pelo nos animais<\/strong>. Apesar disso, a pesquisadora explica que os <strong>resultados ainda s\u00e3o inconclusivos e s\u00e3o necess\u00e1rios mais testes em animais<\/strong> para a confirma\u00e7\u00e3o da hip\u00f3tese de que o m\u00e9todo diminuiria efeitos colaterais como queda capilar.<\/p>\n<p>O trabalho foi realizado pela pesquisadora sob a orienta\u00e7\u00e3o e coordena\u00e7\u00e3o do professor do Inqui Marco Antonio Utrera Martines e apoio da professora doutora da Faculdade de Ci\u00eancias Farmac\u00eauticas, Alimentos e Nutri\u00e7\u00e3o (FACFAN) da UFMS Daniele Bogo. Para a realiza\u00e7\u00e3o dos testes pr\u00e9-cl\u00ednicos, a pesquisa contou com a parceria do Programa de Sa\u00fade e Desenvolvimento do Centro-Oeste, e foi realizada em conjunto com a Faculdade de Medicina (FAMED) da UFMS, no espa\u00e7o do laborat\u00f3rio de biologia molecular da FACFAN.<\/p>\n<h2>Futuro Incerto<\/h2>\n<p>Apesar dos <strong>resultados promissores<\/strong>, o estudo ainda <strong>precisa percorrer algumas etapas antes de estar apto \u00e0 testagem em seres humanos<\/strong>. Kristiane explica que a pesquisa, que foi desenvolvida durante cerca de sete anos, ainda <strong>necessita de testes de dosagem correta em animais, tempo de libera\u00e7\u00e3o das medica\u00e7\u00f5es, entre outros passos para poder avan\u00e7ar aos testes em humanos<\/strong>.\u00a0<\/p>\n<p>Al\u00e9m disso, a doutora pesquisadora, que atualmente segue em um grupo distinto de pesquisa, destaca que <strong>dependeria de uma s\u00e9rie de parcerias para retomar o estudo, pois precisaria de uma equipe que envolvesse bi\u00f3logos, m\u00e9dicos e outros profissionais, al\u00e9m de verba para subs\u00eddio e manuten\u00e7\u00e3o da equipe<\/strong>. Ela refor\u00e7a a torcida para que algum <strong>\u00f3rg\u00e3o de fomento reconhe\u00e7a o valor e o potencial da pesquisa e ofere\u00e7a a oportunidade de dar seguimento a ela<\/strong>, uma vez que os resultados apresentados s\u00e3o resultado de anos de trabalho e que o tratamento oncol\u00f3gico \u00e9 uma preocupa\u00e7\u00e3o crescente no pa\u00eds.<\/p>\n<p>\u201cParticularmente, eu gostaria que a gente conseguisse apoio de algum \u00f3rg\u00e3o de fomento, CAPES, CNPQ, n\u00e3o sei, que pudesse nos dar a oportunidade para poder continuar desenvolvendo essa pesquisa, porque, com os testes pr\u00e9-cl\u00ednicos, ela apresentou ser bem promissora. E logo a gente conseguir, dentro de alguns anos pois leva tempo, trazer isso at\u00e9 o SUS\u201d, complementa Kristiane.<\/p>\n<p>\u00a0<\/p>\n<p>Com dados da UFMS.<\/p>\n<p>\t\t\t\t\t\t\t\t\t\t<img loading=\"lazy\" decoding=\"async\" src=\"https:\/\/brasil61.com\/api\/v1\/serve_pixel\/17677\/88563\" alt=\"Pixel Brasil 61\" class=\"b61_pixel\" width=\"0\" height=\"0\"><\/p>\n<input type=\"hidden\" id=\"baseurl\" value=\"https:\/\/noticiasdestaque.com.br\"><input type=\"hidden\" id=\"audio_nonce\" value=\"eb7638fb71\">","protected":false},"excerpt":{"rendered":"<p>Proposta combina medica\u00e7\u00f5es tradicionais com nanopart\u00edculas de s\u00edlica para concentrar o tratamento nas c\u00e9lulas cancer\u00edgenas e evitar efeitos colaterais, como n\u00e1useas e perda de cabelo<\/p>\n","protected":false},"author":1,"featured_media":51070,"comment_status":"open","ping_status":"open","sticky":false,"template":"","format":"standard","meta":{"fifu_image_url":"","fifu_image_alt":"","footnotes":""},"categories":[51],"tags":[],"class_list":["post-51069","post","type-post","status-publish","format-standard","has-post-thumbnail","hentry","category-saude"],"distributor_meta":false,"distributor_terms":false,"distributor_media":false,"distributor_original_site_name":"Noticias em Destaque","distributor_original_site_url":"https:\/\/noticiasdestaque.com.br","push-errors":false,"_links":{"self":[{"href":"https:\/\/noticiasdestaque.com.br\/index.php\/wp-json\/wp\/v2\/posts\/51069","targetHints":{"allow":["GET"]}}],"collection":[{"href":"https:\/\/noticiasdestaque.com.br\/index.php\/wp-json\/wp\/v2\/posts"}],"about":[{"href":"https:\/\/noticiasdestaque.com.br\/index.php\/wp-json\/wp\/v2\/types\/post"}],"author":[{"embeddable":true,"href":"https:\/\/noticiasdestaque.com.br\/index.php\/wp-json\/wp\/v2\/users\/1"}],"replies":[{"embeddable":true,"href":"https:\/\/noticiasdestaque.com.br\/index.php\/wp-json\/wp\/v2\/comments?post=51069"}],"version-history":[{"count":0,"href":"https:\/\/noticiasdestaque.com.br\/index.php\/wp-json\/wp\/v2\/posts\/51069\/revisions"}],"wp:featuredmedia":[{"embeddable":true,"href":"https:\/\/noticiasdestaque.com.br\/index.php\/wp-json\/wp\/v2\/media\/51070"}],"wp:attachment":[{"href":"https:\/\/noticiasdestaque.com.br\/index.php\/wp-json\/wp\/v2\/media?parent=51069"}],"wp:term":[{"taxonomy":"category","embeddable":true,"href":"https:\/\/noticiasdestaque.com.br\/index.php\/wp-json\/wp\/v2\/categories?post=51069"},{"taxonomy":"post_tag","embeddable":true,"href":"https:\/\/noticiasdestaque.com.br\/index.php\/wp-json\/wp\/v2\/tags?post=51069"}],"curies":[{"name":"wp","href":"https:\/\/api.w.org\/{rel}","templated":true}]}}