{"id":51053,"date":"2026-03-26T18:00:00","date_gmt":"2026-03-26T21:00:00","guid":{"rendered":"https:\/\/noticiasdestaque.com.br\/index.php\/2026\/03\/26\/previsao-do-tempo-instabilidade-e-chuvas-atingem-o-nordeste-nesta-sexta-feira-27\/"},"modified":"2026-03-26T18:00:00","modified_gmt":"2026-03-26T21:00:00","slug":"previsao-do-tempo-instabilidade-e-chuvas-atingem-o-nordeste-nesta-sexta-feira-27","status":"publish","type":"post","link":"https:\/\/noticiasdestaque.com.br\/index.php\/2026\/03\/26\/previsao-do-tempo-instabilidade-e-chuvas-atingem-o-nordeste-nesta-sexta-feira-27\/","title":{"rendered":"PREVIS\u00c3O DO TEMPO: Instabilidade e chuvas atingem o Nordeste nesta sexta-feira (27)"},"content":{"rendered":"<p>\t\t\t\t\t\t\t\t\t\t\t<audio controls class=\"b61_audio_player\" data-noticia=\"88552\" src=\"https:\/\/brasil61.com\/rails\/active_storage\/blobs\/eyJfcmFpbHMiOnsibWVzc2FnZSI6IkJBaHBBeUlMQkE9PSIsImV4cCI6bnVsbCwicHVyIjoiYmxvYl9pZCJ9fQ==--01626400113d08b475917726c8f24ac2a6724237\/PTND264997A\"><\/audio><\/p>\n<p>\u00a0<\/p>\n<\/p>\n<p>O <strong>Instituto Nacional de Meteorologia<\/strong> (<a href=\"https:\/\/portal.inmet.gov.br\/\">Inmet<\/a>) emitiu <strong>alerta de chuvas intensas <\/strong>para a Regi\u00e3o Nordeste nesta sexta-feira (27).<\/p>\n<p>No <strong>Maranh\u00e3o<\/strong>, a previs\u00e3o \u00e9 de <strong>muitas nuvens com pancadas de chuva e trovoadas isoladas<\/strong> em Mat\u00f5es do Norte, Lago Verde e Brejo de Areia, na regi\u00e3o central do estado.<\/p>\n<p>No <strong>Piau\u00ed<\/strong>, h\u00e1 <strong>muitas nuvens com pancadas de chuva isolada<\/strong> em Esperantina e Miguel Alves, no norte piauiense. No <strong>Cear\u00e1<\/strong>, pode <strong>chover <\/strong>em Amontada e Sobral, no litoral e norte do estado.<\/p>\n<p>No <strong>Rio Grande do Norte<\/strong>, o dia ser\u00e1 de muitas nuvens. J\u00e1 na <strong>Para\u00edba<\/strong>, <strong>Pernambuco<\/strong>, <strong>Alagoas <\/strong>e <strong>Sergipe<\/strong>, h\u00e1 previs\u00e3o de <strong>chuva <\/strong>na faixa litor\u00e2nea.<\/p>\n<p>Na <strong>Bahia<\/strong>, h\u00e1 chance de <strong>chuva isolada<\/strong> em S\u00e3o Jos\u00e9 da Vit\u00f3ria e Santa Luzia, no sul do estado.<\/p>\n<p>Entre as capitais, a temperatura m\u00ednima prevista \u00e9 de 23\u00b0C em Teresina. J\u00e1 a m\u00e1xima pode chegar a 32\u00b0C, em Natal. A umidade relativa do ar varia entre 55% e 95%.<\/p>\n<h2>5 motivos para acompanhar as previs\u00f5es do tempo<\/h2>\n<ul>\n<li>Agricultura: garantia de uma boa colheita;<\/li>\n<li>Marinha: prote\u00e7\u00e3o de marinheiros, navios e passageiros;<\/li>\n<li>Aeron\u00e1utica: seguran\u00e7a de pilotos, aeronaves e passageiros;<\/li>\n<li>Pesca: condi\u00e7\u00f5es favor\u00e1veis e seguras para a atividade;<\/li>\n<li>Turismo: garantia de passeios e viagens tranquilas e agrad\u00e1veis.<\/li>\n<\/ul>\n<h2>Import\u00e2ncia das observa\u00e7\u00f5es meteorol\u00f3gicas no INMET<\/h2>\n<p>As observa\u00e7\u00f5es meteorol\u00f3gicas do <a href=\"https:\/\/portal.inmet.gov.br\/\">INMET<\/a> s\u00e3o essenciais para previs\u00f5es em tempo real, estat\u00edsticas clim\u00e1ticas e coopera\u00e7\u00e3o internacional. Esses dados precisos ajudam a estudar o clima passado e a produzir Normais Climatol\u00f3gicas conforme a <strong>Organiza\u00e7\u00e3o Meteorol\u00f3gica Mundial <\/strong>(<a href=\"https:\/\/worldweather.wmo.int\/pt\/home.html\">OMM<\/a>).<\/p>\n<p>As informa\u00e7\u00f5es s\u00e3o do <strong>Instituto Nacional de Meteorologia<\/strong> (<a href=\"https:\/\/portal.inmet.gov.br\/\">Inmet<\/a>).<br \/>\n\u00a0<\/p>\n<p>\t\t\t\t\t\t\t\t\t\t<img loading=\"lazy\" decoding=\"async\" src=\"https:\/\/brasil61.com\/api\/v1\/serve_pixel\/17677\/88552\" alt=\"Pixel Brasil 61\" class=\"b61_pixel\" width=\"0\" height=\"0\"><\/p>\n<input type=\"hidden\" id=\"baseurl\" value=\"https:\/\/noticiasdestaque.com.br\"><input type=\"hidden\" id=\"audio_nonce\" value=\"581f3017e1\">","protected":false},"excerpt":{"rendered":"<p>No Maranh\u00e3o, a previs\u00e3o \u00e9 de muitas nuvens com pancadas de chuva e trovoadas isoladas em Mat\u00f5es do Norte, Lago Verde e Brejo de Areia, na regi\u00e3o central do estado<\/p>\n","protected":false},"author":1,"featured_media":51054,"comment_status":"open","ping_status":"open","sticky":false,"template":"","format":"standard","meta":{"fifu_image_url":"","fifu_image_alt":"","footnotes":""},"categories":[58],"tags":[],"class_list":["post-51053","post","type-post","status-publish","format-standard","has-post-thumbnail","hentry","category-cotidiano"],"distributor_meta":false,"distributor_terms":false,"distributor_media":false,"distributor_original_site_name":"Noticias em Destaque","distributor_original_site_url":"https:\/\/noticiasdestaque.com.br","push-errors":false,"_links":{"self":[{"href":"https:\/\/noticiasdestaque.com.br\/index.php\/wp-json\/wp\/v2\/posts\/51053","targetHints":{"allow":["GET"]}}],"collection":[{"href":"https:\/\/noticiasdestaque.com.br\/index.php\/wp-json\/wp\/v2\/posts"}],"about":[{"href":"https:\/\/noticiasdestaque.com.br\/index.php\/wp-json\/wp\/v2\/types\/post"}],"author":[{"embeddable":true,"href":"https:\/\/noticiasdestaque.com.br\/index.php\/wp-json\/wp\/v2\/users\/1"}],"replies":[{"embeddable":true,"href":"https:\/\/noticiasdestaque.com.br\/index.php\/wp-json\/wp\/v2\/comments?post=51053"}],"version-history":[{"count":0,"href":"https:\/\/noticiasdestaque.com.br\/index.php\/wp-json\/wp\/v2\/posts\/51053\/revisions"}],"wp:featuredmedia":[{"embeddable":true,"href":"https:\/\/noticiasdestaque.com.br\/index.php\/wp-json\/wp\/v2\/media\/51054"}],"wp:attachment":[{"href":"https:\/\/noticiasdestaque.com.br\/index.php\/wp-json\/wp\/v2\/media?parent=51053"}],"wp:term":[{"taxonomy":"category","embeddable":true,"href":"https:\/\/noticiasdestaque.com.br\/index.php\/wp-json\/wp\/v2\/categories?post=51053"},{"taxonomy":"post_tag","embeddable":true,"href":"https:\/\/noticiasdestaque.com.br\/index.php\/wp-json\/wp\/v2\/tags?post=51053"}],"curies":[{"name":"wp","href":"https:\/\/api.w.org\/{rel}","templated":true}]}}