{"id":51049,"date":"2026-03-26T11:00:00","date_gmt":"2026-03-26T14:00:00","guid":{"rendered":"https:\/\/noticiasdestaque.com.br\/index.php\/2026\/03\/26\/governo-do-brasil-inaugura-canais-de-tv-abertos-para-moradores-de-venancio-aires-rs\/"},"modified":"2026-03-26T11:00:00","modified_gmt":"2026-03-26T14:00:00","slug":"governo-do-brasil-inaugura-canais-de-tv-abertos-para-moradores-de-venancio-aires-rs","status":"publish","type":"post","link":"https:\/\/noticiasdestaque.com.br\/index.php\/2026\/03\/26\/governo-do-brasil-inaugura-canais-de-tv-abertos-para-moradores-de-venancio-aires-rs\/","title":{"rendered":"Governo do Brasil inaugura canais de TV abertos para moradores de Ven\u00e2ncio Aires (RS)"},"content":{"rendered":"<p>\t\t\t\t\t\t\t\t\t\t\t<audio controls class=\"b61_audio_player\" data-noticia=\"88543\" src=\"https:\/\/brasil61.com\/rails\/active_storage\/blobs\/eyJfcmFpbHMiOnsibWVzc2FnZSI6IkJBaHBBejhLQkE9PSIsImV4cCI6bnVsbCwicHVyIjoiYmxvYl9pZCJ9fQ==--4008841879fef5dff827e2d7615efba9cf639409\/MCOM260345A\"><\/audio><\/p>\n<p>Os 68 mil habitantes de Ven\u00e2ncio Aires, no <a href=\"https:\/\/brasil61.com\/noticias\/tag\/rio-grande-do-sul\">Rio Grande do Sul<\/a>, ganharam novos canais de televis\u00e3o digital aberta e gratuita. O <a href=\"https:\/\/www.ifsul.edu.br\/\">Instituto Federal de Educa\u00e7\u00e3o, Ci\u00eancia e Tecnologia Sul-rio-grandense<\/a> inaugurou, na \u00faltima ter\u00e7a-feira (24), a IFSul TV, emissora que passa a integrar a <a href=\"https:\/\/rncp.ebc.com.br\/\">Rede Nacional de Comunica\u00e7\u00e3o P\u00fablica<\/a>, em parceria com a <a href=\"https:\/\/www.ebc.com.br\/\">Empresa Brasil de Comunica\u00e7\u00e3o (EBC)<\/a>.<\/p>\n<p>Com o in\u00edcio das transmiss\u00f5es, os moradores passam a receber sinal digital em alta defini\u00e7\u00e3o, podendo assistir \u00e0 programa\u00e7\u00e3o da TV Brasil pelo canal 2.1, al\u00e9m dos conte\u00fados da Rede Legislativa, transmitidos pelo canal 9.<\/p>\n<p>Para o ministro das Comunica\u00e7\u00f5es, Frederico de Siqueira Filho, a iniciativa refor\u00e7a o empenho do Governo Federal em garantir comunica\u00e7\u00e3o de qualidade e dignidade para todos os brasileiros. \u201cMuito importante para democratizar o acesso \u00e0 comunica\u00e7\u00e3o, garantindo sim que todo mundo possa ter acesso \u00e0 real informa\u00e7\u00e3o, \u00e0 informa\u00e7\u00e3o correta, fidedigna. E \u00e9 nesse papel que a gente est\u00e1 liderando o Minist\u00e9rio de Comunica\u00e7\u00f5es, com o prop\u00f3sito que garanta a pol\u00edtica p\u00fablica na ponta, para que as pessoas possam se inserir e se sentir valorizadas\u201d, afirmou o ministro.<\/p>\n<p>A emissora foi implantada por meio do <a href=\"https:\/\/www.gov.br\/mcom\/pt-br\/acesso-a-informacao\/acoes-e-programas\/programas-projetos-acoes-obras-e-atividades\/brasil-digital\">Programa Brasil Digital<\/a>, coordenado pelo <a href=\"https:\/\/www.gov.br\/mcom\/pt-br\">Minist\u00e9rio das Comunica\u00e7\u00f5es<\/a>, com investimento federal de R$ 430 mil em equipamentos e infraestrutura de transmiss\u00e3o.<\/p>\n<p>\u201cLevar televis\u00e3o digital aberta e gratuita para mais cidades brasileiras \u00e9 garantir que a popula\u00e7\u00e3o tenha acesso \u00e0 informa\u00e7\u00e3o, \u00e0 educa\u00e7\u00e3o e \u00e0 cultura com qualidade. A chegada da IFSul TV a Ven\u00e2ncio Aires fortalece a comunica\u00e7\u00e3o p\u00fablica e amplia oportunidades de conhecimento para toda a regi\u00e3o\u201d, concluiu Siqueira Filho.<\/p>\n<h2>Brasil Digital<\/h2>\n<p>O Programa Brasil Digital, institu\u00eddo pelo Minist\u00e9rio das Comunica\u00e7\u00f5es, tem como objetivo expandir a TV aberta e gratuita em tecnologia digital em todo o territ\u00f3rio nacional. A iniciativa prev\u00ea a instala\u00e7\u00e3o e a doa\u00e7\u00e3o de equipamentos transmissores e esta\u00e7\u00f5es de televis\u00e3o digital, em parceria com institui\u00e7\u00f5es p\u00fablicas, como universidades, c\u00e2maras municipais e assembleias legislativas.<\/p>\n<p>A a\u00e7\u00e3o leva para cidades que ainda n\u00e3o contavam com o servi\u00e7o sinais digitais da Rede Legislativa (TV C\u00e2mara, TV Senado e emissoras das assembleias legislativas e c\u00e2maras municipais), dos canais da Empresa Brasil de Comunica\u00e7\u00e3o (TV Brasil, Canal Educa\u00e7\u00e3o, Canal Sa\u00fade e Canal Gov) e aos conte\u00fados locais dos parceiros da Rede Nacional de Comunica\u00e7\u00e3o P\u00fablica.\u00a0<\/p>\n<p>Al\u00e9m de ampliar o acesso \u00e0 informa\u00e7\u00e3o, a pol\u00edtica abre espa\u00e7o para a veicula\u00e7\u00e3o de produ\u00e7\u00f5es locais e regionais, contribuindo para o fortalecimento da comunica\u00e7\u00e3o p\u00fablica e para a valoriza\u00e7\u00e3o da diversidade cultural brasileira.<\/p>\n<p>\t\t\t\t\t\t\t\t\t\t<img loading=\"lazy\" decoding=\"async\" src=\"https:\/\/brasil61.com\/api\/v1\/serve_pixel\/17677\/88543\" alt=\"Pixel Brasil 61\" class=\"b61_pixel\" width=\"0\" height=\"0\"><\/p>\n<input type=\"hidden\" id=\"baseurl\" value=\"https:\/\/noticiasdestaque.com.br\"><input type=\"hidden\" id=\"audio_nonce\" value=\"581f3017e1\">","protected":false},"excerpt":{"rendered":"<p>Sinal digital e gratuito comp\u00f5e iniciativa do Minist\u00e9rio das Comunica\u00e7\u00f5es com investimento de R$ 430 mil em equipamentos e infraestrutura para atender 68 mil brasileiros<\/p>\n","protected":false},"author":1,"featured_media":51050,"comment_status":"open","ping_status":"open","sticky":false,"template":"","format":"standard","meta":{"fifu_image_url":"","fifu_image_alt":"","footnotes":""},"categories":[48],"tags":[],"class_list":["post-51049","post","type-post","status-publish","format-standard","has-post-thumbnail","hentry","category-mundo"],"distributor_meta":false,"distributor_terms":false,"distributor_media":false,"distributor_original_site_name":"Noticias em Destaque","distributor_original_site_url":"https:\/\/noticiasdestaque.com.br","push-errors":false,"_links":{"self":[{"href":"https:\/\/noticiasdestaque.com.br\/index.php\/wp-json\/wp\/v2\/posts\/51049","targetHints":{"allow":["GET"]}}],"collection":[{"href":"https:\/\/noticiasdestaque.com.br\/index.php\/wp-json\/wp\/v2\/posts"}],"about":[{"href":"https:\/\/noticiasdestaque.com.br\/index.php\/wp-json\/wp\/v2\/types\/post"}],"author":[{"embeddable":true,"href":"https:\/\/noticiasdestaque.com.br\/index.php\/wp-json\/wp\/v2\/users\/1"}],"replies":[{"embeddable":true,"href":"https:\/\/noticiasdestaque.com.br\/index.php\/wp-json\/wp\/v2\/comments?post=51049"}],"version-history":[{"count":0,"href":"https:\/\/noticiasdestaque.com.br\/index.php\/wp-json\/wp\/v2\/posts\/51049\/revisions"}],"wp:featuredmedia":[{"embeddable":true,"href":"https:\/\/noticiasdestaque.com.br\/index.php\/wp-json\/wp\/v2\/media\/51050"}],"wp:attachment":[{"href":"https:\/\/noticiasdestaque.com.br\/index.php\/wp-json\/wp\/v2\/media?parent=51049"}],"wp:term":[{"taxonomy":"category","embeddable":true,"href":"https:\/\/noticiasdestaque.com.br\/index.php\/wp-json\/wp\/v2\/categories?post=51049"},{"taxonomy":"post_tag","embeddable":true,"href":"https:\/\/noticiasdestaque.com.br\/index.php\/wp-json\/wp\/v2\/tags?post=51049"}],"curies":[{"name":"wp","href":"https:\/\/api.w.org\/{rel}","templated":true}]}}