{"id":51041,"date":"2026-03-26T04:25:00","date_gmt":"2026-03-26T07:25:00","guid":{"rendered":"https:\/\/noticiasdestaque.com.br\/index.php\/2026\/03\/26\/confianca-do-consumidor-avanca-em-marco-apos-dois-meses-de-queda\/"},"modified":"2026-03-26T04:25:00","modified_gmt":"2026-03-26T07:25:00","slug":"confianca-do-consumidor-avanca-em-marco-apos-dois-meses-de-queda","status":"publish","type":"post","link":"https:\/\/noticiasdestaque.com.br\/index.php\/2026\/03\/26\/confianca-do-consumidor-avanca-em-marco-apos-dois-meses-de-queda\/","title":{"rendered":"Confian\u00e7a do consumidor avan\u00e7a em mar\u00e7o ap\u00f3s dois meses de queda"},"content":{"rendered":"<p>\t\t\t\t\t\t\t\t\t\t\t<audio controls class=\"b61_audio_player\" data-noticia=\"88534\" src=\"https:\/\/brasil61.com\/rails\/active_storage\/blobs\/eyJfcmFpbHMiOnsibWVzc2FnZSI6IkJBaHBBelFLQkE9PSIsImV4cCI6bnVsbCwicHVyIjoiYmxvYl9pZCJ9fQ==--9371e23f06f05437b5572b8adbb9b9ea02f3992a\/BRAS2616118A\"><\/audio><\/p>\n<p>A confian\u00e7a do consumidor brasileiro voltou a crescer em mar\u00e7o de 2026, ap\u00f3s dois meses de retra\u00e7\u00e3o. O<strong> \u00cdndice de Confian\u00e7a do Consumidor (ICC)<\/strong>, medido pelo <a href=\"https:\/\/portalibre.fgv.br\/\">FGV IBRE<\/a>, avan\u00e7ou 2,0 pontos e chegou a 88,1, o <strong>maior patamar desde dezembro do ano passado<\/strong>, quando marcou 89,1 pontos.<\/p>\n<\/p>\n<p dir=\"ltr\">Apesar da alta no m\u00eas, na m\u00e9dia m\u00f3vel trimestral o indicador apresentou leve recuo de 0,3 ponto, alcan\u00e7ando 87,2 pontos.<\/p>\n<p dir=\"ltr\">Segundo a economista do <a href=\"https:\/\/portalibre.fgv.br\/\">FGV IBRE<\/a>, Anna Carolina Gouveia, o resultado positivo foi puxado principalmente pela melhora das expectativas em rela\u00e7\u00e3o aos pr\u00f3ximos meses. O avan\u00e7o foi observado em quase todas as faixas de renda, com exce\u00e7\u00e3o dos consumidores com rendimentos acima de <strong>R$ 9.600<\/strong>.<\/p>\n<p dir=\"ltr\">Entre os fatores que contribu\u00edram para a melhora da confian\u00e7a est\u00e3o a<strong> percep\u00e7\u00e3o de manuten\u00e7\u00e3o do emprego e da renda, o controle da infla\u00e7\u00e3o e a recente redu\u00e7\u00e3o da\u00a0taxa\u00a0de juros<\/strong>, que ajudaram a diminuir o pessimismo das fam\u00edlias em rela\u00e7\u00e3o \u00e0s finan\u00e7as pessoais.<\/p>\n<p dir=\"ltr\">O <strong>\u00cdndice de Expectativas (IE) <\/strong>foi o principal respons\u00e1vel pela alta, ao subir 3,4 pontos e atingir 92,1. J\u00e1 o \u00cdndice de Situa\u00e7\u00e3o Atual (ISA) teve leve queda de 0,3 ponto, ficando em 83,2.<\/p>\n<p dir=\"ltr\">Dentro das expectativas, o destaque foi o indicador de situa\u00e7\u00e3o financeira futura das fam\u00edlias, que avan\u00e7ou 6,5 pontos, chegando a 89,4, maior n\u00edvel desde dezembro de 2025. J\u00e1 a percep\u00e7\u00e3o sobre a economia local futura subiu 1,8 ponto, para 105,5. O indicador de inten\u00e7\u00e3o de compra de bens dur\u00e1veis tamb\u00e9m cresceu, com alta de 1,1 ponto, atingindo 82,8.<\/p>\n<p dir=\"ltr\">Por outro lado, na avalia\u00e7\u00e3o do momento presente, o indicador de situa\u00e7\u00e3o econ\u00f4mica local atual recuou 1,4 ponto, para 94,7. Em contrapartida, a percep\u00e7\u00e3o sobre a situa\u00e7\u00e3o financeira atual das fam\u00edlias teve leve melhora, subindo 0,8 ponto, para 72,1.<\/p>\n<p>\t\t\t\t\t\t\t\t\t\t<img loading=\"lazy\" decoding=\"async\" src=\"https:\/\/brasil61.com\/api\/v1\/serve_pixel\/17677\/88534\" alt=\"Pixel Brasil 61\" class=\"b61_pixel\" width=\"0\" height=\"0\"><\/p>\n<input type=\"hidden\" id=\"baseurl\" value=\"https:\/\/noticiasdestaque.com.br\"><input type=\"hidden\" id=\"audio_nonce\" value=\"581f3017e1\">","protected":false},"excerpt":{"rendered":"<p>\u00cdndice sobe 2 pontos e atinge 88,1, maior n\u00edvel desde dezembro de 2025<\/p>\n","protected":false},"author":1,"featured_media":51042,"comment_status":"open","ping_status":"open","sticky":false,"template":"","format":"standard","meta":{"fifu_image_url":"","fifu_image_alt":"","footnotes":""},"categories":[48],"tags":[],"class_list":["post-51041","post","type-post","status-publish","format-standard","has-post-thumbnail","hentry","category-mundo"],"distributor_meta":false,"distributor_terms":false,"distributor_media":false,"distributor_original_site_name":"Noticias em Destaque","distributor_original_site_url":"https:\/\/noticiasdestaque.com.br","push-errors":false,"_links":{"self":[{"href":"https:\/\/noticiasdestaque.com.br\/index.php\/wp-json\/wp\/v2\/posts\/51041","targetHints":{"allow":["GET"]}}],"collection":[{"href":"https:\/\/noticiasdestaque.com.br\/index.php\/wp-json\/wp\/v2\/posts"}],"about":[{"href":"https:\/\/noticiasdestaque.com.br\/index.php\/wp-json\/wp\/v2\/types\/post"}],"author":[{"embeddable":true,"href":"https:\/\/noticiasdestaque.com.br\/index.php\/wp-json\/wp\/v2\/users\/1"}],"replies":[{"embeddable":true,"href":"https:\/\/noticiasdestaque.com.br\/index.php\/wp-json\/wp\/v2\/comments?post=51041"}],"version-history":[{"count":0,"href":"https:\/\/noticiasdestaque.com.br\/index.php\/wp-json\/wp\/v2\/posts\/51041\/revisions"}],"wp:featuredmedia":[{"embeddable":true,"href":"https:\/\/noticiasdestaque.com.br\/index.php\/wp-json\/wp\/v2\/media\/51042"}],"wp:attachment":[{"href":"https:\/\/noticiasdestaque.com.br\/index.php\/wp-json\/wp\/v2\/media?parent=51041"}],"wp:term":[{"taxonomy":"category","embeddable":true,"href":"https:\/\/noticiasdestaque.com.br\/index.php\/wp-json\/wp\/v2\/categories?post=51041"},{"taxonomy":"post_tag","embeddable":true,"href":"https:\/\/noticiasdestaque.com.br\/index.php\/wp-json\/wp\/v2\/tags?post=51041"}],"curies":[{"name":"wp","href":"https:\/\/api.w.org\/{rel}","templated":true}]}}