{"id":51039,"date":"2026-03-26T04:15:00","date_gmt":"2026-03-26T07:15:00","guid":{"rendered":"https:\/\/noticiasdestaque.com.br\/index.php\/2026\/03\/26\/vacinacao-contra-a-gripe-comeca-neste-sabado-28-veja-quem-pode-se-vacinar\/"},"modified":"2026-03-26T04:15:00","modified_gmt":"2026-03-26T07:15:00","slug":"vacinacao-contra-a-gripe-comeca-neste-sabado-28-veja-quem-pode-se-vacinar","status":"publish","type":"post","link":"https:\/\/noticiasdestaque.com.br\/index.php\/2026\/03\/26\/vacinacao-contra-a-gripe-comeca-neste-sabado-28-veja-quem-pode-se-vacinar\/","title":{"rendered":"Vacina\u00e7\u00e3o contra a gripe come\u00e7a neste s\u00e1bado (28): veja quem pode se vacinar"},"content":{"rendered":"<p>\t\t\t\t\t\t\t\t\t\t\t<audio controls class=\"b61_audio_player\" data-noticia=\"88531\" src=\"https:\/\/brasil61.com\/rails\/active_storage\/blobs\/eyJfcmFpbHMiOnsibWVzc2FnZSI6IkJBaHBBek1LQkE9PSIsImV4cCI6bnVsbCwicHVyIjoiYmxvYl9pZCJ9fQ==--48f8066673a35f90bcc028a50df94111f20bf27d\/BRAS2616116A\"><\/audio><\/p>\n<p>A<strong> campanha de vacina\u00e7\u00e3o contra a <a href=\"https:\/\/www.gov.br\/saude\/pt-br\/assuntos\/saude-de-a-a-z\/g\/gripe-influenza\">gripe<\/a>\u00a0<\/strong>come\u00e7a neste s\u00e1bado (28) nas regi\u00f5es <strong>Nordeste<\/strong>, <strong>Centro-Oeste<\/strong>, <strong>Sul <\/strong>e <strong>Sudeste<\/strong>. O<strong> Dia D de mobiliza\u00e7\u00e3o<\/strong> ocorre na mesma data, com o objetivo de <strong>ampliar a cobertura vacinal antes do per\u00edodo de maior contamina\u00e7\u00e3o do v\u00edrus<\/strong>, no inverno.\u00a0Coordenada pelo Minist\u00e9rio da Sa\u00fade (<a href=\"https:\/\/www.gov.br\/saude\/pt-br\">MS<\/a>), a a\u00e7\u00e3o segue at\u00e9 30 de maio.<\/p>\n<p>A <strong>vacina <\/strong>disponibilizada pelo Sistema \u00danico de Sa\u00fade (<a href=\"https:\/\/www.gov.br\/saude\/pt-br\/sus\">SUS<\/a>) protege contra os <strong>principais v\u00edrus em circula\u00e7\u00e3o<\/strong>, incluindo<strong> influenza A<\/strong> (H1N1 e H3N2) e <strong>influenza B<\/strong>. A prote\u00e7\u00e3o costuma ser elevada nos primeiros meses ap\u00f3s a aplica\u00e7\u00e3o e dura, em m\u00e9dia, de seis a 12 meses, o que torna a imuniza\u00e7\u00e3o anual fundamental.<\/p>\n<p>Para 2026, a pasta estabeleceu como meta<strong> imunizar <\/strong>ao menos<strong> 90% dos grupos priorit\u00e1rios<\/strong>. Devem procurar as Unidades B\u00e1sicas de Sa\u00fade (<a href=\"https:\/\/www.gov.br\/secom\/pt-br\/acesso-a-informacao\/comunicabr\/lista-de-acoes-e-programas\/unidades-basicas-de-saude-do-governo-federal\">UBS<\/a>) <strong>crian\u00e7as de 6 meses a menores de 6 anos<\/strong>,<strong> gestantes e pessoas com 60 anos ou mais<\/strong>. A iniciativa abrange ainda uma parcela da popula\u00e7\u00e3o considerada de maior risco:<\/p>\n<ul>\n<li>pu\u00e9rperas (at\u00e9 45 dias ap\u00f3s o parto),\u00a0<\/li>\n<li>trabalhadores da sa\u00fade e da educa\u00e7\u00e3o,\u00a0<\/li>\n<li>povos ind\u00edgenas,\u00a0<\/li>\n<li>quilombolas;<\/li>\n<li>pessoas em situa\u00e7\u00e3o de rua;<\/li>\n<li>pessoas com comorbidades ou defici\u00eancia permanente;<\/li>\n<li>caminhoneiros,\u00a0<\/li>\n<li>trabalhadores do transporte coletivo;<\/li>\n<li>trabalhadores portu\u00e1rios e dos correios;\u00a0<\/li>\n<li>profissionais das for\u00e7as de seguran\u00e7a e das for\u00e7as armadas;<\/li>\n<li>popula\u00e7\u00e3o privada de liberdade; e<\/li>\n<li>jovens em medidas socioeducativas.<\/li>\n<\/ul>\n<h2>Incid\u00eancia da influenza<\/h2>\n<p>Dados do Boletim InfoGripe, da Funda\u00e7\u00e3o Oswaldo Cruz (<a href=\"https:\/\/fiocruz.br\/\">Fiocruz<\/a>), apontam<strong> aumento nos casos de influenza A no pa\u00eds<\/strong>. O levantamento indica um <strong>volume at\u00edpico de notifica\u00e7\u00f5es<\/strong> de S\u00edndrome Respirat\u00f3ria Aguda Grave (<a href=\"https:\/\/www.gov.br\/saude\/pt-br\/composicao\/svsa\/cnie\/srag\">SRAG<\/a>)<strong> para esta \u00e9poca do ano<\/strong>. Tradicionalmente, o v\u00edrus apresenta maior circula\u00e7\u00e3o no outono e no inverno.<\/p>\n<p>Devido \u00e0s diferen\u00e7as clim\u00e1ticas e epidemiol\u00f3gicas entre as regi\u00f5es, o MS destaca que o v\u00edrus influenza circula ao longo de todo o ano. Especialistas apontam a <strong>vacina\u00e7\u00e3o <\/strong>como a<strong> forma mais eficaz de prevenir complica\u00e7\u00f5es<\/strong> da doen\u00e7a, reduzir a transmiss\u00e3o e evitar a sobrecarga do sistema de sa\u00fade.<\/p>\n<h2>Mobiliza\u00e7\u00e3o nos estados<\/h2>\n<p>Embora o in\u00edcio oficial esteja marcado para o dia 28, as unidades da federa\u00e7\u00e3o (UFs) est\u00e3o <strong>autorizadas a antecipar a imuniza\u00e7\u00e3o conforme o recebimento das doses<\/strong>. Segundo as secretarias de Sa\u00fade estaduais:<\/p>\n<ul>\n<li>O <strong>Cear\u00e1 <\/strong>foi o primeiro estado a iniciar a vacina\u00e7\u00e3o, com mais de <strong>760 mil doses<\/strong> recebidas \u2014 cerca de 21% da meta para um p\u00fablico estimado em <strong>3,4 milh\u00f5es de pessoas<\/strong>. A estrat\u00e9gia come\u00e7ou no \u00faltimo dia 20 para a popula\u00e7\u00e3o priorit\u00e1ria.\u00a0<br \/>\n\t\u00a0<\/li>\n<li>No <strong>Rio de Janeiro<\/strong>, cerca de<strong> 488 mil doses <\/strong>j\u00e1 foram distribu\u00eddas. Ao todo, o p\u00fablico-alvo no estado ultrapassa <strong>7 milh\u00f5es de pessoas<\/strong>. Na capital fluminense, a campanha j\u00e1 teve in\u00edcio em algumas unidades de sa\u00fade.<br \/>\n\t\u00a0<\/li>\n<li>No <strong>Distrito Federal<\/strong>, <strong>80 mil doses<\/strong> iniciais foram recebidas. A campanha come\u00e7ou nesta quarta-feira (25) e prev\u00ea alcan\u00e7ar <strong>1,18 milh\u00e3o de pessoas<\/strong>.<br \/>\n\t\u00a0<\/li>\n<li>J\u00e1 no <strong>Rio Grande do Sul<\/strong>, <strong>360 mil doses<\/strong> chegaram nesta segunda-feira (23), mas a campanha ter\u00e1 in\u00edcio no dia 28. Mais de <strong>5,2 milh\u00f5es de pessoas<\/strong> fazem parte dos grupos priorit\u00e1rios no estado.<\/li>\n<\/ul>\n<h2>Calend\u00e1rio Nacional de Vacina\u00e7\u00e3o<\/h2>\n<p>Desde 2025, o<strong> imunizante contra a gripe passou a integrar o <a href=\"https:\/\/www.gov.br\/saude\/pt-br\/vacinacao\/calendario\">Calend\u00e1rio Nacional de Vacina\u00e7\u00e3o<\/a><\/strong> para crian\u00e7as de 6 meses a 6 anos, gestantes e idosos. Com a mudan\u00e7a, esses<strong> <\/strong>grupos podem se vacinar ao longo de todo o ano nos postos de sa\u00fade.<\/p>\n<p><strong>VEJA MAIS:<\/strong><\/p>\n<ul>\n<li><a href=\"https:\/\/brasil61.com\/n\/infogripe-fiocruz-alerta-para-crescimento-atipico-da-influenza-a-no-brasil-bras2616099\">InfoGripe: Fiocruz alerta para crescimento at\u00edpico da influenza A no Brasil<\/a><\/li>\n<li><a href=\"https:\/\/brasil61.com\/n\/vacinacao-saiba-como-ter-acesso-pelo-sus-vaci250321\">Vacina\u00e7\u00e3o: saiba como ter acesso pelo SUS<\/a><\/li>\n<\/ul>\n<p>\t\t\t\t\t\t\t\t\t\t<img loading=\"lazy\" decoding=\"async\" src=\"https:\/\/brasil61.com\/api\/v1\/serve_pixel\/17677\/88531\" alt=\"Pixel Brasil 61\" class=\"b61_pixel\" width=\"0\" height=\"0\"><\/p>\n<input type=\"hidden\" id=\"baseurl\" value=\"https:\/\/noticiasdestaque.com.br\"><input type=\"hidden\" id=\"audio_nonce\" value=\"581f3017e1\">","protected":false},"excerpt":{"rendered":"<p>Campanha do Minist\u00e9rio da Sa\u00fade segue at\u00e9 30 de maio, com meta de imunizar 90% dos grupos priorit\u00e1rios; casos de influenza A est\u00e3o em alta no pa\u00eds<\/p>\n","protected":false},"author":1,"featured_media":51040,"comment_status":"open","ping_status":"open","sticky":false,"template":"","format":"standard","meta":{"fifu_image_url":"","fifu_image_alt":"","footnotes":""},"categories":[51],"tags":[],"class_list":["post-51039","post","type-post","status-publish","format-standard","has-post-thumbnail","hentry","category-saude"],"distributor_meta":false,"distributor_terms":false,"distributor_media":false,"distributor_original_site_name":"Noticias em Destaque","distributor_original_site_url":"https:\/\/noticiasdestaque.com.br","push-errors":false,"_links":{"self":[{"href":"https:\/\/noticiasdestaque.com.br\/index.php\/wp-json\/wp\/v2\/posts\/51039","targetHints":{"allow":["GET"]}}],"collection":[{"href":"https:\/\/noticiasdestaque.com.br\/index.php\/wp-json\/wp\/v2\/posts"}],"about":[{"href":"https:\/\/noticiasdestaque.com.br\/index.php\/wp-json\/wp\/v2\/types\/post"}],"author":[{"embeddable":true,"href":"https:\/\/noticiasdestaque.com.br\/index.php\/wp-json\/wp\/v2\/users\/1"}],"replies":[{"embeddable":true,"href":"https:\/\/noticiasdestaque.com.br\/index.php\/wp-json\/wp\/v2\/comments?post=51039"}],"version-history":[{"count":0,"href":"https:\/\/noticiasdestaque.com.br\/index.php\/wp-json\/wp\/v2\/posts\/51039\/revisions"}],"wp:featuredmedia":[{"embeddable":true,"href":"https:\/\/noticiasdestaque.com.br\/index.php\/wp-json\/wp\/v2\/media\/51040"}],"wp:attachment":[{"href":"https:\/\/noticiasdestaque.com.br\/index.php\/wp-json\/wp\/v2\/media?parent=51039"}],"wp:term":[{"taxonomy":"category","embeddable":true,"href":"https:\/\/noticiasdestaque.com.br\/index.php\/wp-json\/wp\/v2\/categories?post=51039"},{"taxonomy":"post_tag","embeddable":true,"href":"https:\/\/noticiasdestaque.com.br\/index.php\/wp-json\/wp\/v2\/tags?post=51039"}],"curies":[{"name":"wp","href":"https:\/\/api.w.org\/{rel}","templated":true}]}}