{"id":51025,"date":"2026-03-25T14:30:00","date_gmt":"2026-03-25T17:30:00","guid":{"rendered":"https:\/\/noticiasdestaque.com.br\/index.php\/2026\/03\/25\/ministerio-das-comunicacoes-anuncia-doacao-de-500-computadores-para-casas-da-igualdade-racial\/"},"modified":"2026-03-25T14:30:00","modified_gmt":"2026-03-25T17:30:00","slug":"ministerio-das-comunicacoes-anuncia-doacao-de-500-computadores-para-casas-da-igualdade-racial","status":"publish","type":"post","link":"https:\/\/noticiasdestaque.com.br\/index.php\/2026\/03\/25\/ministerio-das-comunicacoes-anuncia-doacao-de-500-computadores-para-casas-da-igualdade-racial\/","title":{"rendered":"Minist\u00e9rio das Comunica\u00e7\u00f5es anuncia doa\u00e7\u00e3o de 500 computadores para Casas da Igualdade Racial"},"content":{"rendered":"<p>\t\t\t\t\t\t\t\t\t\t\t<audio controls class=\"b61_audio_player\" data-noticia=\"88522\" src=\"https:\/\/brasil61.com\/rails\/active_storage\/blobs\/eyJfcmFpbHMiOnsibWVzc2FnZSI6IkJBaHBBeWdKQkE9PSIsImV4cCI6bnVsbCwicHVyIjoiYmxvYl9pZCJ9fQ==--039e15e5821fc42ef7f0b54246750690a7670de4\/MCOM260343A\"><\/audio><\/p>\n<p>Na inaugura\u00e7\u00e3o da <a href=\"https:\/\/www.gov.br\/mcom\/pt-br\/noticias\/2026\/marco\/ministerio-das-comunicacoes-doa-500-computadores-para-fortalecer-atendimento-a-populacao-na-1a-casa-da-igualdade-racial-do-brasil\">primeira Casa da Igualdade Racial do pa\u00eds<\/a>, na \u00faltima sexta-feira (20), no <a href=\"https:\/\/brasil61.com\/noticias\/tag\/rio-de-janeiro\">Rio de Janeiro (RJ)<\/a>, o <a href=\"https:\/\/www.gov.br\/mcom\/pt-br\">Minist\u00e9rio das Comunica\u00e7\u00f5es<\/a> anunciou a doa\u00e7\u00e3o de 500 computadores para a iniciativa. A parceria com o <a href=\"https:\/\/www.gov.br\/igualdaderacial\/pt-br\">Minist\u00e9rio da Igualdade Racial<\/a> \u00e9 destinada \u00e0 promo\u00e7\u00e3o da igualdade racial em todo o Brasil a partir do fortalecimento do combate ao racismo e, ao mesmo tempo, da amplia\u00e7\u00e3o da inclus\u00e3o digital.<\/p>\n<p>Foi assinado um Acordo de Coopera\u00e7\u00e3o T\u00e9cnica (ACT) para expandir as oportunidades de capacita\u00e7\u00e3o tecnol\u00f3gica, beneficiando principalmente v\u00edtimas de discrimina\u00e7\u00e3o racial. Segundo o ministro das Comunica\u00e7\u00f5es, Frederico de Siqueira Filho, a iniciativa refor\u00e7a o compromisso do Governo do Brasil no combate ao racismo e na promo\u00e7\u00e3o do letramento digital entre jovens e adultos, fortalecendo pol\u00edticas p\u00fablicas de inclus\u00e3o em todo o pa\u00eds.\u00a0<\/p>\n<p>&#8220;No governo do presidente Lula, o Minist\u00e9rio de Comunica\u00e7\u00f5es tem ampliado o programa para atender a diversidade do nosso povo, com a\u00e7\u00f5es espec\u00edficas para comunidades ind\u00edgenas, quilombolas, de matriz africana, respeitando a realidade de cada lugar. Esse trabalho tem sido fundamental para democratizar o acesso \u00e0 tecnologia, fortalecer as iniciativas locais e abrir novas possibilidades de gera\u00e7\u00e3o de renda&#8221;, afirmou o gestor.<\/p>\n<p>A ministra da Igualdade Racial, Anielle Franco, destacou a pr\u00f3pria origem como fator preponderante para entender as necessidades da popula\u00e7\u00e3o local. \u201cS\u00f3 quem nasceu dentro de uma favela, como a gente foi da Mar\u00e9, com muito orgulho, sabe o que \u00e9 defender mulher preta neste pa\u00eds. Sabe o que \u00e9 defender o povo favelado neste pa\u00eds. Sabe o que \u00e9, de fato, imaginar que uma Casa da Igualdade Racial, de acolhimento, de atendimento, de orienta\u00e7\u00e3o, talvez nunca fosse poss\u00edvel porque a nossa cabe\u00e7a s\u00f3 pensa onde o nosso p\u00e9 pisa. E eu aprendi isso literalmente estando ministra esses \u00faltimos 3 anos e meio. Seria imposs\u00edvel pensar qualquer mudan\u00e7a, qualquer pol\u00edtica p\u00fablica, se eu n\u00e3o fosse da favela da Mar\u00e9\u201d, enfatizou Anielle.<\/p>\n<h2>Casa da Igualdade Racial<\/h2>\n<p>A Casa da Igualdade Racial \u00e9 um espa\u00e7o de prote\u00e7\u00e3o e oportunidade, que oferece acolhimento humanizado, acesso a direitos e a\u00e7\u00f5es que contribuem para uma sociedade mais democr\u00e1tica, justa e comprometida com o enfrentamento ao racismo. Os atendimentos ao p\u00fablico come\u00e7aram na segunda-feira (23), sempre das 9h \u00e0s 17h, com intervalo das 12h \u00e0s 14h.<\/p>\n<p>Em 2026, ser\u00e3o lan\u00e7adas Casas da Igualdade Racial em Fortaleza (CE), Pelotas (RS), Salvador (BA), Contagem (MG) e Itabira (MG). Cada estrutura ser\u00e1 equipada com 10 computadores, como resultado da coopera\u00e7\u00e3o firmada com o Minist\u00e9rio da Igualdade Racial.<\/p>\n<p>\t\t\t\t\t\t\t\t\t\t<img loading=\"lazy\" decoding=\"async\" src=\"https:\/\/brasil61.com\/api\/v1\/serve_pixel\/17677\/88522\" alt=\"Pixel Brasil 61\" class=\"b61_pixel\" width=\"0\" height=\"0\"><\/p>\n<input type=\"hidden\" id=\"baseurl\" value=\"https:\/\/noticiasdestaque.com.br\"><input type=\"hidden\" id=\"audio_nonce\" value=\"6a24ca502e\">","protected":false},"excerpt":{"rendered":"<p>Cada estrutura vai receber 10 aparelhos para promover igualdade racial e inclus\u00e3o digital<\/p>\n","protected":false},"author":1,"featured_media":51026,"comment_status":"open","ping_status":"open","sticky":false,"template":"","format":"standard","meta":{"fifu_image_url":"","fifu_image_alt":"","footnotes":""},"categories":[48],"tags":[],"class_list":["post-51025","post","type-post","status-publish","format-standard","has-post-thumbnail","hentry","category-mundo"],"distributor_meta":false,"distributor_terms":false,"distributor_media":false,"distributor_original_site_name":"Noticias em Destaque","distributor_original_site_url":"https:\/\/noticiasdestaque.com.br","push-errors":false,"_links":{"self":[{"href":"https:\/\/noticiasdestaque.com.br\/index.php\/wp-json\/wp\/v2\/posts\/51025","targetHints":{"allow":["GET"]}}],"collection":[{"href":"https:\/\/noticiasdestaque.com.br\/index.php\/wp-json\/wp\/v2\/posts"}],"about":[{"href":"https:\/\/noticiasdestaque.com.br\/index.php\/wp-json\/wp\/v2\/types\/post"}],"author":[{"embeddable":true,"href":"https:\/\/noticiasdestaque.com.br\/index.php\/wp-json\/wp\/v2\/users\/1"}],"replies":[{"embeddable":true,"href":"https:\/\/noticiasdestaque.com.br\/index.php\/wp-json\/wp\/v2\/comments?post=51025"}],"version-history":[{"count":0,"href":"https:\/\/noticiasdestaque.com.br\/index.php\/wp-json\/wp\/v2\/posts\/51025\/revisions"}],"wp:featuredmedia":[{"embeddable":true,"href":"https:\/\/noticiasdestaque.com.br\/index.php\/wp-json\/wp\/v2\/media\/51026"}],"wp:attachment":[{"href":"https:\/\/noticiasdestaque.com.br\/index.php\/wp-json\/wp\/v2\/media?parent=51025"}],"wp:term":[{"taxonomy":"category","embeddable":true,"href":"https:\/\/noticiasdestaque.com.br\/index.php\/wp-json\/wp\/v2\/categories?post=51025"},{"taxonomy":"post_tag","embeddable":true,"href":"https:\/\/noticiasdestaque.com.br\/index.php\/wp-json\/wp\/v2\/tags?post=51025"}],"curies":[{"name":"wp","href":"https:\/\/api.w.org\/{rel}","templated":true}]}}