{"id":51021,"date":"2026-03-25T04:50:00","date_gmt":"2026-03-25T07:50:00","guid":{"rendered":"https:\/\/noticiasdestaque.com.br\/index.php\/2026\/03\/25\/brasil-2050-plano-da-cni-preve-economia-adicional-de-ate-r-38-bi-em-2026-e-defende-reducao-dos-juros\/"},"modified":"2026-03-25T04:50:00","modified_gmt":"2026-03-25T07:50:00","slug":"brasil-2050-plano-da-cni-preve-economia-adicional-de-ate-r-38-bi-em-2026-e-defende-reducao-dos-juros","status":"publish","type":"post","link":"https:\/\/noticiasdestaque.com.br\/index.php\/2026\/03\/25\/brasil-2050-plano-da-cni-preve-economia-adicional-de-ate-r-38-bi-em-2026-e-defende-reducao-dos-juros\/","title":{"rendered":"Brasil 2050: plano da CNI prev\u00ea economia adicional de at\u00e9 R$ 38 bi em 2026 e defende redu\u00e7\u00e3o dos juros"},"content":{"rendered":"<p>\t\t\t\t\t\t\t\t\t\t\t<audio controls class=\"b61_audio_player\" data-noticia=\"88520\" src=\"https:\/\/brasil61.com\/rails\/active_storage\/blobs\/eyJfcmFpbHMiOnsibWVzc2FnZSI6IkJBaHBBeVFKQkE9PSIsImV4cCI6bnVsbCwicHVyIjoiYmxvYl9pZCJ9fQ==--b8491301098652219cae870e9fb464816401e569\/PIND264727A\"><\/audio><\/p>\n<p>Durante o lan\u00e7amento da <strong>Agenda Legislativa da Ind\u00fastria 2026<\/strong>, nesta ter\u00e7a-feira (24), na C\u00e2mara dos Deputados, a Confedera\u00e7\u00e3o Nacional da Ind\u00fastria (<a href=\"https:\/\/cni.portaldaindustria.com.br\/\">CNI<\/a>) apresentou o <strong>Projeto <a href=\"https:\/\/www.portaldaindustria.com.br\/publicacoes\/2026\/3\/projeto-para-o-brasil-2050\/\">Brasil 2050<\/a><\/strong>. A iniciativa busca consolidar um <strong>compromisso entre governo, empres\u00e1rios e trabalhadores<\/strong> para definir metas fiscais e pol\u00edticas estruturantes que sustentem o avan\u00e7o da economia.\u00a0<\/p>\n<p>Estimativas da entidade indicam que, caso as medidas previstas no documento sejam implementadas, a <strong>economia adicional <\/strong>pode chegar a <strong>R$ 38,3 bilh\u00f5es em 2026<\/strong> e alcan\u00e7ar <strong>R$ 47,1 bilh\u00f5es em 2027<\/strong>. Nesse cen\u00e1rio, a CNI defende que o \u201cajuste fiscal \u00e9 essencial para abrir espa\u00e7o no or\u00e7amento federal e viabilizar a redu\u00e7\u00e3o sustent\u00e1vel dos juros reais\u201d.<\/p>\n<p>Para o presidente da confedera\u00e7\u00e3o, Ricardo Alban, a iniciativa surge em um cen\u00e1rio que demanda <strong>articula\u00e7\u00e3o coordenada entre os setores p\u00fablico e privado<\/strong>, diante do risco de retrocessos e novos per\u00edodos de instabilidade econ\u00f4mica.\u00a0<\/p>\n<p>\u201cA complexidade do presente exige mais do que diagn\u00f3sticos conhecidos: urge uma a\u00e7\u00e3o coordenada, esp\u00edrito p\u00fablico e vis\u00e3o de futuro. O tempo das solu\u00e7\u00f5es improvisadas ficou para tr\u00e1s. Se quisermos um amanh\u00e3 mais pr\u00f3spero, \u00e9 preciso constru\u00ed-lo a partir de um presente s\u00f3lido, ancorado numa economia forte, moderna e inclusiva\u201d, ressaltou.<\/p>\n<h2>Brasil 2050<\/h2>\n<p>A medida re\u00fane <strong>50 propostas<\/strong>, distribu\u00eddas em <strong>cinco eixos voltados para impulsionar a economia e atrair investimentos de longo prazo<\/strong>. Tamb\u00e9m prev\u00ea est\u00edmulos a setores estrat\u00e9gicos que o Brasil tem potencial para lideran\u00e7a, como a economia circular, a expans\u00e3o de data centers e a produ\u00e7\u00e3o de combust\u00edveis sustent\u00e1veis.<\/p>\n<p><strong>Confira os eixos e propostas do plano:<\/strong><\/p>\n<ul>\n<li><strong>Fortalecimento do equil\u00edbrio fiscal:<\/strong> tr\u00eas medidas que implementam ajustes para conter despesas e ampliar receitas, com foco na isonomia. Assim, pretende contribuir para um ambiente de juros mais baixos e maior previsibilidade econ\u00f4mica.<\/li>\n<\/ul>\n<ol>\n<li>Redu\u00e7\u00e3o de despesas do governo federal<\/li>\n<li>Aumento de receitas do governo federal\u00a0<\/li>\n<li>Condi\u00e7\u00f5es para a redu\u00e7\u00e3o dos juros reais\u00a0<\/li>\n<\/ol>\n<ul>\n<li><strong>Fortalecimento de vantagens competitivas: <\/strong>oito propostas que priorizam a descarboniza\u00e7\u00e3o das cadeias produtivas e a transi\u00e7\u00e3o ecol\u00f3gica, ao explorar o potencial da biodiversidade e dos biocombust\u00edveis.<\/li>\n<\/ul>\n<ol>\n<li>Promo\u00e7\u00e3o de combust\u00edveis do futuro<\/li>\n<li>Financiamento de projetos de descarboniza\u00e7\u00e3o em cadeias produtivas\u00a0<\/li>\n<li>Promo\u00e7\u00e3o de modelos financeiros para estimular a agricultura sustent\u00e1vel\u00a0<\/li>\n<li>Promover a transi\u00e7\u00e3o ecol\u00f3gica na ind\u00fastria\u00a0<\/li>\n<li>Aproveitamento da biodiversidade brasileira\u00a0<\/li>\n<li>Integra\u00e7\u00e3o lavoura-pecu\u00e1ria-ind\u00fastria\u00a0<\/li>\n<li>Promover programa de renova\u00e7\u00e3o e difus\u00e3o tecnol\u00f3gica na ind\u00fastria (PRDTI)\u00a0<\/li>\n<li>Incentivar o desenvolvimento de cadeias de bioenergia para capitalizar voca\u00e7\u00f5es regionais\u00a0<\/li>\n<\/ol>\n<ul>\n<li><strong>Fomento a novos potenciais: <\/strong>seis projetos que realizam incentivos \u00e0 intelig\u00eancia artificial, \u00e0 expans\u00e3o da infraestrutura de data centers e \u00e0 economia circular, a fim de aproximar a ind\u00fastria das novas din\u00e2micas tecnol\u00f3gicas.<\/li>\n<\/ul>\n<ol>\n<li>Desenvolvimento de IA e infraestrutura de data centers\u00a0<\/li>\n<li>Estabelecimento do sistema brasileiro de com\u00e9rcio de emiss\u00f5es (SBCE)\u00a0<\/li>\n<li>Promo\u00e7\u00e3o da economia circular\u00a0<\/li>\n<li>Promo\u00e7\u00e3o da transforma\u00e7\u00e3o digital na ind\u00fastria\u00a0<\/li>\n<li>Desenvolvimento do mercado de armazenamento de energia\u00a0<\/li>\n<li>Combust\u00edveis sustent\u00e1veis para navega\u00e7\u00e3o mar\u00edtima e transporte a\u00e9reo\u00a0<\/li>\n<\/ol>\n<ul>\n<li><strong>Promo\u00e7\u00e3o de viabilizadores estrat\u00e9gicos: <\/strong>viabiliza catorze a\u00e7\u00f5es para reduzir barreiras comerciais, ampliar a inser\u00e7\u00e3o em cadeias globais de valor e refor\u00e7ar investimentos em letramento digital e infraestrutura.<\/li>\n<\/ul>\n<ol>\n<li>Mitiga\u00e7\u00e3o de medidas restritivas que afetam exporta\u00e7\u00f5es brasileiras\u00a0<\/li>\n<li>Acesso a mercados\u00a0<\/li>\n<li>Promo\u00e7\u00e3o comercial\u00a0<\/li>\n<li>Implementar programa massivo de letramento digital\u00a0<\/li>\n<li>Planejamento de infraestrutura de resili\u00eancia\u00a0<\/li>\n<li>Fundo garantidor para financiamento de investimentos em infraestrutura\u00a0<\/li>\n<li>Tornar lei a pol\u00edtica industrial, sua governan\u00e7a e instrumentos\u00a0<\/li>\n<li>Aprimorar o sistema nacional de contrata\u00e7\u00f5es p\u00fablicas para impulsionar a competitividade industrial\u00a0<\/li>\n<li>Promover transpar\u00eancia e seguran\u00e7a jur\u00eddica \u00e0 execu\u00e7\u00e3o da pol\u00edtica industrial e de inova\u00e7\u00e3o\u00a0<\/li>\n<li>Fomento a projetos de efici\u00eancia energ\u00e9tica\u00a0<\/li>\n<li>Incentivar a descarboniza\u00e7\u00e3o de processos industriais eletrific\u00e1veis\u00a0<\/li>\n<li>Modernizar a lei do bem\u00a0<\/li>\n<li>Simplificar e desburocratizar acesso a incentivos com foco na ind\u00fastria\u00a0<\/li>\n<li>Promover divulga\u00e7\u00e3o tempestiva de incentivos \u00e0 ind\u00fastria\u00a0<\/li>\n<\/ol>\n<ul>\n<li><strong>Melhoria do ambiente de neg\u00f3cios:<\/strong> dezenove propostas que apontam a desburocratiza\u00e7\u00e3o, moderniza\u00e7\u00e3o das rela\u00e7\u00f5es de trabalho, seguran\u00e7a jur\u00eddica e efici\u00eancia log\u00edstica como fatores fundamentais para atrair capital de longo prazo.<\/li>\n<\/ul>\n<ol>\n<li>Promo\u00e7\u00e3o comercial\u00a0<\/li>\n<li>Desburocratiza\u00e7\u00e3o e facilita\u00e7\u00e3o do com\u00e9rcio exterior\u00a0<\/li>\n<li>Simplifica\u00e7\u00e3o do uso dos regimes aduaneiros especiais\u00a0<\/li>\n<li>Moderniza\u00e7\u00e3o da log\u00edstica do com\u00e9rcio exterior\u00a0<\/li>\n<li>Governan\u00e7a e monitoramento das pol\u00edticas de com\u00e9rcio exterior\u00a0<\/li>\n<li>Fortalecimento dos mecanismos de defesa comercial\u00a0<\/li>\n<li>Promover a concorr\u00eancia justa com combate ao Brasil ilegal\u00a0<\/li>\n<li>Forma\u00e7\u00e3o e capacita\u00e7\u00e3o\u00a0<\/li>\n<li>Realizar uma reforma administrativa\u00a0<\/li>\n<li>Fortalecimento das ag\u00eancias reguladoras\u00a0<\/li>\n<li>Fomento \u00e0 elabora\u00e7\u00e3o de invent\u00e1rios de carbono pelas empresas\u00a0<\/li>\n<li>Promo\u00e7\u00e3o da seguran\u00e7a jur\u00eddica\u00a0<\/li>\n<li>Aprimoramento de pol\u00edticas p\u00fablicas da pessoa com defici\u00eancia e do menor aprendiz\u00a0<\/li>\n<li>Continuidade da moderniza\u00e7\u00e3o das rela\u00e7\u00f5es do trabalho\u00a0<\/li>\n<li>Harmoniza\u00e7\u00e3o da legisla\u00e7\u00e3o trabalhista e previdenci\u00e1ria\u00a0<\/li>\n<li>Continua\u00e7\u00e3o da revis\u00e3o e moderniza\u00e7\u00e3o das normas regulamentadoras (NRs) de seguran\u00e7a e sa\u00fade no trabalho (SST)\u00a0<\/li>\n<li>Infraestrutura e log\u00edstica\u00a0<\/li>\n<li>Rela\u00e7\u00f5es internacionais \u2013 inser\u00e7\u00e3o competitiva e diplomacia econ\u00f4mica<\/li>\n<li>Regulamenta\u00e7\u00e3o da reforma tribut\u00e1ria<\/li>\n<\/ol>\n<p>Alban destaca que o projeto prop\u00f5e \u201cuma reflex\u00e3o sobre o futuro que queremos, com a\u00e7\u00f5es efetivas e a constru\u00e7\u00e3o de um pacto que envolva o setor produtivo, o poder p\u00fablico e a sociedade em torno de um plano de longo prazo em favor do desenvolvimento do pa\u00eds nos pr\u00f3ximos anos\u201d.<\/p>\n<p>As propostas podem ser consultadas na \u00edntegra no <a href=\"https:\/\/www.portaldaindustria.com.br\/publicacoes\/2026\/3\/projeto-para-o-brasil-2050\/\">portal da CNI<\/a>.<\/p>\n<p><strong>VEJA MAIS:<\/strong><\/p>\n<ul>\n<li><a href=\"https:\/\/brasil61.com\/n\/corte-da-selic-nao-basta-para-reverter-desaceleracao-da-economia-diz-industria-pind264722\">Corte da Selic n\u00e3o basta para reverter desacelera\u00e7\u00e3o da economia, diz ind\u00fastria<\/a><\/li>\n<li><a href=\"https:\/\/brasil61.com\/n\/piso-minimo-do-frete-pode-prejudicar-desenvolvimento-economico-do-pais-avalia-cni-pind264725\">Piso m\u00ednimo do frete pode prejudicar desenvolvimento econ\u00f4mico do pa\u00eds, avalia CNI<\/a><\/li>\n<\/ul>\n<p>\t\t\t\t\t\t\t\t\t\t<img loading=\"lazy\" decoding=\"async\" src=\"https:\/\/brasil61.com\/api\/v1\/serve_pixel\/17677\/88520\" alt=\"Pixel Brasil 61\" class=\"b61_pixel\" width=\"0\" height=\"0\"><\/p>\n<input type=\"hidden\" id=\"baseurl\" value=\"https:\/\/noticiasdestaque.com.br\"><input type=\"hidden\" id=\"audio_nonce\" value=\"6a24ca502e\">","protected":false},"excerpt":{"rendered":"<p>Documento prop\u00f5e uni\u00e3o entre p\u00fablico e privado, com 50 medidas voltadas ao equil\u00edbrio fiscal, competitividade e desenvolvimento sustent\u00e1vel<\/p>\n","protected":false},"author":1,"featured_media":51022,"comment_status":"open","ping_status":"open","sticky":false,"template":"","format":"standard","meta":{"fifu_image_url":"","fifu_image_alt":"","footnotes":""},"categories":[48],"tags":[],"class_list":["post-51021","post","type-post","status-publish","format-standard","has-post-thumbnail","hentry","category-mundo"],"distributor_meta":false,"distributor_terms":false,"distributor_media":false,"distributor_original_site_name":"Noticias em Destaque","distributor_original_site_url":"https:\/\/noticiasdestaque.com.br","push-errors":false,"_links":{"self":[{"href":"https:\/\/noticiasdestaque.com.br\/index.php\/wp-json\/wp\/v2\/posts\/51021","targetHints":{"allow":["GET"]}}],"collection":[{"href":"https:\/\/noticiasdestaque.com.br\/index.php\/wp-json\/wp\/v2\/posts"}],"about":[{"href":"https:\/\/noticiasdestaque.com.br\/index.php\/wp-json\/wp\/v2\/types\/post"}],"author":[{"embeddable":true,"href":"https:\/\/noticiasdestaque.com.br\/index.php\/wp-json\/wp\/v2\/users\/1"}],"replies":[{"embeddable":true,"href":"https:\/\/noticiasdestaque.com.br\/index.php\/wp-json\/wp\/v2\/comments?post=51021"}],"version-history":[{"count":0,"href":"https:\/\/noticiasdestaque.com.br\/index.php\/wp-json\/wp\/v2\/posts\/51021\/revisions"}],"wp:featuredmedia":[{"embeddable":true,"href":"https:\/\/noticiasdestaque.com.br\/index.php\/wp-json\/wp\/v2\/media\/51022"}],"wp:attachment":[{"href":"https:\/\/noticiasdestaque.com.br\/index.php\/wp-json\/wp\/v2\/media?parent=51021"}],"wp:term":[{"taxonomy":"category","embeddable":true,"href":"https:\/\/noticiasdestaque.com.br\/index.php\/wp-json\/wp\/v2\/categories?post=51021"},{"taxonomy":"post_tag","embeddable":true,"href":"https:\/\/noticiasdestaque.com.br\/index.php\/wp-json\/wp\/v2\/tags?post=51021"}],"curies":[{"name":"wp","href":"https:\/\/api.w.org\/{rel}","templated":true}]}}