{"id":5102,"date":"2023-02-13T00:18:38","date_gmt":"2023-02-13T03:18:38","guid":{"rendered":"https:\/\/noticiasdestaque.com.br\/index.php\/2023\/02\/13\/caminhos-da-reportagem-de-janeiro-a-democracia-de-pe\/"},"modified":"2023-02-13T00:18:38","modified_gmt":"2023-02-13T03:18:38","slug":"caminhos-da-reportagem-de-janeiro-a-democracia-de-pe","status":"publish","type":"post","link":"https:\/\/noticiasdestaque.com.br\/index.php\/2023\/02\/13\/caminhos-da-reportagem-de-janeiro-a-democracia-de-pe\/","title":{"rendered":"Caminhos da Reportagem: 8 de janeiro \u2013 a democracia de p\u00e9"},"content":{"rendered":"<style> bloco.meta {font-style: italic; color: #666;font-weight: 600;font-size: .8em; \/* line-height: .3em; *\/}  text h2 { font-weight: 700 !important;  color: #062f46 !important;} text img { width: none; left: none;}<\/style>\n<\/p>\n<p>O 8 de janeiro de 2023 entrou para hist\u00f3ria do pa\u00eds: um dia em que ataques aos Tr\u00eas Poderes da Rep\u00fablica tentaram abalar a democracia. Pr\u00e9dios foram invadidos e depredados, em cenas de \u00f3dio e comemora\u00e7\u00e3o de eleitores que n\u00e3o aceitavam o resultado das urnas.<\/p>\n<p>Um m\u00eas depois dessas cenas, o <em>Caminhos da Reportagem<\/em> ouviu hist\u00f3rias de quem presenciou aquele dia. O programa faz uma an\u00e1lise dos fatos que culminaram numa tentativa frustrada de abalar a democracia do pa\u00eds e do que p\u00f4de ser aprendido ap\u00f3s essas amea\u00e7as.<\/p>\n<p>Renato Alves, do Jornal <em>O Tempo<\/em>, foi um dos 16 profissionais de imprensa que sofreram agress\u00f5es no dia. Ao fugir dos agressores e pedir ajuda, ele viu de perto a coniv\u00eancia da Pol\u00edcia Militar do Distrito Federal (DF). Naquela noite, Ricardo Cappelli assumiu como interventor na seguran\u00e7a p\u00fablica do DF. Em relat\u00f3rio divulgado por ele e sua equipe, a constata\u00e7\u00e3o: houve erro e toler\u00e2ncia da PM, numa sequ\u00eancia de fatos que culminaram no vandalismo. \u201cCoincid\u00eancias? N\u00e3o me parece\u201d, afirma Cappeli.<\/p>\n<p>Os fatos n\u00e3o se restringem apenas ao dia 8. Desde a vit\u00f3ria do presidente Lula nas urnas, sucessivos acontecimentos que n\u00e3o foram reprimidos formaram o cen\u00e1rio ideal para o que aconteceu: bloqueio de estradas, \u00f4nibus queimados, uma bomba na \u00e1rea do aeroporto da capital do pa\u00eds e, principalmente, os acampamentos em frente aos quart\u00e9is do Ex\u00e9rcito por todo o Brasil.<\/p>\n<p>Para o ministro da Justi\u00e7a, Fl\u00e1vio Dino, a exist\u00eancia dos chamados QGs foi decisiva para gerar diversos eventos violentos em Bras\u00edlia que levaram aos atos antidemocr\u00e1ticos. \u201cInfelizmente, os fatos do dia 8 mostram que esse acampamento acabou funcionando como uma esp\u00e9cie de <em>hub, <\/em>em que esses extremistas se encontravam, planejavam e executavam a\u00e7\u00f5es\u201d, afirma.<\/p>\n<p>Com a interven\u00e7\u00e3o decretada pelo Executivo e o governador do DF, Ibaneis Rocha, afastado pelo Supremo Tribunal Federal (STF), as pris\u00f5es dos suspeitos come\u00e7aram a ocorrer ainda na noite do dia 8. Quase 1.200 pessoas foram detidas. Entre eles, um casal que era dono de um lar tempor\u00e1rio para c\u00e3es resgatados. N\u00e3o apenas os animais que estavam na cust\u00f3dia deles ficaram abandonados, como tamb\u00e9m os quatro filhos.<\/p>\n<p>O <em>Caminhos da Reportagem<\/em> ouviu especialistas para saber o que leva as pessoas a irem t\u00e3o longe em algo que acreditam sem questionar, como teorias da conspira\u00e7\u00e3o sobre urnas e processos democr\u00e1ticos. Para o psicanalista Christian Dunker, a forma de agir desse grupo lembra seguidores de seitas messi\u00e2nicas, que aguardam o fim do mundo que nunca acontece. \u201cTemos a\u00ed perigos de alta agressividade, de uma agressividade err\u00e1tica como a gente viu nas manifesta\u00e7\u00f5es\u201d, analisa.<\/p>\n<p>Para o professor e pesquisador da Universidade Estadual do Rio de Janeiro (Uerj) Jo\u00e3o Cezar de Castro Rocha, que tem acompanhado grupos bolsonaristas h\u00e1 anos, a desinforma\u00e7\u00e3o promovida por grupos interessados no poder \u00e9 um ponto central. &#8220;O encadeamento de <em>fake news<\/em> produz teorias conspirat\u00f3rias das mais delirantes. E h\u00e1 muitas  pessoas ganhando dinheiro com a radicaliza\u00e7\u00e3o do discurso pol\u00edtico, porque a radicaliza\u00e7\u00e3o \u00e9 o que produz <em>like<\/em>.<\/p>\n<p>O epis\u00f3dio do <em>Caminhos da Reportagem<\/em><strong>  \u201c<\/strong>8 de janeiro &#8211;  Democracia de p\u00e9<strong>\u201d<\/strong>  vai ao ar neste domingo (12), \u00e0s 22h, na <strong>TV Brasil<\/strong>.<\/p>\n<p>            <!-- blog End --><\/p>\n<p>            <!-- tag and share --><\/p>\n<p> Fonte: EBC <\/p>\n<\/div>\n<\/div>\n<\/div>\n<input type=\"hidden\" id=\"baseurl\" value=\"https:\/\/noticiasdestaque.com.br\"><input type=\"hidden\" id=\"audio_nonce\" value=\"eb7638fb71\">","protected":false},"excerpt":{"rendered":"<p>Programa vai ao ar \u00e0s 22h na TV Brasil<\/p>\n","protected":false},"author":1,"featured_media":5103,"comment_status":"open","ping_status":"open","sticky":false,"template":"","format":"standard","meta":{"fifu_image_url":"","fifu_image_alt":"","footnotes":""},"categories":[48],"tags":[],"class_list":["post-5102","post","type-post","status-publish","format-standard","has-post-thumbnail","hentry","category-mundo"],"distributor_meta":false,"distributor_terms":false,"distributor_media":false,"distributor_original_site_name":"Portal de Recupera\u00e7\u00e3o","distributor_original_site_url":"https:\/\/portalderecuperacao.com","push-errors":false,"_links":{"self":[{"href":"https:\/\/noticiasdestaque.com.br\/index.php\/wp-json\/wp\/v2\/posts\/5102","targetHints":{"allow":["GET"]}}],"collection":[{"href":"https:\/\/noticiasdestaque.com.br\/index.php\/wp-json\/wp\/v2\/posts"}],"about":[{"href":"https:\/\/noticiasdestaque.com.br\/index.php\/wp-json\/wp\/v2\/types\/post"}],"author":[{"embeddable":true,"href":"https:\/\/noticiasdestaque.com.br\/index.php\/wp-json\/wp\/v2\/users\/1"}],"replies":[{"embeddable":true,"href":"https:\/\/noticiasdestaque.com.br\/index.php\/wp-json\/wp\/v2\/comments?post=5102"}],"version-history":[{"count":0,"href":"https:\/\/noticiasdestaque.com.br\/index.php\/wp-json\/wp\/v2\/posts\/5102\/revisions"}],"wp:featuredmedia":[{"embeddable":true,"href":"https:\/\/noticiasdestaque.com.br\/index.php\/wp-json\/wp\/v2\/media\/5103"}],"wp:attachment":[{"href":"https:\/\/noticiasdestaque.com.br\/index.php\/wp-json\/wp\/v2\/media?parent=5102"}],"wp:term":[{"taxonomy":"category","embeddable":true,"href":"https:\/\/noticiasdestaque.com.br\/index.php\/wp-json\/wp\/v2\/categories?post=5102"},{"taxonomy":"post_tag","embeddable":true,"href":"https:\/\/noticiasdestaque.com.br\/index.php\/wp-json\/wp\/v2\/tags?post=5102"}],"curies":[{"name":"wp","href":"https:\/\/api.w.org\/{rel}","templated":true}]}}