{"id":51017,"date":"2026-03-25T04:40:00","date_gmt":"2026-03-25T07:40:00","guid":{"rendered":"https:\/\/noticiasdestaque.com.br\/index.php\/2026\/03\/25\/inscricoes-para-o-2o-premio-mineracao-comunidades-encerram-dia-30\/"},"modified":"2026-03-25T04:40:00","modified_gmt":"2026-03-25T07:40:00","slug":"inscricoes-para-o-2o-premio-mineracao-comunidades-encerram-dia-30","status":"publish","type":"post","link":"https:\/\/noticiasdestaque.com.br\/index.php\/2026\/03\/25\/inscricoes-para-o-2o-premio-mineracao-comunidades-encerram-dia-30\/","title":{"rendered":"Inscri\u00e7\u00f5es para o 2\u00ba Pr\u00eamio Minera\u00e7\u00e3o &amp; Comunidades encerram dia 30"},"content":{"rendered":"<p>O prazo est\u00e1 acabando para quem deseja inscrever projetos no<strong> 2\u00ba Pr\u00eamio Minera\u00e7\u00e3o &amp; Comunidades<\/strong>, iniciativa da <strong>Brasil Mineral<\/strong> que reconhece e valoriza a\u00e7\u00f5es de engajamento com comunidades em territ\u00f3rios com minera\u00e7\u00e3o. <strong>As inscri\u00e7\u00f5es se encerram \u00e0s 18 horas do pr\u00f3ximo dia 30 de mar\u00e7o<\/strong>.<\/p>\n<p>Criado pela <strong>Brasil Mineral<\/strong> em 2025, o pr\u00eamio tem como objetivo reconhecer, valorizar e incentivar iniciativas voltadas \u00e0 sustentabilidade socioambiental, dando visibilidade \u00e0s a\u00e7\u00f5es do setor mineral que promovem o desenvolvimento e o fortalecimento das comunidades em regi\u00f5es mineradoras.<\/p>\n<p>O pr\u00eamio \u00e9 direcionado aos gestores tecnicamente respons\u00e1veis pela elabora\u00e7\u00e3o e implanta\u00e7\u00e3o de projetos socioambientais, de desenvolvimento, culturais e educativos nas comunidades do entorno de opera\u00e7\u00f5es de minera\u00e7\u00e3o e contempla cinco categorias:<\/p>\n<ul>\n<li>Projetos de Responsabilidade Socioambiental Participativa, com evid\u00eancia de participa\u00e7\u00e3o direta das comunidades<\/li>\n<li>Comunica\u00e7\u00e3o, Relacionamento e Engajamento com Comunidades, inclusive tradicionais<\/li>\n<li>Desenvolvimento, Cidadania e Gest\u00e3o de Renda<\/li>\n<li>Resgate e Valoriza\u00e7\u00e3o de Cultura e Tradi\u00e7\u00f5es<\/li>\n<li>Respeito e Harmonia: Equidade, Diversidade e Inclus\u00e3o<\/li>\n<\/ul>\n<p>Os trabalhos inscritos dever\u00e3o representar um projeto pr\u00e1tico implantado ou iniciado, no m\u00e1ximo, nos \u00faltimos dois anos (2024 e 2025). Projetos inscritos na edi\u00e7\u00e3o de 2025 n\u00e3o poder\u00e3o ser inscritos novamente. \u00c9 obrigat\u00f3rio que o trabalho tenha sido implantado no territ\u00f3rio de entorno de um empreendimento miner\u00e1rio e esteja contribuindo para a melhoria da qualidade de vida das comunidades locais. O projeto pode ter sido conduzido pela empresa, sua funda\u00e7\u00e3o, instituto, fundos ou por consultoria contratada, e deve comprovar o envolvimento direto das comunidades, o p\u00fablico beneficiado e os resultados positivos obtidos.<\/p>\n<p>A premia\u00e7\u00e3o acontecer\u00e1 durante o 11\u00ba Semin\u00e1rio Minera\u00e7\u00e3o &amp; Comunidades, nos dias 16 e 17 de junho, em Belo Horizonte (MG).<\/p>\n<p>N\u00e3o perca o prazo! O regulamento completo e as inscri\u00e7\u00f5es est\u00e3o dispon\u00edveis clicando <a href=\"http:\/\/mineracaoecomunidades.com.br\" target=\"_blank\">aqui<\/a>.<\/p>\n<p>\t\t\t\t\t\t\t\t\t\t<img loading=\"lazy\" decoding=\"async\" src=\"https:\/\/brasil61.com\/api\/v1\/serve_pixel\/17677\/88524\" alt=\"Pixel Brasil 61\" class=\"b61_pixel\" width=\"0\" height=\"0\"><\/p>\n<input type=\"hidden\" id=\"baseurl\" value=\"https:\/\/noticiasdestaque.com.br\"><input type=\"hidden\" id=\"audio_nonce\" value=\"6a24ca502e\">","protected":false},"excerpt":{"rendered":"<p>Gestores respons\u00e1veis por projetos socioambientais em territ\u00f3rios mineradores t\u00eam at\u00e9 \u00e0s 18h do dia 30 para garantir participa\u00e7\u00e3o.<\/p>\n","protected":false},"author":1,"featured_media":51018,"comment_status":"open","ping_status":"open","sticky":false,"template":"","format":"standard","meta":{"fifu_image_url":"","fifu_image_alt":"","footnotes":""},"categories":[59],"tags":[],"class_list":["post-51017","post","type-post","status-publish","format-standard","has-post-thumbnail","hentry","category-economia"],"distributor_meta":false,"distributor_terms":false,"distributor_media":false,"distributor_original_site_name":"Noticias em Destaque","distributor_original_site_url":"https:\/\/noticiasdestaque.com.br","push-errors":false,"_links":{"self":[{"href":"https:\/\/noticiasdestaque.com.br\/index.php\/wp-json\/wp\/v2\/posts\/51017","targetHints":{"allow":["GET"]}}],"collection":[{"href":"https:\/\/noticiasdestaque.com.br\/index.php\/wp-json\/wp\/v2\/posts"}],"about":[{"href":"https:\/\/noticiasdestaque.com.br\/index.php\/wp-json\/wp\/v2\/types\/post"}],"author":[{"embeddable":true,"href":"https:\/\/noticiasdestaque.com.br\/index.php\/wp-json\/wp\/v2\/users\/1"}],"replies":[{"embeddable":true,"href":"https:\/\/noticiasdestaque.com.br\/index.php\/wp-json\/wp\/v2\/comments?post=51017"}],"version-history":[{"count":0,"href":"https:\/\/noticiasdestaque.com.br\/index.php\/wp-json\/wp\/v2\/posts\/51017\/revisions"}],"wp:featuredmedia":[{"embeddable":true,"href":"https:\/\/noticiasdestaque.com.br\/index.php\/wp-json\/wp\/v2\/media\/51018"}],"wp:attachment":[{"href":"https:\/\/noticiasdestaque.com.br\/index.php\/wp-json\/wp\/v2\/media?parent=51017"}],"wp:term":[{"taxonomy":"category","embeddable":true,"href":"https:\/\/noticiasdestaque.com.br\/index.php\/wp-json\/wp\/v2\/categories?post=51017"},{"taxonomy":"post_tag","embeddable":true,"href":"https:\/\/noticiasdestaque.com.br\/index.php\/wp-json\/wp\/v2\/tags?post=51017"}],"curies":[{"name":"wp","href":"https:\/\/api.w.org\/{rel}","templated":true}]}}