{"id":51015,"date":"2026-03-25T04:15:00","date_gmt":"2026-03-25T07:15:00","guid":{"rendered":"https:\/\/noticiasdestaque.com.br\/index.php\/2026\/03\/25\/chapeco-sc-lanca-pix-verde-para-trocar-reciclaveis-por-dinheiro-e-alimentos\/"},"modified":"2026-03-25T04:15:00","modified_gmt":"2026-03-25T07:15:00","slug":"chapeco-sc-lanca-pix-verde-para-trocar-reciclaveis-por-dinheiro-e-alimentos","status":"publish","type":"post","link":"https:\/\/noticiasdestaque.com.br\/index.php\/2026\/03\/25\/chapeco-sc-lanca-pix-verde-para-trocar-reciclaveis-por-dinheiro-e-alimentos\/","title":{"rendered":"Chapec\u00f3 (SC) lan\u00e7a \u201cPix Verde\u201d para trocar recicl\u00e1veis por dinheiro e alimentos"},"content":{"rendered":"<p>\t\t\t\t\t\t\t\t\t\t\t<audio controls class=\"b61_audio_player\" data-noticia=\"88515\" src=\"https:\/\/brasil61.com\/rails\/active_storage\/blobs\/eyJfcmFpbHMiOnsibWVzc2FnZSI6IkJBaHBBeDRKQkE9PSIsImV4cCI6bnVsbCwicHVyIjoiYmxvYl9pZCJ9fQ==--f7e5259169f41e8174477a0841e73e79e09e3c49\/BRAS2616113A\"><\/audio><\/p>\n<p>A Prefeitura de Chapec\u00f3 lan\u00e7ou, na\u00a0segunda-feira (23), o programa <strong>Pix Verde<\/strong>, uma iniciativa que <strong>combina sustentabilidade, limpeza urbana e seguran\u00e7a alimentar<\/strong>. A proposta permite que moradores troquem res\u00edduos recicl\u00e1veis por pagamento via Pix e tamb\u00e9m por cestas de alimentos provenientes da agricultura familiar.<\/p>\n<\/p>\n<p dir=\"ltr\">O lan\u00e7amento ocorreu no audit\u00f3rio da Prefeitura e reuniu cerca de 150 pessoas, entre representantes do poder p\u00fablico, Pol\u00edcia Ambiental, organiza\u00e7\u00f5es n\u00e3o governamentais, catadores, agricultores e moradores das comunidades atendidas.<\/p>\n<p dir=\"ltr\">O projeto envolve tr\u00eas secretarias municipais: Servi\u00e7os Urbanos e Zeladoria, Fam\u00edlia e Prote\u00e7\u00e3o Social, e Agricultura e Pesca. A iniciativa surgiu a partir da identifica\u00e7\u00e3o de descartes irregulares pr\u00f3ximos a resid\u00eancias e vias p\u00fablicas.<\/p>\n<p dir=\"ltr\">Inicialmente, o programa ser\u00e1 implantado nas comunidades Vila Esperan\u00e7a, Lajeado S\u00e3o Jos\u00e9 e Vila Rica. Ao todo, 150 fam\u00edlias foram cadastradas em cada local, todas inscritas no Cadastro \u00danico por meio dos Centros de Refer\u00eancia de Assist\u00eancia Social (Cras).<\/p>\n<p dir=\"ltr\">De acordo com a gerente de Res\u00edduos S\u00f3lidos do munic\u00edpio, Graciela Heckler, a coleta dos materiais recicl\u00e1veis ser\u00e1 feita a cada 15 dias por um caminh\u00e3o do programa.<\/p>\n<p dir=\"ltr\">O material ser\u00e1 pago via Pix pelas associa\u00e7\u00f5es de catadores e\u00a0cada fam\u00edlia tamb\u00e9m receber\u00e1 uma cesta de alimentos adquirida da agricultura familiar por meio do Programa de Aquisi\u00e7\u00e3o de Alimentos.<\/p>\n<p dir=\"ltr\">As coletas do Pix Verde devem iniciar em abril. A expectativa \u00e9 que a a\u00e7\u00e3o contribua para reduzir o descarte irregular de res\u00edduos, fortalecer a coleta seletiva e gerar renda para fam\u00edlias em situa\u00e7\u00e3o de vulnerabilidade.<\/p>\n<p dir=\"ltr\">O prefeito Jo\u00e3o Rodrigues destacou que o programa refor\u00e7a o compromisso do munic\u00edpio com a limpeza urbana e o meio ambiente. Segundo ele, a iniciativa permitir\u00e1 que moradores tenham renda extra ao mesmo tempo em que colaboram para manter a cidade limpa.<\/p>\n<p dir=\"ltr\">Para o presidente da Associa\u00e7\u00e3o dos Catadores do Vit\u00f3rio Rosa, Maicon Rodrigues de Souza, o projeto tamb\u00e9m fortalece o trabalho dos catadores, melhora a separa\u00e7\u00e3o dos materiais recicl\u00e1veis e contribui para a preserva\u00e7\u00e3o ambiental.<\/p>\n<p dir=\"ltr\">A proposta segue uma tend\u00eancia j\u00e1 adotada em outros munic\u00edpios brasileiros, que v\u00eam utilizando incentivos econ\u00f4micos para estimular a reciclagem e promover inclus\u00e3o social, aliando pol\u00edticas ambientais \u00e0 seguran\u00e7a alimentar.<\/p>\n<p>\t\t\t\t\t\t\t\t\t\t<img loading=\"lazy\" decoding=\"async\" src=\"https:\/\/brasil61.com\/api\/v1\/serve_pixel\/17677\/88515\" alt=\"Pixel Brasil 61\" class=\"b61_pixel\" width=\"0\" height=\"0\"><\/p>\n<input type=\"hidden\" id=\"baseurl\" value=\"https:\/\/noticiasdestaque.com.br\"><input type=\"hidden\" id=\"audio_nonce\" value=\"6f73a554f1\">","protected":false},"excerpt":{"rendered":"<p> Iniciativa une sustentabilidade, gera\u00e7\u00e3o de renda e seguran\u00e7a alimentar, com coleta quinzenal e pagamento via Pix para fam\u00edlias de baixa renda<\/p>\n","protected":false},"author":1,"featured_media":51016,"comment_status":"open","ping_status":"open","sticky":false,"template":"","format":"standard","meta":{"fifu_image_url":"","fifu_image_alt":"","footnotes":""},"categories":[48],"tags":[],"class_list":["post-51015","post","type-post","status-publish","format-standard","has-post-thumbnail","hentry","category-mundo"],"distributor_meta":false,"distributor_terms":false,"distributor_media":false,"distributor_original_site_name":"Noticias em Destaque","distributor_original_site_url":"https:\/\/noticiasdestaque.com.br","push-errors":false,"_links":{"self":[{"href":"https:\/\/noticiasdestaque.com.br\/index.php\/wp-json\/wp\/v2\/posts\/51015","targetHints":{"allow":["GET"]}}],"collection":[{"href":"https:\/\/noticiasdestaque.com.br\/index.php\/wp-json\/wp\/v2\/posts"}],"about":[{"href":"https:\/\/noticiasdestaque.com.br\/index.php\/wp-json\/wp\/v2\/types\/post"}],"author":[{"embeddable":true,"href":"https:\/\/noticiasdestaque.com.br\/index.php\/wp-json\/wp\/v2\/users\/1"}],"replies":[{"embeddable":true,"href":"https:\/\/noticiasdestaque.com.br\/index.php\/wp-json\/wp\/v2\/comments?post=51015"}],"version-history":[{"count":0,"href":"https:\/\/noticiasdestaque.com.br\/index.php\/wp-json\/wp\/v2\/posts\/51015\/revisions"}],"wp:featuredmedia":[{"embeddable":true,"href":"https:\/\/noticiasdestaque.com.br\/index.php\/wp-json\/wp\/v2\/media\/51016"}],"wp:attachment":[{"href":"https:\/\/noticiasdestaque.com.br\/index.php\/wp-json\/wp\/v2\/media?parent=51015"}],"wp:term":[{"taxonomy":"category","embeddable":true,"href":"https:\/\/noticiasdestaque.com.br\/index.php\/wp-json\/wp\/v2\/categories?post=51015"},{"taxonomy":"post_tag","embeddable":true,"href":"https:\/\/noticiasdestaque.com.br\/index.php\/wp-json\/wp\/v2\/tags?post=51015"}],"curies":[{"name":"wp","href":"https:\/\/api.w.org\/{rel}","templated":true}]}}