{"id":50997,"date":"2026-03-24T14:55:00","date_gmt":"2026-03-24T17:55:00","guid":{"rendered":"https:\/\/noticiasdestaque.com.br\/index.php\/2026\/03\/24\/piso-minimo-do-frete-pode-prejudicar-desenvolvimento-economico-do-pais-avalia-cni\/"},"modified":"2026-03-24T14:55:00","modified_gmt":"2026-03-24T17:55:00","slug":"piso-minimo-do-frete-pode-prejudicar-desenvolvimento-economico-do-pais-avalia-cni","status":"publish","type":"post","link":"https:\/\/noticiasdestaque.com.br\/index.php\/2026\/03\/24\/piso-minimo-do-frete-pode-prejudicar-desenvolvimento-economico-do-pais-avalia-cni\/","title":{"rendered":"Piso m\u00ednimo do frete pode prejudicar desenvolvimento econ\u00f4mico do pa\u00eds, avalia CNI"},"content":{"rendered":"<p>\t\t\t\t\t\t\t\t\t\t\t<audio controls class=\"b61_audio_player\" data-noticia=\"88511\" src=\"https:\/\/brasil61.com\/rails\/active_storage\/blobs\/eyJfcmFpbHMiOnsibWVzc2FnZSI6IkJBaHBBMzRJQkE9PSIsImV4cCI6bnVsbCwicHVyIjoiYmxvYl9pZCJ9fQ==--5bce77bdebff7d8d148ab0b1789568f8e9d22bd3\/PIND264725A\"><\/audio><\/p>\n<p>O governo federal publicou, na \u00faltima quinta-feira (19), a <strong><a href=\"https:\/\/www.in.gov.br\/web\/dou\/-\/medida-provisoria-n-1.343-de-19-de-marco-de-2026-694021049\" target=\"_blank\">Medida Provis\u00f3ria n\u00ba 1.343\/2026<\/a>, que endurece a puni\u00e7\u00e3o para o descumprimento do piso m\u00ednimo do frete no transporte rodovi\u00e1rio de cargas<\/strong>. A iniciativa busca <strong>ampliar a prote\u00e7\u00e3o aos caminhoneiros<\/strong> diante da alta do diesel e<strong> reduzir o risco de paralisa\u00e7\u00f5es<\/strong>.<\/p>\n<p>A <strong><a href=\"https:\/\/cni.portaldaindustria.com.br\/\" target=\"_blank\">Confedera\u00e7\u00e3o Nacional da Ind\u00fastria (CNI)<\/a><\/strong>, no entanto, avalia que a<strong> medida \u00e9 inadequada e pode prejudicar a competitividade e o desenvolvimento econ\u00f4mico do pa\u00eds<\/strong>. Segundo a entidade, a MP est\u00e1 diretamente relacionada \u00e0 <a href=\"https:\/\/www.gov.br\/antt\/pt-br\/assuntos\/cargas\/politica-nacional-de-pisos-minimos-de-frete\" target=\"_blank\"><strong>Pol\u00edtica Nacional de Pisos M\u00ednimos do Transporte Rodovi\u00e1rio de Cargas<\/strong><\/a>, que estabelece valores m\u00ednimos para o frete. Para a CNI, <strong>esse modelo de tabelamento \u00e9 fr\u00e1gil, tem par\u00e2metros considerados pouco confi\u00e1veis e n\u00e3o reflete a realidade das empresas<\/strong>.<\/p>\n<p>Na avalia\u00e7\u00e3o da entidade, <strong>o refor\u00e7o de san\u00e7\u00f5es com base em uma metodologia considerada falha<\/strong>, especialmente em um contexto de crise, <strong>tende a ampliar os custos do setor produtivo, aumentar a inseguran\u00e7a jur\u00eddica e criar incertezas<\/strong>, penalizando ainda mais as empresas brasileiras.<\/p>\n<p>O especialista em Infraestrutura da CNI, <strong>Ramon Cunha<\/strong>, v\u00ea com preocupa\u00e7\u00e3o a associa\u00e7\u00e3o entre o aumento da fiscaliza\u00e7\u00e3o do frete e o atual cen\u00e1rio geopol\u00edtico.<\/p>\n<p>\u201cA CNI acredita que a associa\u00e7\u00e3o entre a fiscaliza\u00e7\u00e3o do frete e o momento geopol\u00edtico atual pode produzir <strong>interpreta\u00e7\u00f5es indevidas, afetar a seguran\u00e7a jur\u00eddica <\/strong>e induzir um <strong>ambiente de incerteza<\/strong> para agentes econ\u00f4micos que atuam em estrita conformidade com a legisla\u00e7\u00e3o vigente, com efeitos diretos sobre a ind\u00fastria e a economia brasileira\u201d, afirma.<\/p>\n<p>Como alternativa, <strong>a CNI defende que a aplica\u00e7\u00e3o de penalidades seja precedida por uma revis\u00e3o da metodologia do tabelamento do frete<\/strong>. A entidade prop\u00f5e que esse processo seja conduzido<strong> com base em crit\u00e9rios t\u00e9cnicos e transparentes<\/strong>, com ampla <strong>participa\u00e7\u00e3o da sociedade civil organizada <\/strong>e respeito \u00e0 <strong>compet\u00eancia regulat\u00f3ria da <a href=\"https:\/\/www.gov.br\/antt\/pt-br\" target=\"_blank\">Ag\u00eancia Nacional de Transportes Terrestres (ANTT)<\/a><\/strong>.<\/p>\n<h2>Impacto no pre\u00e7o final<\/h2>\n<p>A<strong> alta do diesel<\/strong>, principal fator de<strong> insatisfa\u00e7\u00e3o dos caminhoneiros<\/strong>, tem sido impulsionada por<strong> tens\u00f5es geopol\u00edticas no Oriente M\u00e9dio<\/strong>, com<strong> reflexos diretos no mercado interno<\/strong>. Na tentativa de conter os aumentos, o <a href=\"https:\/\/brasil61.com\/n\/petrobras-aumenta-preco-do-diesel-em-r-0-38-bras2616053\" target=\"_blank\">governo federal adotou uma s\u00e9rie de medidas<\/a>, como o <a href=\"https:\/\/www.planalto.gov.br\/ccivil_03\/_ato2023-2026\/2026\/decreto\/D12875.htm\" target=\"_blank\">Decreto n\u00ba 12.875\/2026<\/a>, que zera as al\u00edquotas de PIS e Cofins sobre a importa\u00e7\u00e3o e a comercializa\u00e7\u00e3o do \u00f3leo diesel; o <a href=\"https:\/\/www.planalto.gov.br\/ccivil_03\/_ato2023-2026\/2026\/decreto\/D12876.htm\" target=\"_blank\">Decreto n\u00ba 12.876\/2026<\/a>, voltado \u00e0 amplia\u00e7\u00e3o da transpar\u00eancia e da fiscaliza\u00e7\u00e3o para coibir especula\u00e7\u00e3o e pre\u00e7os abusivos de combust\u00edveis; e a <a href=\"https:\/\/www.planalto.gov.br\/ccivil_03\/_Ato2023-2026\/2026\/Mpv\/mpv1340.htm\" target=\"_blank\">Medida Provis\u00f3ria n\u00ba 1.340\/2026<\/a>, que autoriza subven\u00e7\u00e3o econ\u00f4mica \u00e0 comercializa\u00e7\u00e3o do diesel e trata da tributa\u00e7\u00e3o sobre sua exporta\u00e7\u00e3o.<\/p>\n<p>Para o diretor de Rela\u00e7\u00f5es Institucionais da CNI, <strong>Roberto Muniz<\/strong>, o cen\u00e1rio internacional adverso tem pressionado os pre\u00e7os do diesel, com impacto direto no frete e em toda a cadeia produtiva.\u00a0<\/p>\n<p>\u201cNo Brasil, o <strong>transporte de cargas<\/strong> \u00e9 majoritariamente rodovi\u00e1rio e cerca de<strong> 80% de toda a demanda de diesel est\u00e1 concentrada nesse modal<\/strong>. Como o <strong>combust\u00edvel representa entre 30% e 40% dos custos log\u00edsticos<\/strong>, aumentos abruptos encarecem o frete, elevam o custo dos insumos produtivos e, por consequ\u00eancia, os <strong>pre\u00e7os finais ao consumidor<\/strong>. A ind\u00fastria est\u00e1 bastante preocupada com mais uma medida que tende a agravar a crise do setor\u201d, afirma.<\/p>\n<p>Apesar das medidas emergenciais, a CNI avalia que os<strong> efeitos esperados ainda n\u00e3o foram plenamente percebidos nos postos de combust\u00edveis<\/strong>, o que mant\u00e9m a press\u00e3o sobre os custos log\u00edsticos e os pre\u00e7os ao consumidor.<\/p>\n<p>Segundo Ramon Cunha, enquanto os impactos dessas iniciativas n\u00e3o se refletem nos pre\u00e7os, outras medidas paliativas, embora n\u00e3o triviais, continuam em discuss\u00e3o.<\/p>\n<p>\u201cA possibilidade de redu\u00e7\u00e3o de ICMS pelos governos estaduais pode suavizar, ainda que parcialmente, o impacto dos choques externos sobre os caminhoneiros, as atividades produtivas nacionais e os consumidores finais\u201d, afirma.<\/p>\n<p><strong>VEJA MAIS:<\/strong><\/p>\n<ul>\n<li><a href=\"https:\/\/brasil61.com\/n\/frente-parlamentar-da-agropecuaria-defende-revisao-do-tabelamento-do-frete-apos-novo-aumento-bras2616087\" target=\"_blank\">Frente Parlamentar da Agropecu\u00e1ria defende revis\u00e3o do tabelamento do frete ap\u00f3s novo aumento<\/a><\/li>\n<li><a href=\"https:\/\/brasil61.com\/n\/petrobras-aumenta-preco-do-diesel-em-r-0-38-bras2616053\" target=\"_blank\">Petrobras aumenta pre\u00e7o do diesel em R$ 0,38<\/a><\/li>\n<\/ul>\n<p>\t\t\t\t\t\t\t\t\t\t<img loading=\"lazy\" decoding=\"async\" src=\"https:\/\/brasil61.com\/api\/v1\/serve_pixel\/17677\/88511\" alt=\"Pixel Brasil 61\" class=\"b61_pixel\" width=\"0\" height=\"0\"><\/p>\n<input type=\"hidden\" id=\"baseurl\" value=\"https:\/\/noticiasdestaque.com.br\"><input type=\"hidden\" id=\"audio_nonce\" value=\"6a24ca502e\">","protected":false},"excerpt":{"rendered":"<p>Governo federal publicou MP que endurece puni\u00e7\u00e3o para o descumprimento do piso m\u00ednimo do frete, mas a ind\u00fastria aponta fragilidades na metodologia do tabelamento<\/p>\n","protected":false},"author":1,"featured_media":50998,"comment_status":"open","ping_status":"open","sticky":false,"template":"","format":"standard","meta":{"fifu_image_url":"","fifu_image_alt":"","footnotes":""},"categories":[48],"tags":[],"class_list":["post-50997","post","type-post","status-publish","format-standard","has-post-thumbnail","hentry","category-mundo"],"distributor_meta":false,"distributor_terms":false,"distributor_media":false,"distributor_original_site_name":"Noticias em Destaque","distributor_original_site_url":"https:\/\/noticiasdestaque.com.br","push-errors":false,"_links":{"self":[{"href":"https:\/\/noticiasdestaque.com.br\/index.php\/wp-json\/wp\/v2\/posts\/50997","targetHints":{"allow":["GET"]}}],"collection":[{"href":"https:\/\/noticiasdestaque.com.br\/index.php\/wp-json\/wp\/v2\/posts"}],"about":[{"href":"https:\/\/noticiasdestaque.com.br\/index.php\/wp-json\/wp\/v2\/types\/post"}],"author":[{"embeddable":true,"href":"https:\/\/noticiasdestaque.com.br\/index.php\/wp-json\/wp\/v2\/users\/1"}],"replies":[{"embeddable":true,"href":"https:\/\/noticiasdestaque.com.br\/index.php\/wp-json\/wp\/v2\/comments?post=50997"}],"version-history":[{"count":0,"href":"https:\/\/noticiasdestaque.com.br\/index.php\/wp-json\/wp\/v2\/posts\/50997\/revisions"}],"wp:featuredmedia":[{"embeddable":true,"href":"https:\/\/noticiasdestaque.com.br\/index.php\/wp-json\/wp\/v2\/media\/50998"}],"wp:attachment":[{"href":"https:\/\/noticiasdestaque.com.br\/index.php\/wp-json\/wp\/v2\/media?parent=50997"}],"wp:term":[{"taxonomy":"category","embeddable":true,"href":"https:\/\/noticiasdestaque.com.br\/index.php\/wp-json\/wp\/v2\/categories?post=50997"},{"taxonomy":"post_tag","embeddable":true,"href":"https:\/\/noticiasdestaque.com.br\/index.php\/wp-json\/wp\/v2\/tags?post=50997"}],"curies":[{"name":"wp","href":"https:\/\/api.w.org\/{rel}","templated":true}]}}