{"id":50989,"date":"2026-03-24T04:25:00","date_gmt":"2026-03-24T07:25:00","guid":{"rendered":"https:\/\/noticiasdestaque.com.br\/index.php\/2026\/03\/24\/ir-2026-restituicao-tera-calendario-menor\/"},"modified":"2026-03-24T04:25:00","modified_gmt":"2026-03-24T07:25:00","slug":"ir-2026-restituicao-tera-calendario-menor","status":"publish","type":"post","link":"https:\/\/noticiasdestaque.com.br\/index.php\/2026\/03\/24\/ir-2026-restituicao-tera-calendario-menor\/","title":{"rendered":"IR 2026: restitui\u00e7\u00e3o ter\u00e1 calend\u00e1rio menor"},"content":{"rendered":"<p>\t\t\t\t\t\t\t\t\t\t\t<audio controls class=\"b61_audio_player\" data-noticia=\"88488\" src=\"https:\/\/brasil61.com\/rails\/active_storage\/blobs\/eyJfcmFpbHMiOnsibWVzc2FnZSI6IkJBaHBBekVJQkE9PSIsImV4cCI6bnVsbCwicHVyIjoiYmxvYl9pZCJ9fQ==--5db844334791c143ab5d25dbf20be560ee8c7cba\/BRAS2616106A\"><\/audio><\/p>\n<p>\u00a0A <a href=\"https:\/\/www.gov.br\/receitafederal\/pt-br\">Receita Federal<\/a> iniciou, nesta segunda-feira (23), o prazo para entrega da Declara\u00e7\u00e3o do Imposto de Renda Pessoa F\u00edsica 2026, ano-base 2025. Os contribuintes t\u00eam at\u00e9 o dia <strong>29 de maio para enviar as informa\u00e7\u00f5es<\/strong>.<\/p>\n<\/p>\n<p dir=\"ltr\">Neste ano, a restitui\u00e7\u00e3o do imposto vir\u00e1 mais r\u00e1pida. O calend\u00e1rio foi reduzido de cinco para quatro lotes, com pagamentos previstos para 2<strong>9 de maio, 30 de junho, 31 de julho e 31 de agosto<\/strong>. A expectativa \u00e9 de que cerca de<strong> 80% dos contribuintes com direito \u00e0 restitui\u00e7\u00e3o recebam os valores at\u00e9 o fim de junho<\/strong>.<\/p>\n<p dir=\"ltr\">A prioridade no pagamento segue crit\u00e9rios j\u00e1 conhecidos, como idade acima de 80 anos, pessoas com mais de 60 anos, contribuintes com defici\u00eancia ou doen\u00e7a grave e professores. Tamb\u00e9m ganham vantagem aqueles que utilizarem a declara\u00e7\u00e3o pr\u00e9-preenchida e optarem por receber via Pix.<\/p>\n<p dir=\"ltr\">Outra novidade \u00e9 a restitui\u00e7\u00e3o autom\u00e1tica para contribuintes que n\u00e3o declararam em 2025, mas tinham valores a receber. Nesse caso, a pr\u00f3pria Receita vai gerar a declara\u00e7\u00e3o e realizar o pagamento, que deve come\u00e7ar a partir de julho.<\/p>\n<p dir=\"ltr\">O n\u00famero de contribuintes obrigados a declarar tamb\u00e9m aumentou. Neste ano, deve prestar contas quem recebeu rendimentos tribut\u00e1veis acima de R$ 35.584 em 2025.<\/p>\n<p dir=\"ltr\">A <a href=\"https:\/\/www.gov.br\/receitafederal\/pt-br\">Receita Federal<\/a> estima receber cerca de <strong>44 milh\u00f5es<\/strong> de declara\u00e7\u00f5es.<\/p>\n<p dir=\"ltr\">A recomenda\u00e7\u00e3o \u00e9 que os contribuintes organizem os documentos com anteced\u00eancia e utilizem a declara\u00e7\u00e3o pr\u00e9-preenchida para evitar erros e cair na malha fina.<\/p>\n<p>\t\t\t\t\t\t\t\t\t\t<img loading=\"lazy\" decoding=\"async\" src=\"https:\/\/brasil61.com\/api\/v1\/serve_pixel\/17677\/88488\" alt=\"Pixel Brasil 61\" class=\"b61_pixel\" width=\"0\" height=\"0\"><\/p>\n<input type=\"hidden\" id=\"baseurl\" value=\"https:\/\/noticiasdestaque.com.br\"><input type=\"hidden\" id=\"audio_nonce\" value=\"581f3017e1\">","protected":false},"excerpt":{"rendered":"<p> Receita Federal reduz n\u00famero de lotes e prev\u00ea pagamento mais r\u00e1pido para contribuintes neste ano<\/p>\n","protected":false},"author":1,"featured_media":50990,"comment_status":"open","ping_status":"open","sticky":false,"template":"","format":"standard","meta":{"fifu_image_url":"","fifu_image_alt":"","footnotes":""},"categories":[48],"tags":[],"class_list":["post-50989","post","type-post","status-publish","format-standard","has-post-thumbnail","hentry","category-mundo"],"distributor_meta":false,"distributor_terms":false,"distributor_media":false,"distributor_original_site_name":"Noticias em Destaque","distributor_original_site_url":"https:\/\/noticiasdestaque.com.br","push-errors":false,"_links":{"self":[{"href":"https:\/\/noticiasdestaque.com.br\/index.php\/wp-json\/wp\/v2\/posts\/50989","targetHints":{"allow":["GET"]}}],"collection":[{"href":"https:\/\/noticiasdestaque.com.br\/index.php\/wp-json\/wp\/v2\/posts"}],"about":[{"href":"https:\/\/noticiasdestaque.com.br\/index.php\/wp-json\/wp\/v2\/types\/post"}],"author":[{"embeddable":true,"href":"https:\/\/noticiasdestaque.com.br\/index.php\/wp-json\/wp\/v2\/users\/1"}],"replies":[{"embeddable":true,"href":"https:\/\/noticiasdestaque.com.br\/index.php\/wp-json\/wp\/v2\/comments?post=50989"}],"version-history":[{"count":0,"href":"https:\/\/noticiasdestaque.com.br\/index.php\/wp-json\/wp\/v2\/posts\/50989\/revisions"}],"wp:featuredmedia":[{"embeddable":true,"href":"https:\/\/noticiasdestaque.com.br\/index.php\/wp-json\/wp\/v2\/media\/50990"}],"wp:attachment":[{"href":"https:\/\/noticiasdestaque.com.br\/index.php\/wp-json\/wp\/v2\/media?parent=50989"}],"wp:term":[{"taxonomy":"category","embeddable":true,"href":"https:\/\/noticiasdestaque.com.br\/index.php\/wp-json\/wp\/v2\/categories?post=50989"},{"taxonomy":"post_tag","embeddable":true,"href":"https:\/\/noticiasdestaque.com.br\/index.php\/wp-json\/wp\/v2\/tags?post=50989"}],"curies":[{"name":"wp","href":"https:\/\/api.w.org\/{rel}","templated":true}]}}