{"id":50985,"date":"2026-03-24T04:15:00","date_gmt":"2026-03-24T07:15:00","guid":{"rendered":"https:\/\/noticiasdestaque.com.br\/index.php\/2026\/03\/24\/fpa-articula-para-votar-novas-regras-do-seguro-rural-esta-semana\/"},"modified":"2026-03-24T04:15:00","modified_gmt":"2026-03-24T07:15:00","slug":"fpa-articula-para-votar-novas-regras-do-seguro-rural-esta-semana","status":"publish","type":"post","link":"https:\/\/noticiasdestaque.com.br\/index.php\/2026\/03\/24\/fpa-articula-para-votar-novas-regras-do-seguro-rural-esta-semana\/","title":{"rendered":"FPA articula para votar novas regras do Seguro Rural esta semana"},"content":{"rendered":"<p>\t\t\t\t\t\t\t\t\t\t\t<audio controls class=\"b61_audio_player\" data-noticia=\"88498\" src=\"https:\/\/brasil61.com\/rails\/active_storage\/blobs\/eyJfcmFpbHMiOnsibWVzc2FnZSI6IkJBaHBBMFFJQkE9PSIsImV4cCI6bnVsbCwicHVyIjoiYmxvYl9pZCJ9fQ==--b1082b153b03b13c21132f58a256cef4297f7032\/BRAS2616110A\"><\/audio><\/p>\n<p>O <a href=\"https:\/\/www25.senado.leg.br\/web\/atividade\/materias\/-\/materia\/164777\">Projeto de Lei 2.951 de 2024<\/a>, que moderniza o <a href=\"https:\/\/www.gov.br\/agricultura\/pt-br\/assuntos\/riscos-seguro\/seguro-rural\">Seguro Rural<\/a> no Brasil, pode ser votado nesta semana na <a href=\"https:\/\/brasil61.com\/noticias\/tag\/camara-dos-deputados\">C\u00e2mara dos Deputados<\/a>. Essa \u00e9 a expectativa da diretoria da <a href=\"http:\/\/fpagropecuaria.org.br\/\">Frente Parlamentar da Agropecu\u00e1ria (FPA)<\/a>.<\/p>\n<p>A proposta, no entanto, n\u00e3o entrou na pauta publicada pela <a href=\"https:\/\/www2.camara.leg.br\/a-camara\/estruturaadm\/secretarias\/secretaria-geral-da-mesa\">Secretaria Geral da Mesa<\/a> nesta segunda-feira (23). O deputado <a href=\"https:\/\/brasil61.com\/parlamentares\/arnaldo-calil-pereira-jardim\">Arnaldo Jardim (Cidadania-SP)<\/a>, vice-presidente da bancada, afirmou que vai conversar pessoalmente com o presidente da Casa, o deputado <a href=\"https:\/\/brasil61.com\/noticias\/tag\/deputado-hugo-motta-republicanos-pb\">Hugo Motta (Republicanos-PB)<\/a>, para incluir o item e realizar a vota\u00e7\u00e3o nesta ter\u00e7a-feira (24). Um requerimento de urg\u00eancia, que acelera a tramita\u00e7\u00e3o, <a href=\"https:\/\/brasil61.com\/n\/camara-aprova-analise-acelerada-para-novas-regras-do-seguro-rural-no-brasil-bras2615988\">foi aprovado no in\u00edcio do m\u00eas<\/a>.<\/p>\n<p>Mudan\u00e7as<\/p>\n<p>De autoria da <a href=\"https:\/\/brasil61.com\/noticias\/tag\/deputada-tereza-cristina-pp-ms\">senadora Tereza Cristina (PP-MS)<\/a>, a mat\u00e9ria traz altera\u00e7\u00f5es em tr\u00eas legisla\u00e7\u00f5es vigentes que envolvem o Seguro Rural. Na C\u00e2mara, um novo texto est\u00e1 sendo constru\u00eddo sobre o que chegou do Senado, com sugest\u00f5es de entidades do setor j\u00e1 consensuadas:<\/p>\n<ul>\n<li>Utiliza\u00e7\u00e3o do Seguro Rural como garantia nas opera\u00e7\u00f5es de cr\u00e9dito, mas sem obrigatoriedade para acessar financiamento rural;<\/li>\n<li>Transfer\u00eancia da gest\u00e3o do Fundo de Cat\u00e1strofe do Minist\u00e9rio da Agricultura e Pecu\u00e1ria (Mapa) para o Minist\u00e9rio da Fazenda;<\/li>\n<li>Benef\u00edcios fiscais diferenciados para cooperativas de produ\u00e7\u00e3o que fizerem aportes no Fundo de Cat\u00e1strofes.<\/li>\n<\/ul>\n<p>A inten\u00e7\u00e3o \u00e9 que as novidades se limitem \u00e0 reda\u00e7\u00e3o do texto, para evitar mudan\u00e7as de m\u00e9rito, o que acarretaria em nova an\u00e1lise pelo <a href=\"https:\/\/brasil61.com\/noticias\/tag\/senado\">Senado Federal<\/a>.<\/p>\n<h2>Obrigatoriedade<\/h2>\n<p>Um dos pontos centrais do projeto \u00e9 tornar o or\u00e7amento do Programa de Subven\u00e7\u00e3o ao Pr\u00eamio do Seguro Rural (PSR) de execu\u00e7\u00e3o obrigat\u00f3ria. Ou seja, blinda a verba para subven\u00e7\u00e3o de ap\u00f3lices contra bloqueios e contingenciamentos por falta de dinheiro em caixa pelo governo federal.<\/p>\n<p>No entanto, h\u00e1 o temor que esse trecho possa justificar um questionamento jur\u00eddico por criar um novo gasto n\u00e3o previsto no or\u00e7amento anual. Por isso, os deputados analisam um ajuste na reda\u00e7\u00e3o para colocar a despesa do PSR na mesma classifica\u00e7\u00e3o de outras pol\u00edticas agr\u00edcolas, como o <a href=\"https:\/\/www.gov.br\/agricultura\/pt-br\/assuntos\/riscos-seguro\/programa-nacional-de-zoneamento-agricola-de-risco-climatico\/proagro\">Programa de Garantia da Atividade Agropecu\u00e1ria (Proagro)<\/a>.<\/p>\n<p>Em 2025, o Seguro Rural teve o pior desempenho em \u00e1rea segurada desde 2015. Segundo dados do Minist\u00e9rio da Agricultura, o Brasil registrou 3,2 milh\u00f5es de hectares segurados (3,27% da \u00e1rea plantada), 600 mil hectares a menos do que 10 anos antes (2,6 milh\u00f5es de hectares, 3,32% da \u00e1rea plantada \u00e0 \u00e9poca). Do R$ 1,06 bilh\u00e3o aprovado para o PSR no ano passado, cerca de R$ 565 milh\u00f5es foram executados. O restante ficou contingenciado.\u00a0<\/p>\n<p>\t\t\t\t\t\t\t\t\t\t<img loading=\"lazy\" decoding=\"async\" src=\"https:\/\/brasil61.com\/api\/v1\/serve_pixel\/17677\/88498\" alt=\"Pixel Brasil 61\" class=\"b61_pixel\" width=\"0\" height=\"0\"><\/p>\n<input type=\"hidden\" id=\"baseurl\" value=\"https:\/\/noticiasdestaque.com.br\"><input type=\"hidden\" id=\"audio_nonce\" value=\"581f3017e1\">","protected":false},"excerpt":{"rendered":"<p>L\u00edderes da bancada querem convencer o presidente Hugo Motta a incluir proposta na pauta do Plen\u00e1rio<\/p>\n","protected":false},"author":1,"featured_media":50986,"comment_status":"open","ping_status":"open","sticky":false,"template":"","format":"standard","meta":{"fifu_image_url":"","fifu_image_alt":"","footnotes":""},"categories":[50],"tags":[],"class_list":["post-50985","post","type-post","status-publish","format-standard","has-post-thumbnail","hentry","category-politica"],"distributor_meta":false,"distributor_terms":false,"distributor_media":false,"distributor_original_site_name":"Noticias em Destaque","distributor_original_site_url":"https:\/\/noticiasdestaque.com.br","push-errors":false,"_links":{"self":[{"href":"https:\/\/noticiasdestaque.com.br\/index.php\/wp-json\/wp\/v2\/posts\/50985","targetHints":{"allow":["GET"]}}],"collection":[{"href":"https:\/\/noticiasdestaque.com.br\/index.php\/wp-json\/wp\/v2\/posts"}],"about":[{"href":"https:\/\/noticiasdestaque.com.br\/index.php\/wp-json\/wp\/v2\/types\/post"}],"author":[{"embeddable":true,"href":"https:\/\/noticiasdestaque.com.br\/index.php\/wp-json\/wp\/v2\/users\/1"}],"replies":[{"embeddable":true,"href":"https:\/\/noticiasdestaque.com.br\/index.php\/wp-json\/wp\/v2\/comments?post=50985"}],"version-history":[{"count":0,"href":"https:\/\/noticiasdestaque.com.br\/index.php\/wp-json\/wp\/v2\/posts\/50985\/revisions"}],"wp:featuredmedia":[{"embeddable":true,"href":"https:\/\/noticiasdestaque.com.br\/index.php\/wp-json\/wp\/v2\/media\/50986"}],"wp:attachment":[{"href":"https:\/\/noticiasdestaque.com.br\/index.php\/wp-json\/wp\/v2\/media?parent=50985"}],"wp:term":[{"taxonomy":"category","embeddable":true,"href":"https:\/\/noticiasdestaque.com.br\/index.php\/wp-json\/wp\/v2\/categories?post=50985"},{"taxonomy":"post_tag","embeddable":true,"href":"https:\/\/noticiasdestaque.com.br\/index.php\/wp-json\/wp\/v2\/tags?post=50985"}],"curies":[{"name":"wp","href":"https:\/\/api.w.org\/{rel}","templated":true}]}}