{"id":50969,"date":"2026-03-23T04:40:00","date_gmt":"2026-03-23T07:40:00","guid":{"rendered":"https:\/\/noticiasdestaque.com.br\/index.php\/2026\/03\/23\/semana-comeca-esvaziada-no-senado-e-sem-definicoes-na-camara\/"},"modified":"2026-03-23T04:40:00","modified_gmt":"2026-03-23T07:40:00","slug":"semana-comeca-esvaziada-no-senado-e-sem-definicoes-na-camara","status":"publish","type":"post","link":"https:\/\/noticiasdestaque.com.br\/index.php\/2026\/03\/23\/semana-comeca-esvaziada-no-senado-e-sem-definicoes-na-camara\/","title":{"rendered":"Semana come\u00e7a esvaziada no Senado e sem defini\u00e7\u00f5es na C\u00e2mara"},"content":{"rendered":"<p>\t\t\t\t\t\t\t\t\t\t\t<audio controls class=\"b61_audio_player\" data-noticia=\"88475\" src=\"https:\/\/brasil61.com\/rails\/active_storage\/blobs\/eyJfcmFpbHMiOnsibWVzc2FnZSI6IkJBaHBBMjhIQkE9PSIsImV4cCI6bnVsbCwicHVyIjoiYmxvYl9pZCJ9fQ==--6759c4f2d78a796f245b0bdcf8007bcca79094b8\/BRAS2616100A\"><\/audio><\/p>\n<p>As casas do Legislativo conclu\u00edram na semana passada as vota\u00e7\u00f5es do remanescente de pautas voltadas para direitos das mulheres e combate \u00e0 viol\u00eancia de g\u00eanero. Para esta semana, h\u00e1 incertezas quanto \u00e0s prioridades.<\/p>\n<h2>Plen\u00e1rio<\/h2>\n<p>No <a href=\"https:\/\/brasil61.com\/noticias\/tag\/senado\">Senado Federal<\/a>, voltaram \u00e0 agenda mat\u00e9rias que j\u00e1 estavam pendentes de aprecia\u00e7\u00e3o. Um deles \u00e9 o <a href=\"https:\/\/www25.senado.leg.br\/web\/atividade\/materias\/-\/materia\/156025\">PL 896\/2023<\/a>, que caracteriza a misoginia \u2013 inj\u00farias e incita\u00e7\u00e3o ao \u00f3dio contra o p\u00fablico feminino \u2013,\u00a0 como discrimina\u00e7\u00e3o ou preconceito. Os senadores tamb\u00e9m devem votar o <a href=\"https:\/\/www25.senado.leg.br\/web\/atividade\/materias\/-\/materia\/164512\">PL 3.777\/2023<\/a>, que estabelece regras de fixa\u00e7\u00e3o de valor m\u00ednimo para indenizar v\u00edtimas por condenados criminalmente.<\/p>\n<p>Na <a href=\"https:\/\/brasil61.com\/noticias\/tag\/camara-dos-deputados\">C\u00e2mara dos Deputados<\/a>, n\u00e3o houve a tradicional reuni\u00e3o de l\u00edderes de quinta-feira para definir os projetos a serem pautados. Na ter\u00e7a-feira (24), o plen\u00e1rio da casa baixa recebe sess\u00e3o conjunta do Congresso Nacional para o lan\u00e7amento da Agenda Legislativa da Ind\u00fastria 2026, elaborada pela <a href=\"https:\/\/cni.portaldaindustria.com.br\/pt\/\">Confedera\u00e7\u00e3o Nacional da Ind\u00fastria (CNI)<\/a> em parceria com as federa\u00e7\u00f5es de ind\u00fastrias estaduais, associa\u00e7\u00f5es setoriais e sindicatos nacionais.\u00a0<\/p>\n<h2>Comiss\u00f5es<\/h2>\n<p>Esta segunda-feira (23) deve marcar a \u00faltima data de depoimentos da <a href=\"https:\/\/legis.senado.leg.br\/atividade\/comissoes\/comissao\/2794\/\">CPMI do INSS<\/a>. Deve depor, na condi\u00e7\u00e3o de testemunha, Martha Graeff, ex-noiva de Daniel Vorcaro, propriet\u00e1rio do <a href=\"https:\/\/www.bancomaster.com.br\/\">Banco Master<\/a>, para explicar as rela\u00e7\u00f5es e atividades do banqueiro. Se a presid\u00eancia do grupo n\u00e3o conseguir a prorroga\u00e7\u00e3o dos trabalhos, cujo prazo final \u00e9 no pr\u00f3ximo s\u00e1bado (28), o relat\u00f3rio deve ser lido na quarta-feira (25).<\/p>\n<p>Graeff tamb\u00e9m \u00e9 esperada no Congresso na ter\u00e7a-feira. Dessa vez, a influenciadora deve ser ouvida na <a href=\"https:\/\/legis.senado.leg.br\/atividade\/comissoes\/comissao\/2793\/\">Comiss\u00e3o Parlamentar de Inqu\u00e9rito (CPI) do Crime Organizado<\/a>, junto com Pedro Taques, ex-governador de <a href=\"https:\/\/brasil61.com\/noticias\/tag\/mato-grosso\">Mato Grosso<\/a>, que alega haver fortes ind\u00edcios de fraudes em contratos firmados no sistema de cr\u00e9dito consignado no estado. No mesmo dia, a <a href=\"https:\/\/legis.senado.leg.br\/atividade\/comissoes\/comissao\/47\">Comiss\u00e3o de Educa\u00e7\u00e3o do Senado<\/a> deve votar o novo <a href=\"https:\/\/www.gov.br\/mec\/pt-br\/pne\">Plano Nacional de Educa\u00e7\u00e3o (PNE)<\/a>, enquanto deputados analisam o relat\u00f3rio do grupo de trabalho que cria regras e crit\u00e9rios para a comercializa\u00e7\u00e3o de suplementos alimentares.<\/p>\n<p>Na quarta, a <a href=\"https:\/\/legis.senado.leg.br\/atividade\/comissoes\/comissao\/1307\">Comiss\u00e3o de Agricultura e Reforma Agr\u00e1ria (CRA)<\/a> discute o projeto que institui a Pol\u00edtica Nacional de Combate \u00e0 Perda e ao Desperd\u00edcio de Alimentos (<a href=\"https:\/\/www.gov.br\/agricultura\/pt-br\/assuntos\/noticias\/governo-federal-institui-politica-nacional-de-combate-a-perda-e-ao-desperdicio-de-alimentos\">PNCPDA<\/a>) a partir da regulamenta\u00e7\u00e3o da doa\u00e7\u00e3o de alimentos, cadastro de entidades receptoras, transporte dos produtos e a formaliza\u00e7\u00e3o contratual com benefici\u00e1rios. Ainda no Senado, a <a href=\"https:\/\/legis.senado.leg.br\/comissoes\/comissao?codcol=40\">Comiss\u00e3o de Assuntos Sociais (CAS)<\/a> pode votar a redu\u00e7\u00e3o dos valores das contas de luz, \u00e1gua e esgoto em cidades atingidas por calamidade p\u00fablica.\u00a0<\/p>\n<p>N\u00e3o h\u00e1 atividades previstas para quinta (26) e sexta-feira (27).<\/p>\n<p>\t\t\t\t\t\t\t\t\t\t<img loading=\"lazy\" decoding=\"async\" src=\"https:\/\/brasil61.com\/api\/v1\/serve_pixel\/17677\/88475\" alt=\"Pixel Brasil 61\" class=\"b61_pixel\" width=\"0\" height=\"0\"><\/p>\n<input type=\"hidden\" id=\"baseurl\" value=\"https:\/\/noticiasdestaque.com.br\"><input type=\"hidden\" id=\"audio_nonce\" value=\"581f3017e1\">","protected":false},"excerpt":{"rendered":"<p>Legislativo deve votar projetos pendentes de aprecia\u00e7\u00e3o enquanto n\u00e3o h\u00e1 acordo sobre temas priorit\u00e1rios<\/p>\n","protected":false},"author":1,"featured_media":50970,"comment_status":"open","ping_status":"open","sticky":false,"template":"","format":"standard","meta":{"fifu_image_url":"","fifu_image_alt":"","footnotes":""},"categories":[50],"tags":[],"class_list":["post-50969","post","type-post","status-publish","format-standard","has-post-thumbnail","hentry","category-politica"],"distributor_meta":false,"distributor_terms":false,"distributor_media":false,"distributor_original_site_name":"Noticias em Destaque","distributor_original_site_url":"https:\/\/noticiasdestaque.com.br","push-errors":false,"_links":{"self":[{"href":"https:\/\/noticiasdestaque.com.br\/index.php\/wp-json\/wp\/v2\/posts\/50969","targetHints":{"allow":["GET"]}}],"collection":[{"href":"https:\/\/noticiasdestaque.com.br\/index.php\/wp-json\/wp\/v2\/posts"}],"about":[{"href":"https:\/\/noticiasdestaque.com.br\/index.php\/wp-json\/wp\/v2\/types\/post"}],"author":[{"embeddable":true,"href":"https:\/\/noticiasdestaque.com.br\/index.php\/wp-json\/wp\/v2\/users\/1"}],"replies":[{"embeddable":true,"href":"https:\/\/noticiasdestaque.com.br\/index.php\/wp-json\/wp\/v2\/comments?post=50969"}],"version-history":[{"count":0,"href":"https:\/\/noticiasdestaque.com.br\/index.php\/wp-json\/wp\/v2\/posts\/50969\/revisions"}],"wp:featuredmedia":[{"embeddable":true,"href":"https:\/\/noticiasdestaque.com.br\/index.php\/wp-json\/wp\/v2\/media\/50970"}],"wp:attachment":[{"href":"https:\/\/noticiasdestaque.com.br\/index.php\/wp-json\/wp\/v2\/media?parent=50969"}],"wp:term":[{"taxonomy":"category","embeddable":true,"href":"https:\/\/noticiasdestaque.com.br\/index.php\/wp-json\/wp\/v2\/categories?post=50969"},{"taxonomy":"post_tag","embeddable":true,"href":"https:\/\/noticiasdestaque.com.br\/index.php\/wp-json\/wp\/v2\/tags?post=50969"}],"curies":[{"name":"wp","href":"https:\/\/api.w.org\/{rel}","templated":true}]}}