{"id":50957,"date":"2026-03-22T04:05:00","date_gmt":"2026-03-22T07:05:00","guid":{"rendered":"https:\/\/noticiasdestaque.com.br\/index.php\/2026\/03\/22\/disputa-na-justica-deve-fazer-com-que-30-mil-pessoas-mudem-de-cidade-no-nordeste\/"},"modified":"2026-03-23T23:08:32","modified_gmt":"2026-03-24T02:08:32","slug":"disputa-na-justica-deve-fazer-com-que-30-mil-pessoas-mudem-de-cidade-no-nordeste","status":"publish","type":"post","link":"https:\/\/noticiasdestaque.com.br\/index.php\/2026\/03\/22\/disputa-na-justica-deve-fazer-com-que-30-mil-pessoas-mudem-de-cidade-no-nordeste\/","title":{"rendered":"Disputa na Justi\u00e7a deve fazer com que 30 mil pessoas mudem de cidade no Nordeste"},"content":{"rendered":"<p>\t\t\t\t\t\t\t\t\t\t<audio controls class=\"b61_audio_player\" data-noticia=\"88467\" src=\"https:\/\/brasil61.com\/rails\/active_storage\/blobs\/eyJfcmFpbHMiOnsibWVzc2FnZSI6IkJBaHBBMDhIQkE9PSIsImV4cCI6bnVsbCwicHVyIjoiYmxvYl9pZCJ9fQ==--53badff2df606e006930691c09fea2c678b906f4\/BRAS2616095A\"><\/audio><\/p>\n<p><strong>O Tribunal Regional Federal da 5\u00aa Regi\u00e3o <a href=\"https:\/\/www.trf5.jus.br\/\" target=\"_blank\">(TRF-5)<\/a> confirmou a decis\u00e3o judicial que determina que Aracaju devolva 11,4% de seu territ\u00f3rio \u00e0 cidade vizinha de S\u00e3o Crist\u00f3v\u00e3o, em Sergipe. A medida envolve uma \u00e1rea de aproximadamente 20,7 km\u00b2 e deve impactar cerca de 30 mil moradores, que passar\u00e3o a integrar o munic\u00edpio vizinho. O julgamento ocorreu no \u00faltimo dia 11.<\/strong><\/p>\n<p>A a\u00e7\u00e3o principal foi movida pela Prefeitura de S\u00e3o Crist\u00f3v\u00e3o e j\u00e1 teve decis\u00e3o desfavor\u00e1vel a Aracaju em todas as inst\u00e2ncias. Na tentativa mais recente, a capital buscava anular o resultado por meio de uma a\u00e7\u00e3o rescis\u00f3ria, mas o TRF-5 entendeu que n\u00e3o h\u00e1 elementos novos que justifiquem a revis\u00e3o. Ainda cabe recurso ao Superior Tribunal de Justi\u00e7a (STJ).<\/p>\n<h2>Zona de Expans\u00e3o e import\u00e2ncia estrat\u00e9gica<\/h2>\n<p><strong><a href=\"https:\/\/www.aracaju.se.gov.br\/noticias\/116010\/prefeitura_acompanha_decisao_judicial_sobre_a_zona_de_expansao_e_avalia_medidas_juridicas.html?utm_source=chatgpt.com\" target=\"_blank\">Segundo o procurador-geral de Aracaju, Hunaldo Mota<\/a>, a \u00e1rea em disputa \u2014 conhecida como Zona de Expans\u00e3o \u2014 representa a principal frente de crescimento urbano da capital, concentrando investimentos cont\u00ednuos em sa\u00fade, educa\u00e7\u00e3o, mobilidade e infraestrutura.<\/strong><\/p>\n<p>Ele ressalta que a discuss\u00e3o vai al\u00e9m do aspecto jur\u00eddico. \u201cN\u00e3o se trata apenas de uma quest\u00e3o constitucional, mas tamb\u00e9m de avaliar os impactos sociais, econ\u00f4micos e estruturais que uma eventual mudan\u00e7a administrativa poderia provocar\u201d, afirmou.<\/p>\n<h2>Argumentos de Aracaju<\/h2>\n<p><strong>A Prefeitura de Aracaju argumenta que administra a regi\u00e3o h\u00e1 mais de 70 anos, incluindo localidades como Mosqueiro, Areia Branca, S\u00e3o Jos\u00e9, Robalo e Terra Dura. De acordo com o munic\u00edpio, servi\u00e7os p\u00fablicos s\u00e3o prestados na \u00e1rea desde a d\u00e9cada de 1950, e a popula\u00e7\u00e3o local possui forte v\u00ednculo com a capital.<\/strong><\/p>\n<p>Atualmente, Aracaju mant\u00e9m na regi\u00e3o escolas municipais, unidades de sa\u00fade, servi\u00e7os de limpeza urbana, fiscaliza\u00e7\u00e3o ambiental e projetos de infraestrutura. Entre eles, est\u00e1 o programa \u201cAracaju Cidade do Futuro\u201d, que prev\u00ea investimentos de R$ 165 milh\u00f5es em obras de macrodrenagem e urbaniza\u00e7\u00e3o, com financiamento parcial de US$ 84 milh\u00f5es junto ao Novo Banco de Desenvolvimento (NDB).<\/p>\n<p>A gest\u00e3o municipal afirma que continuar\u00e1 adotando medidas legais para garantir a continuidade dos servi\u00e7os e defender os interesses da popula\u00e7\u00e3o.<\/p>\n<h2>Posi\u00e7\u00e3o de S\u00e3o Crist\u00f3v\u00e3o<\/h2>\n<p><strong>A Prefeitura de S\u00e3o Crist\u00f3v\u00e3o sustenta que as \u00e1reas em disputa possuem v\u00ednculos hist\u00f3ricos com o munic\u00edpio e apenas passaram a ser administradas por Aracaju nas \u00faltimas d\u00e9cadas.<\/strong><\/p>\n<p><a href=\"https:\/\/www.saocristovao.se.gov.br\/noticia\/procuradoria-de-sao-cristovao-garante-vitoria-no-trf-5-em-acao-sobre-limites-territoriais\" target=\"_blank\">Para o subprocurador Diego Ara\u00fajo<\/a>, a decis\u00e3o refor\u00e7a a seguran\u00e7a jur\u00eddica do processo. \u201cEssa decis\u00e3o confirma a solidez dos argumentos apresentados pelo munic\u00edpio e preserva uma situa\u00e7\u00e3o jur\u00eddica j\u00e1 consolidada no processo principal\u201d, destacou.<\/p>\n<h2>Entendimento do TRF-5<\/h2>\n<p>Na decis\u00e3o, o TRF-5 julgou improcedente a a\u00e7\u00e3o rescis\u00f3ria apresentada por Aracaju. O colegiado acompanhou o voto do relator, desembargador Paulo Cordeiro, que destacou que \u201ca presta\u00e7\u00e3o de servi\u00e7os p\u00fablicos ou a administra\u00e7\u00e3o de determinada \u00e1rea por longo per\u00edodo n\u00e3o tem o cond\u00e3o de legitimar situa\u00e7\u00e3o territorial fundada em norma inconstitucional.\u201d<\/p>\n<p><strong>VEJA MAIS:<\/strong><\/p>\n<ul>\n<li><a href=\"https:\/\/brasil61.com\/n\/frente-parlamentar-da-agropecuaria-defende-revisao-do-tabelamento-do-frete-apos-novo-aumento-bras2616087\" target=\"_blank\">Frente Parlamentar da Agropecu\u00e1ria defende revis\u00e3o do tabelamento do frete ap\u00f3s novo aumento<\/a><\/li>\n<li><a href=\"https:\/\/brasil61.com\/n\/corte-da-selic-nao-basta-para-reverter-desaceleracao-da-economia-diz-industria-pind264722\" target=\"_blank\">Corte da Selic n\u00e3o basta para reverter desacelera\u00e7\u00e3o da economia, diz ind\u00fastria<\/a><\/li>\n<\/ul>\n<p>O magistrado tamb\u00e9m ressaltou que a Constitui\u00e7\u00e3o exige a realiza\u00e7\u00e3o de plebiscito para altera\u00e7\u00f5es nos limites municipais \u2014 condi\u00e7\u00e3o que n\u00e3o foi atendida no caso.<\/p>\n<h2>Impactos da mudan\u00e7a<\/h2>\n<p><strong>A \u00e1rea em disputa integra a Zona de Expans\u00e3o de Aracaju, incluindo bairros como Santa Maria, Mosqueiro, Robalo, Areia Branca e Matapu\u00e3. Inicialmente, a discuss\u00e3o envolvia tamb\u00e9m parte da Praia do Mosqueiro, mas a \u00e1rea foi retirada do lit\u00edgio ap\u00f3s revis\u00e3o cartogr\u00e1fica.<\/strong><\/p>\n<p>Com a mudan\u00e7a, S\u00e3o Crist\u00f3v\u00e3o ter\u00e1 sua popula\u00e7\u00e3o ampliada de cerca de 95 mil para 125 mil habitantes. J\u00e1 Aracaju passar\u00e1 de aproximadamente 603 mil para 573 mil moradores.\u00a0<\/p>\n<p><a href=\"https:\/\/www.aracaju.se.gov.br\/noticias\/112961\/prefeitura_de_aracaju_divulga_dados_da_zona_de_expansao_e_destaca_impactos_dos_investimentos_na_regiao.html?utm_source=chatgpt.com\" target=\"_blank\">A Zona de Expans\u00e3o abriga cerca de 30 mil moradores<\/a> e disp\u00f5e de 17 escolas da rede municipal e quatro unidades b\u00e1sicas de sa\u00fade, al\u00e9m de infraestrutura de drenagem, pavimenta\u00e7\u00e3o e ilumina\u00e7\u00e3o p\u00fablica. A \u00e1rea re\u00fane 4.770 unidades imobili\u00e1rias, das quais 1.846 s\u00e3o residenciais.<\/p>\n<p>No \u00e2mbito financeiro, a arrecada\u00e7\u00e3o mensal gira em torno de R$ 3,5 milh\u00f5es, enquanto a despesa necess\u00e1ria para a manuten\u00e7\u00e3o dos servi\u00e7os essenciais \u00e9 estimada em aproximadamente R$ 124 milh\u00f5es por ano. J\u00e1 os investimentos realizados ou em andamento na regi\u00e3o ultrapassam R$ 268,7 milh\u00f5es em obras.<\/p>\n<h2>Pr\u00f3ximos passos<\/h2>\n<p><strong>O processo principal segue em tramita\u00e7\u00e3o na Justi\u00e7a Federal e aguarda a conclus\u00e3o de um estudo t\u00e9cnico conduzido pelo Governo de Sergipe.<\/strong> O levantamento, que envolve an\u00e1lise de documentos hist\u00f3ricos, mapas e aspectos administrativos, servir\u00e1 de base para a redefini\u00e7\u00e3o oficial dos limites territoriais. A previs\u00e3o \u00e9 que o estudo seja conclu\u00eddo at\u00e9 abril de 2026.<br \/>\n\u00a0<\/p>\n<p>\t\t\t\t\t\t\t\t\t<img loading=\"lazy\" decoding=\"async\" src=\"https:\/\/brasil61.com\/api\/v1\/serve_pixel\/17677\/88467\" alt=\"Pixel Brasil 61\" class=\"b61_pixel\" width=\"0\" height=\"0\"><\/p>\n<input type=\"hidden\" id=\"baseurl\" value=\"https:\/\/noticiasdestaque.com.br\"><input type=\"hidden\" id=\"audio_nonce\" value=\"6a24ca502e\">","protected":false},"excerpt":{"rendered":"<p>Aracaju e S\u00e3o Crist\u00f3v\u00e3o, em Sergipe, divergem sobre \u00e1rea administrada h\u00e1 d\u00e9cadas e aguardam novos desdobramentos<\/p>\n","protected":false},"author":1,"featured_media":50984,"comment_status":"open","ping_status":"open","sticky":false,"template":"","format":"standard","meta":{"fifu_image_url":"","fifu_image_alt":"","footnotes":""},"categories":[48],"tags":[],"class_list":["post-50957","post","type-post","status-publish","format-standard","has-post-thumbnail","hentry","category-mundo"],"distributor_meta":false,"distributor_terms":false,"distributor_media":false,"distributor_original_site_name":"Noticias em Destaque","distributor_original_site_url":"https:\/\/noticiasdestaque.com.br","push-errors":false,"_links":{"self":[{"href":"https:\/\/noticiasdestaque.com.br\/index.php\/wp-json\/wp\/v2\/posts\/50957","targetHints":{"allow":["GET"]}}],"collection":[{"href":"https:\/\/noticiasdestaque.com.br\/index.php\/wp-json\/wp\/v2\/posts"}],"about":[{"href":"https:\/\/noticiasdestaque.com.br\/index.php\/wp-json\/wp\/v2\/types\/post"}],"author":[{"embeddable":true,"href":"https:\/\/noticiasdestaque.com.br\/index.php\/wp-json\/wp\/v2\/users\/1"}],"replies":[{"embeddable":true,"href":"https:\/\/noticiasdestaque.com.br\/index.php\/wp-json\/wp\/v2\/comments?post=50957"}],"version-history":[{"count":1,"href":"https:\/\/noticiasdestaque.com.br\/index.php\/wp-json\/wp\/v2\/posts\/50957\/revisions"}],"predecessor-version":[{"id":50983,"href":"https:\/\/noticiasdestaque.com.br\/index.php\/wp-json\/wp\/v2\/posts\/50957\/revisions\/50983"}],"wp:featuredmedia":[{"embeddable":true,"href":"https:\/\/noticiasdestaque.com.br\/index.php\/wp-json\/wp\/v2\/media\/50984"}],"wp:attachment":[{"href":"https:\/\/noticiasdestaque.com.br\/index.php\/wp-json\/wp\/v2\/media?parent=50957"}],"wp:term":[{"taxonomy":"category","embeddable":true,"href":"https:\/\/noticiasdestaque.com.br\/index.php\/wp-json\/wp\/v2\/categories?post=50957"},{"taxonomy":"post_tag","embeddable":true,"href":"https:\/\/noticiasdestaque.com.br\/index.php\/wp-json\/wp\/v2\/tags?post=50957"}],"curies":[{"name":"wp","href":"https:\/\/api.w.org\/{rel}","templated":true}]}}