{"id":50945,"date":"2026-03-21T04:00:00","date_gmt":"2026-03-21T07:00:00","guid":{"rendered":"https:\/\/noticiasdestaque.com.br\/index.php\/2026\/03\/21\/infogripe-fiocruz-alerta-para-crescimento-atipico-da-influenza-a-no-brasil\/"},"modified":"2026-03-21T04:00:00","modified_gmt":"2026-03-21T07:00:00","slug":"infogripe-fiocruz-alerta-para-crescimento-atipico-da-influenza-a-no-brasil","status":"publish","type":"post","link":"https:\/\/noticiasdestaque.com.br\/index.php\/2026\/03\/21\/infogripe-fiocruz-alerta-para-crescimento-atipico-da-influenza-a-no-brasil\/","title":{"rendered":"InfoGripe: Fiocruz alerta para crescimento at\u00edpico da influenza A no Brasil"},"content":{"rendered":"<p>\t\t\t\t\t\t\t\t\t\t\t<audio controls class=\"b61_audio_player\" data-noticia=\"88472\" src=\"https:\/\/brasil61.com\/rails\/active_storage\/blobs\/eyJfcmFpbHMiOnsibWVzc2FnZSI6IkJBaHBBMWtIQkE9PSIsImV4cCI6bnVsbCwicHVyIjoiYmxvYl9pZCJ9fQ==--cb73c9b16c3eb3a63d8f6f43664cd8e1dce3d692\/BRAS2616099A\"><\/audio><\/p>\n<p>O mais recente Boletim InfoGripe, divulgado pela Funda\u00e7\u00e3o Oswaldo Cruz (Fiocruz) na sexta-feira (20), alerta para o <strong>aumento da circula\u00e7\u00e3o da influenza A<\/strong>. Segundo o levantamento, o pa\u00eds registra um <strong>volume at\u00edpico de notifica\u00e7\u00f5es<\/strong> de S\u00edndrome Respirat\u00f3ria Aguda Grave (SRAG) ocasionadas\u00a0pelo v\u00edrus para esta \u00e9poca do ano.\u00a0<\/p>\n<p>Especialistas demonstram<strong> preocupa\u00e7\u00e3o com a antecipa\u00e7\u00e3o da curva de casos <\/strong>da\u00a0influenza A. O v\u00edrus costuma apresentar maior atividade durante o outono e o inverno, mas os registros apontam crescimento fora do per\u00edodo esperado. O outono teve in\u00edcio em 20 de mar\u00e7o, enquanto os dados analisados correspondem \u00e0 Semana Epidemiol\u00f3gica 10, entre 8 e 14 de mar\u00e7o, anterior ao come\u00e7o da esta\u00e7\u00e3o.<\/p>\n<p>A an\u00e1lise destaca que a <strong>principal forma de prote\u00e7\u00e3o <\/strong>contra casos graves e \u00f3bitos \u00e9 a <strong>vacina\u00e7\u00e3o<\/strong>. A pesquisadora do Programa de Computa\u00e7\u00e3o Cient\u00edfica da Fiocruz e do Boletim InfoGripe, Tatiana Portella, ressalta que \u201cj\u00e1 temos a vacina contra o VSR para as gestantes e no dia 28 come\u00e7a a vacina\u00e7\u00e3o contra a influenza A para os grupos priorit\u00e1rios\u201d.<\/p>\n<p>O Minist\u00e9rio da Sa\u00fade anunciou tr\u00eas <strong>estrat\u00e9gias nacionais de vacina\u00e7\u00e3o para 2026<\/strong>, com foco na amplia\u00e7\u00e3o da cobertura e na redu\u00e7\u00e3o das doen\u00e7as imunopreven\u00edveis. A <strong>campanha contra a influenza<\/strong> ser\u00e1 realizada nas regi\u00f5es Nordeste, Centro-Oeste, Sul e Sudeste entre <strong>28 de mar\u00e7o e 30 de maio<\/strong>. O <strong>Dia D de mobiliza\u00e7\u00e3o<\/strong> est\u00e1 marcado para o <strong>dia 28<\/strong>, data de abertura da a\u00e7\u00e3o.<\/p>\n<h2>Regi\u00f5es em alerta<\/h2>\n<p><strong>UFs<\/strong><\/p>\n<p>Vinte unidades da Federa\u00e7\u00e3o (UFs) apresentam n\u00edvel de atividade de SRAG em alerta, risco ou alto risco:\u00a0<\/p>\n<ul>\n<li>Alagoas;<\/li>\n<li>Amap\u00e1;<\/li>\n<li>Amazonas;<\/li>\n<li>Acre;<\/li>\n<li>Bahia;<\/li>\n<li>Cear\u00e1;<\/li>\n<li>Distrito Federal;<\/li>\n<li>Esp\u00edrito Santo;<\/li>\n<li>Goi\u00e1s;<\/li>\n<li>Maranh\u00e3o;<\/li>\n<li>Mato Grosso;<\/li>\n<li>Mato Grosso do Sul;<\/li>\n<li>Minas Gerais;<\/li>\n<li>Par\u00e1;<\/li>\n<li>Para\u00edba;<\/li>\n<li>Rio de Janeiro;<\/li>\n<li>Rio Grande do Norte;<\/li>\n<li>Rond\u00f4nia;<\/li>\n<li>Roraima; e<\/li>\n<li>Sergipe.<\/li>\n<\/ul>\n<p><strong>Capitais<\/strong><\/p>\n<p>Entre as capitais, <strong>18 <\/strong>das 27 registram n\u00edvel de atividade de SRAG em alerta, risco ou alto risco, com tend\u00eancia de crescimento no longo prazo.<\/p>\n<ul>\n<li>Aracaju (SE);<\/li>\n<li>Belo Horizonte (MG);<\/li>\n<li>Bras\u00edlia (DF);<\/li>\n<li>Boa Vista (RR);<\/li>\n<li>Campo Grande (MS);<\/li>\n<li>Cuiab\u00e1 (MT);<\/li>\n<li>Fortaleza (CE);<\/li>\n<li>Goi\u00e2nia (GO);<\/li>\n<li>Jo\u00e3o Pessoa (PB);<\/li>\n<li>Macap\u00e1 (AP);<\/li>\n<li>Macei\u00f3 (AL);<\/li>\n<li>Manaus (AM);<\/li>\n<li>Natal (RN);<\/li>\n<li>Porto Velho (RO);<\/li>\n<li>Recife (PE);<\/li>\n<li>Rio de Janeiro (RJ);<\/li>\n<li>Salvador (BA); e<\/li>\n<li>S\u00e3o Lu\u00eds (MA).<\/li>\n<\/ul>\n<h2>Preval\u00eancia dos v\u00edrus<\/h2>\n<p>Ao longo do ano epidemiol\u00f3gico de 2026, foram notificados mais de <strong>20,3 mil casos de SRAG<\/strong>, sendo <strong>37%<\/strong> com resultado laboratorial positivo para algum v\u00edrus respirat\u00f3rio. Dentre os casos positivos, o rinov\u00edrus \u00e9 o agente mais detectado, seguido pela influenza A e covid-19.<\/p>\n<table>\n<tbody>\n<tr>\n<th>V\u00edrus<\/th>\n<th>Preval\u00eancia (%)<\/th>\n<\/tr>\n<tr>\n<td>V\u00edrus Sincicial Respirat\u00f3rio (VSR)<\/td>\n<td style=\"text-align: center\">13,4%<\/td>\n<\/tr>\n<tr>\n<td>Influenza A<\/td>\n<td style=\"text-align: center\">21,8%<\/td>\n<\/tr>\n<tr>\n<td>Rinov\u00edrus<\/td>\n<td style=\"text-align: center\">41,9%<\/td>\n<\/tr>\n<tr>\n<td>Sars-CoV-2 (Covid-19)<\/td>\n<td style=\"text-align: center\">14,7%<\/td>\n<\/tr>\n<tr>\n<td>Influenza B<\/td>\n<td style=\"text-align: center\">1,5%<\/td>\n<\/tr>\n<\/tbody>\n<\/table>\n<h2>Incid\u00eancia e mortalidade<\/h2>\n<p>Em rela\u00e7\u00e3o aos \u00f3bitos, a covid-19 responde pela maior parte das mortes registradas, seguida pela influenza A e pelo rinov\u00edrus.<\/p>\n<table>\n<tbody>\n<tr>\n<th>V\u00edrus<\/th>\n<th>Preval\u00eancia (%)<\/th>\n<\/tr>\n<tr>\n<td>V\u00edrus Sincicial Respirat\u00f3rio (VSR)<\/td>\n<td style=\"text-align: center\">4,5%<\/td>\n<\/tr>\n<tr>\n<td>Influenza A<\/td>\n<td style=\"text-align: center\">28,6%<\/td>\n<\/tr>\n<tr>\n<td>Rinov\u00edrus<\/td>\n<td style=\"text-align: center\">21,8%<\/td>\n<\/tr>\n<tr>\n<td>Sars-CoV-2 (Covid-19)<\/td>\n<td style=\"text-align: center\">37,3%<\/td>\n<\/tr>\n<tr>\n<td>Influenza B<\/td>\n<td style=\"text-align: center\">2,5%<\/td>\n<\/tr>\n<\/tbody>\n<\/table>\n<p><strong>VEJA MAIS:<\/strong><\/p>\n<ul>\n<li><a href=\"https:\/\/brasil61.com\/n\/vacinacao-saiba-como-ter-acesso-pelo-sus-vaci250321\">Vacina\u00e7\u00e3o: saiba como ter acesso pelo SUS<\/a><\/li>\n<li><a href=\"https:\/\/brasil61.com\/n\/brasil-registra-primeiro-caso-de-sarampo-em-2026-bras2616052\">Brasil registra primeiro caso de sarampo em 2026<\/a><\/li>\n<\/ul>\n<p>\t\t\t\t\t\t\t\t\t\t<img loading=\"lazy\" decoding=\"async\" src=\"https:\/\/brasil61.com\/api\/v1\/serve_pixel\/17677\/88472\" alt=\"Pixel Brasil 61\" class=\"b61_pixel\" width=\"0\" height=\"0\"><\/p>\n<input type=\"hidden\" id=\"baseurl\" value=\"https:\/\/noticiasdestaque.com.br\"><input type=\"hidden\" id=\"audio_nonce\" value=\"581f3017e1\">","protected":false},"excerpt":{"rendered":"<p>Estudo mostra que o v\u00edrus costuma ter maior atividade no outono e inverno, mas dados da Semana Epidemiol\u00f3gica 10 indicam aumento fora do per\u00edodo esperado; vacina\u00e7\u00e3o \u00e9 a principal forma de prote\u00e7\u00e3o<\/p>\n","protected":false},"author":1,"featured_media":50946,"comment_status":"open","ping_status":"open","sticky":false,"template":"","format":"standard","meta":{"fifu_image_url":"","fifu_image_alt":"","footnotes":""},"categories":[51],"tags":[],"class_list":["post-50945","post","type-post","status-publish","format-standard","has-post-thumbnail","hentry","category-saude"],"distributor_meta":false,"distributor_terms":false,"distributor_media":false,"distributor_original_site_name":"Noticias em Destaque","distributor_original_site_url":"https:\/\/noticiasdestaque.com.br","push-errors":false,"_links":{"self":[{"href":"https:\/\/noticiasdestaque.com.br\/index.php\/wp-json\/wp\/v2\/posts\/50945","targetHints":{"allow":["GET"]}}],"collection":[{"href":"https:\/\/noticiasdestaque.com.br\/index.php\/wp-json\/wp\/v2\/posts"}],"about":[{"href":"https:\/\/noticiasdestaque.com.br\/index.php\/wp-json\/wp\/v2\/types\/post"}],"author":[{"embeddable":true,"href":"https:\/\/noticiasdestaque.com.br\/index.php\/wp-json\/wp\/v2\/users\/1"}],"replies":[{"embeddable":true,"href":"https:\/\/noticiasdestaque.com.br\/index.php\/wp-json\/wp\/v2\/comments?post=50945"}],"version-history":[{"count":0,"href":"https:\/\/noticiasdestaque.com.br\/index.php\/wp-json\/wp\/v2\/posts\/50945\/revisions"}],"wp:featuredmedia":[{"embeddable":true,"href":"https:\/\/noticiasdestaque.com.br\/index.php\/wp-json\/wp\/v2\/media\/50946"}],"wp:attachment":[{"href":"https:\/\/noticiasdestaque.com.br\/index.php\/wp-json\/wp\/v2\/media?parent=50945"}],"wp:term":[{"taxonomy":"category","embeddable":true,"href":"https:\/\/noticiasdestaque.com.br\/index.php\/wp-json\/wp\/v2\/categories?post=50945"},{"taxonomy":"post_tag","embeddable":true,"href":"https:\/\/noticiasdestaque.com.br\/index.php\/wp-json\/wp\/v2\/tags?post=50945"}],"curies":[{"name":"wp","href":"https:\/\/api.w.org\/{rel}","templated":true}]}}