{"id":50928,"date":"2026-03-20T09:00:00","date_gmt":"2026-03-20T12:00:00","guid":{"rendered":"https:\/\/noticiasdestaque.com.br\/index.php\/2026\/03\/20\/deputado-de-minas-gerais-defende-reajuste-do-simples-para-preservar-formalizacao\/"},"modified":"2026-03-21T00:08:59","modified_gmt":"2026-03-21T03:08:59","slug":"deputado-de-minas-gerais-defende-reajuste-do-simples-para-preservar-formalizacao","status":"publish","type":"post","link":"https:\/\/noticiasdestaque.com.br\/index.php\/2026\/03\/20\/deputado-de-minas-gerais-defende-reajuste-do-simples-para-preservar-formalizacao\/","title":{"rendered":"Deputado de Minas Gerais defende reajuste do Simples para preservar formaliza\u00e7\u00e3o"},"content":{"rendered":"<p>\t\t\t\t\t\t\t\t\t\t<audio controls class=\"b61_audio_player\" data-noticia=\"88443\" src=\"https:\/\/brasil61.com\/rails\/active_storage\/blobs\/eyJfcmFpbHMiOnsibWVzc2FnZSI6IkJBaHBBeFlIQkE9PSIsImV4cCI6bnVsbCwicHVyIjoiYmxvYl9pZCJ9fQ==--f9ab9977140277c2a46fc4790170fe0fa2fffd98\/CACB260144A\"><\/audio><\/p>\n<p>Parlamentares e representantes do setor produtivo seguem a pressionar o Congresso pela <strong>atualiza\u00e7\u00e3o da tabela do <a href=\"https:\/\/www8.receita.fazenda.gov.br\/simplesnacional\/\">Simples Nacional<\/a><\/strong>. A medida busca corrigir os <strong>limites de faturamento<\/strong> das micro e pequenas empresas, que permanecem <strong>congelados desde 2018<\/strong>.<\/p>\n<p>A mobiliza\u00e7\u00e3o empresarial pelo ajuste conta com o apoio da Confedera\u00e7\u00e3o das Associa\u00e7\u00f5es Comerciais e Empresariais do Brasil (<a href=\"https:\/\/cacb.org.br\/\">CACB<\/a>), que trata o tema como <strong>prioridade<\/strong>. Segundo o presidente da entidade, Alfredo Cotait Neto, a renova\u00e7\u00e3o \u00e9 necess\u00e1ria para evitar que empresas deixem o regime simplificado ou migrem para a informalidade.<\/p>\n<p>\u201cO que n\u00f3s precisamos \u00e9 conscientizar os nossos pol\u00edticos da import\u00e2ncia da aprova\u00e7\u00e3o do aumento do limite do Simples Nacional, pelo menos para o MEI, o microempreendedor individual, e para o micro e a microempresa. Sem isso, as empresas ou v\u00e3o mudar o seu regime ou v\u00e3o para informalidade\u201d, destacou.<\/p>\n<h2>Aprovado o regime de urg\u00eancia<\/h2>\n<p>Na \u00faltima ter\u00e7a-feira (17), a C\u00e2mara dos Deputados <strong>aprovou o requerimento de urg\u00eancia<\/strong> para o Projeto de Lei Complementar (PLP) <a href=\"https:\/\/www.camara.leg.br\/proposicoesWeb\/fichadetramitacao?idProposicao=2295251\">108\/2021<\/a>. A proposta eleva para <strong>R$ 130 mil<\/strong> o <strong>limite de receita bruta anual <\/strong>para enquadramento como Microempreendedor Individual (MEI) e autoriza a<strong> contrata\u00e7\u00e3o de at\u00e9<\/strong> <strong>dois empregados<\/strong>.<\/p>\n<p>Com a decis\u00e3o, o texto segue diretamente para an\u00e1lise do Plen\u00e1rio, sem a necessidade de tramitar previamente pelas comiss\u00f5es da Casa.<\/p>\n<h2>Atualiza\u00e7\u00e3o da tabela do Simples Nacional<\/h2>\n<p>De acordo com o deputado federal Domingos S\u00e1vio (PL-MG), a <strong>falta de atualiza\u00e7\u00e3o<\/strong> da tabela do Simples Nacional <strong>estimula a sonega\u00e7\u00e3o<\/strong>. \u201cQuando a tabela do Simples n\u00e3o \u00e9 atualizada, o microempreendedor acaba sendo estimulado a sonegar. Sem a corre\u00e7\u00e3o, muitos precisam vender sem nota para n\u00e3o fechar as portas, j\u00e1 que n\u00e3o est\u00e3o preparados para suportar o aumento da carga tribut\u00e1ria\u201d.<\/p>\n<p>S\u00e1vio argumenta que o reajuste da tabela permite que as empresas permane\u00e7am no regime simplificado mesmo ap\u00f3s o crescimento do faturamento.<\/p>\n<p>\u201cO advento do Simples trouxe muitos informais para a formalidade. Quando voc\u00ea tira da informalidade e traz para a formalidade, o que voc\u00ea gera? Uma cadeia de ganha-ganha. Se um produto entra com nota fiscal em uma empresa, ele precisa sair tamb\u00e9m com nota. Isso gera um ciclo virtuoso de riqueza\u201d, explicou o deputado.<\/p>\n<p>J\u00e1 o presidente da Federa\u00e7\u00e3o das Associa\u00e7\u00f5es Comerciais e Empresariais do Estado de Minas Gerais (<a href=\"https:\/\/www.federaminas.com.br\/\">Federaminas<\/a>), Valmir Rodrigues, destaca que a falta de corre\u00e7\u00e3o da tabela faz com que as empresas optantes pelo regime \u201cpaguem mais impostos do que deveriam\u201d.\u00a0<\/p>\n<p>\u201cPor isso, conseguir a urg\u00eancia na vota\u00e7\u00e3o se torna hist\u00f3rico. E vamos continuar a nossa luta para que possamos concretizar esse grande desejo, a necessidade de corrigir o limite do Simples Nacional\u201d, complementa o presidente da Federaminas.<\/p>\n<h2>Defasagem<\/h2>\n<p>Criado para <strong>simplificar o pagamento de tributos<\/strong> e estimular o empreendedorismo, o Simples Nacional integra diversos impostos em uma guia \u00fanica e se firmou como o <strong>principal modelo tribut\u00e1rio para pequenos neg\u00f3cios<\/strong> no pa\u00eds.<\/p>\n<p>Congelados h\u00e1 cerca de sete anos, representantes do setor produtivo evidenciam que os <strong>valores da tabela n\u00e3o refletem a infla\u00e7\u00e3o acumulada<\/strong>. Atualmente, os limites de faturamento permanecem em:<\/p>\n<ul>\n<li>R$ 81 mil por ano para o Microempreendedor Individual (MEI);<\/li>\n<li>R$ 360 mil para microempresas (ME); e<\/li>\n<li>R$ 4,8 milh\u00f5es para empresas de pequeno porte (EPP).<\/li>\n<\/ul>\n<p>Para a CACB, o ajuste deve contemplar n\u00e3o apenas o limite do MEI, mas tamb\u00e9m todas as faixas de enquadramento do Simples Nacional. O <strong>pleito empresarial defende a amplia\u00e7\u00e3o dos tetos<\/strong> de faturamento para:<\/p>\n<ul>\n<li>R$ 144,9 mil por ano para o MEI;<\/li>\n<li>R$ 869 mil para ME; e<\/li>\n<li>R$ 8,69 milh\u00f5es para EPP.<\/li>\n<\/ul>\n<p>A entidade afirma que continuar\u00e1 a articular apoio no Congresso para<strong> levar a proposta \u00e0 vota\u00e7\u00e3o<\/strong>.<\/p>\n<p><strong>VEJA MAIS:<\/strong><\/p>\n<ul>\n<li><a href=\"https:\/\/brasil61.com\/n\/pequenos-empresarios-pressionam-congresso-por-reajuste-do-simples-nacional-cacb260141\">Pequenos empres\u00e1rios pressionam Congresso por reajuste do Simples Nacional<\/a><\/li>\n<li><a href=\"https:\/\/brasil61.com\/n\/camara-aprova-urgencia-para-atualizacao-do-simples-nacional-cacb260142\">C\u00e2mara aprova urg\u00eancia para atualiza\u00e7\u00e3o do Simples Nacional<\/a><\/li>\n<\/ul>\n<p>\t\t\t\t\t\t\t\t\t<img loading=\"lazy\" decoding=\"async\" src=\"https:\/\/brasil61.com\/api\/v1\/serve_pixel\/17677\/88443\" alt=\"Pixel Brasil 61\" class=\"b61_pixel\" width=\"0\" height=\"0\"><\/p>\n<input type=\"hidden\" id=\"baseurl\" value=\"https:\/\/noticiasdestaque.com.br\"><input type=\"hidden\" id=\"audio_nonce\" value=\"581f3017e1\">","protected":false},"excerpt":{"rendered":"<p>Domingos S\u00e1vio (PL-MG) afirma que falta de corre\u00e7\u00e3o incentiva sonega\u00e7\u00e3o e dificulta crescimento dos pequenos neg\u00f3cios; j\u00e1 o presidente da Federaminas, Valmir Rodrigues, destaca que atual modelo faz empresas pagarem mais impostos e diz que urg\u00eancia do projeto \u00e9 \u2018hist\u00f3rica\u2019<\/p>\n","protected":false},"author":1,"featured_media":50942,"comment_status":"open","ping_status":"open","sticky":false,"template":"","format":"standard","meta":{"fifu_image_url":"","fifu_image_alt":"","footnotes":""},"categories":[50],"tags":[],"class_list":["post-50928","post","type-post","status-publish","format-standard","has-post-thumbnail","hentry","category-politica"],"distributor_meta":false,"distributor_terms":false,"distributor_media":false,"distributor_original_site_name":"Noticias em Destaque","distributor_original_site_url":"https:\/\/noticiasdestaque.com.br","push-errors":false,"_links":{"self":[{"href":"https:\/\/noticiasdestaque.com.br\/index.php\/wp-json\/wp\/v2\/posts\/50928","targetHints":{"allow":["GET"]}}],"collection":[{"href":"https:\/\/noticiasdestaque.com.br\/index.php\/wp-json\/wp\/v2\/posts"}],"about":[{"href":"https:\/\/noticiasdestaque.com.br\/index.php\/wp-json\/wp\/v2\/types\/post"}],"author":[{"embeddable":true,"href":"https:\/\/noticiasdestaque.com.br\/index.php\/wp-json\/wp\/v2\/users\/1"}],"replies":[{"embeddable":true,"href":"https:\/\/noticiasdestaque.com.br\/index.php\/wp-json\/wp\/v2\/comments?post=50928"}],"version-history":[{"count":1,"href":"https:\/\/noticiasdestaque.com.br\/index.php\/wp-json\/wp\/v2\/posts\/50928\/revisions"}],"predecessor-version":[{"id":50941,"href":"https:\/\/noticiasdestaque.com.br\/index.php\/wp-json\/wp\/v2\/posts\/50928\/revisions\/50941"}],"wp:featuredmedia":[{"embeddable":true,"href":"https:\/\/noticiasdestaque.com.br\/index.php\/wp-json\/wp\/v2\/media\/50942"}],"wp:attachment":[{"href":"https:\/\/noticiasdestaque.com.br\/index.php\/wp-json\/wp\/v2\/media?parent=50928"}],"wp:term":[{"taxonomy":"category","embeddable":true,"href":"https:\/\/noticiasdestaque.com.br\/index.php\/wp-json\/wp\/v2\/categories?post=50928"},{"taxonomy":"post_tag","embeddable":true,"href":"https:\/\/noticiasdestaque.com.br\/index.php\/wp-json\/wp\/v2\/tags?post=50928"}],"curies":[{"name":"wp","href":"https:\/\/api.w.org\/{rel}","templated":true}]}}