{"id":50926,"date":"2026-03-20T04:55:00","date_gmt":"2026-03-20T07:55:00","guid":{"rendered":"https:\/\/noticiasdestaque.com.br\/index.php\/2026\/03\/20\/simples-nacional-atualizacao-dos-limites-fortalece-formalizacao-diz-representante-empresarial-do-pr\/"},"modified":"2026-03-20T04:55:00","modified_gmt":"2026-03-20T07:55:00","slug":"simples-nacional-atualizacao-dos-limites-fortalece-formalizacao-diz-representante-empresarial-do-pr","status":"publish","type":"post","link":"https:\/\/noticiasdestaque.com.br\/index.php\/2026\/03\/20\/simples-nacional-atualizacao-dos-limites-fortalece-formalizacao-diz-representante-empresarial-do-pr\/","title":{"rendered":"Simples Nacional: atualiza\u00e7\u00e3o dos limites fortalece formaliza\u00e7\u00e3o, diz representante empresarial do PR"},"content":{"rendered":"<p>\t\t\t\t\t\t\t\t\t\t\t<audio controls class=\"b61_audio_player\" data-noticia=\"88439\" src=\"https:\/\/brasil61.com\/rails\/active_storage\/blobs\/eyJfcmFpbHMiOnsibWVzc2FnZSI6IkJBaHBBd01IQkE9PSIsImV4cCI6bnVsbCwicHVyIjoiYmxvYl9pZCJ9fQ==--3420e3c7128c354a64507fb3c04a48128dbae84e\/CACB260143A\"><\/audio><\/p>\n<p><strong>Representantes do setor produtivo voltaram a cobrar do Congresso Nacional a atualiza\u00e7\u00e3o da tabela do Simples Nacional<\/strong>. A pauta \u00e9 considerada priorit\u00e1ria por entidades empresariais, que defendem a <strong>corre\u00e7\u00e3o dos limites de faturamento para micro e pequenas empresas<\/strong>, congelados desde 2018.<\/p>\n<p>A <a href=\"https:\/\/cacb.org.br\/\" target=\"_blank\"><strong>Confedera\u00e7\u00e3o das Associa\u00e7\u00f5es Comerciais e Empresariais do Brasil (CACB)<\/strong><\/a> est\u00e1 entre as entidades que defendem a medida. Para o presidente da confedera\u00e7\u00e3o, <strong>Alfredo Cotait Neto<\/strong>, a atualiza\u00e7\u00e3o \u00e9 necess\u00e1ria para evitar que <strong>empresas deixem o regime simplificado ou migrem para a informalidade<\/strong>.<\/p>\n<p>\u201cO que n\u00f3s precisamos \u00e9 conscientizar os nossos pol\u00edticos da import\u00e2ncia da aprova\u00e7\u00e3o do aumento do limite do Simples Nacional, pelo menos para o MEI, o microempreendedor individual, e para o micro e a microempresa. Sem isso, as empresas ou v\u00e3o mudar o seu regime ou v\u00e3o para informalidade.\u201d<\/p>\n<p>Na \u00faltima quarta-feira (17),<strong> a C\u00e2mara dos Deputados aprovou o regime de urg\u00eancia para o Projeto de Lei Complementar <a href=\"https:\/\/www.camara.leg.br\/proposicoesWeb\/fichadetramitacao?idProposicao=2295251\" target=\"_blank\">(PLP) 108\/21<\/a><\/strong>. A proposta eleva para at\u00e9 <strong>R$ 130 mil o limite de receita bruta anual para enquadramento como Microempreendedor Individual (MEI) <\/strong>e autoriza esse perfil de empreendedor a <strong>contratar at\u00e9 dois empregados<\/strong>. Com a aprova\u00e7\u00e3o da urg\u00eancia, o texto segue diretamente para an\u00e1lise do Plen\u00e1rio, sem a necessidade de tramitar previamente pelas comiss\u00f5es da Casa.<\/p>\n<p><strong>Vera Antunes<\/strong>, presidente da <strong><a href=\"https:\/\/acil.com.br\/\" target=\"_blank\">Associa\u00e7\u00e3o Comercial e Industrial de Londrina (ACIL)<\/a><\/strong>, considera positiva a tramita\u00e7\u00e3o com urg\u00eancia do projeto para<strong> manter a formaliza\u00e7\u00e3o dos MEIs e ampliar a gera\u00e7\u00e3o de empregos<\/strong>.<\/p>\n<p>\u201cTemos que lembrar que essas empresas s\u00e3o estruturalmente mais fr\u00e1geis e est\u00e3o mais suscet\u00edveis \u00e0s varia\u00e7\u00f5es do mercado. Portanto, todo benef\u00edcio \u00e9 bem-vindo para que esses empreendedores continuem trabalhando dentro da formalidade e at\u00e9 encontrando condi\u00e7\u00f5es para expandir o pr\u00f3prio neg\u00f3cio. Considerando a carga tribut\u00e1ria que o empres\u00e1rio paga no Brasil, \u00e9 uma iniciativa que valoriza o empreendedorismo\u201d, avalia.<\/p>\n<p><strong>Para a CACB, a atualiza\u00e7\u00e3o deve ir al\u00e9m do teto do MEI<\/strong> e alcan\u00e7ar tamb\u00e9m todas as faixas de enquadramento do Simples Nacional. A confedera\u00e7\u00e3o afirma que continuar\u00e1 mobilizando parlamentares para que a corre\u00e7\u00e3o seja votada.<\/p>\n<h2>Defasagem de anos pressiona pequenos neg\u00f3cios<\/h2>\n<p>Criado para simplificar o pagamento de tributos e estimular o empreendedorismo, o <strong>Simples Nacional <\/strong>re\u00fane diversos impostos em uma \u00fanica guia e \u00e9 hoje o <strong>principal regime tribut\u00e1rio para pequenos neg\u00f3cios no pa\u00eds<\/strong>.<\/p>\n<p>Atualmente, os limites de faturamento permanecem em:<\/p>\n<ul>\n<li><strong>R$ 81 mil <\/strong>por ano para o<strong> Microempreendedor Individual (MEI)<\/strong><\/li>\n<li><strong>R$ 360 mil<\/strong> para <strong>microempresas (ME)<\/strong><\/li>\n<li><strong>R$ 4,8 milh\u00f5es<\/strong> para <strong>empresas de pequeno porte (EPP)<\/strong><\/li>\n<\/ul>\n<p>Esses valores est\u00e3o congelados h\u00e1 cerca de sete anos, o que, segundo representantes do setor produtivo, <strong>n\u00e3o acompanha a infla\u00e7\u00e3o acumulada <\/strong>no per\u00edodo.<\/p>\n<p>O <strong>deputado federal Beto Richa <\/strong>(PSDB-PR) afirma que <strong>muitas empresas acabam pagando mais impostos<\/strong> n\u00e3o por terem crescido efetivamente, mas por<strong> reajustarem<\/strong> <strong>seus pre\u00e7os para acompanhar a infla\u00e7\u00e3o<\/strong>.<\/p>\n<p>\u201cIsso cria uma distor\u00e7\u00e3o e <strong>aumenta a carga tribut\u00e1ria justamente sobre quem \u00e9 pequeno<\/strong>. Al\u00e9m disso, essa situa\u00e7\u00e3o cria uma <strong>trava no crescimento<\/strong>. Muitos empreendedores evitam expandir o neg\u00f3cio para n\u00e3o ter que mudar de faixa de tributa\u00e7\u00e3o. O mesmo acontece com o MEI. O limite de faturamento est\u00e1 congelado em R$ 81 mil reais h\u00e1 oito anos e j\u00e1 n\u00e3o reflete a realidade do pa\u00eds\u201d, afirma.<\/p>\n<p>Propostas em discuss\u00e3o no Congresso sugerem uma corre\u00e7\u00e3o que praticamente dobraria esses limites. O <strong>teto do<\/strong> <strong>MEI <\/strong>poderia subir para cerca de <strong>R$ 144,9 mil <\/strong>por ano, enquanto o limite para <strong>microempresas <\/strong>passaria para aproximadamente<strong> R$ 869 mil<\/strong>, e o das <strong>empresas de pequeno porte<\/strong> para cerca de<strong> R$ 8,69 milh\u00f5es<\/strong>.<\/p>\n<p>Projetos com esse objetivo tramitam na C\u00e2mara dos Deputados e fazem parte de um conjunto de propostas que alteram o Estatuto da Micro e Pequena Empresa. Algumas dessas iniciativas j\u00e1 passaram por comiss\u00f5es da Casa e aguardam an\u00e1lise em outras etapas da tramita\u00e7\u00e3o legislativa.<\/p>\n<p>Para entidades empresariais, a atualiza\u00e7\u00e3o dos limites permitiria que empresas continuassem no regime simplificado mesmo ap\u00f3s crescimento do faturamento, evitando aumento da carga tribut\u00e1ria e incentivando a formaliza\u00e7\u00e3o.<\/p>\n<p><strong>VEJA MAIS:<\/strong><\/p>\n<ul>\n<li><a href=\"https:\/\/brasil61.com\/n\/atualizacao-do-simples-nacional-cacb-pressiona-pela-urgencia-do-plp-108-2021-cacb260140\" target=\"_blank\">Atualiza\u00e7\u00e3o do Simples Nacional: CACB pressiona pela aprova\u00e7\u00e3o do PLP 108\/2021<\/a><\/li>\n<li><a href=\"https:\/\/brasil61.com\/n\/empresarios-cobram-avanco-de-pautas-prioritarias-no-congresso-nacional-cacb260124\" target=\"_blank\">Empres\u00e1rios cobram avan\u00e7o de pautas priorit\u00e1rias no Congresso Nacional<\/a><\/li>\n<\/ul>\n<p>\t\t\t\t\t\t\t\t\t\t<img loading=\"lazy\" decoding=\"async\" src=\"https:\/\/brasil61.com\/api\/v1\/serve_pixel\/17677\/88439\" alt=\"Pixel Brasil 61\" class=\"b61_pixel\" width=\"0\" height=\"0\"><\/p>\n<input type=\"hidden\" id=\"baseurl\" value=\"https:\/\/noticiasdestaque.com.br\"><input type=\"hidden\" id=\"audio_nonce\" value=\"581f3017e1\">","protected":false},"excerpt":{"rendered":"<p>Para a presidente da Associa\u00e7\u00e3o Comercial e Industrial de Londrina, Vera Antunes, Projeto de Lei Complementar que prev\u00ea atualiza\u00e7\u00e3o da tabela do Simples valoriza empreendedorismo; j\u00e1 o deputado federal Beto Richa (PSDB-PR) diz que modelo atual trava o crescimento. <\/p>\n","protected":false},"author":1,"featured_media":50927,"comment_status":"open","ping_status":"open","sticky":false,"template":"","format":"standard","meta":{"fifu_image_url":"","fifu_image_alt":"","footnotes":""},"categories":[59],"tags":[],"class_list":["post-50926","post","type-post","status-publish","format-standard","has-post-thumbnail","hentry","category-economia"],"distributor_meta":false,"distributor_terms":false,"distributor_media":false,"distributor_original_site_name":"Noticias em Destaque","distributor_original_site_url":"https:\/\/noticiasdestaque.com.br","push-errors":false,"_links":{"self":[{"href":"https:\/\/noticiasdestaque.com.br\/index.php\/wp-json\/wp\/v2\/posts\/50926","targetHints":{"allow":["GET"]}}],"collection":[{"href":"https:\/\/noticiasdestaque.com.br\/index.php\/wp-json\/wp\/v2\/posts"}],"about":[{"href":"https:\/\/noticiasdestaque.com.br\/index.php\/wp-json\/wp\/v2\/types\/post"}],"author":[{"embeddable":true,"href":"https:\/\/noticiasdestaque.com.br\/index.php\/wp-json\/wp\/v2\/users\/1"}],"replies":[{"embeddable":true,"href":"https:\/\/noticiasdestaque.com.br\/index.php\/wp-json\/wp\/v2\/comments?post=50926"}],"version-history":[{"count":0,"href":"https:\/\/noticiasdestaque.com.br\/index.php\/wp-json\/wp\/v2\/posts\/50926\/revisions"}],"wp:featuredmedia":[{"embeddable":true,"href":"https:\/\/noticiasdestaque.com.br\/index.php\/wp-json\/wp\/v2\/media\/50927"}],"wp:attachment":[{"href":"https:\/\/noticiasdestaque.com.br\/index.php\/wp-json\/wp\/v2\/media?parent=50926"}],"wp:term":[{"taxonomy":"category","embeddable":true,"href":"https:\/\/noticiasdestaque.com.br\/index.php\/wp-json\/wp\/v2\/categories?post=50926"},{"taxonomy":"post_tag","embeddable":true,"href":"https:\/\/noticiasdestaque.com.br\/index.php\/wp-json\/wp\/v2\/tags?post=50926"}],"curies":[{"name":"wp","href":"https:\/\/api.w.org\/{rel}","templated":true}]}}