{"id":50901,"date":"2026-03-19T19:05:00","date_gmt":"2026-03-19T22:05:00","guid":{"rendered":"https:\/\/noticiasdestaque.com.br\/index.php\/2026\/03\/19\/previsao-do-tempo-frente-fria-intensifica-chuvas-em-minas-gerais-e-sao-paulo-nesta-sexta-feira-20\/"},"modified":"2026-03-19T19:05:00","modified_gmt":"2026-03-19T22:05:00","slug":"previsao-do-tempo-frente-fria-intensifica-chuvas-em-minas-gerais-e-sao-paulo-nesta-sexta-feira-20","status":"publish","type":"post","link":"https:\/\/noticiasdestaque.com.br\/index.php\/2026\/03\/19\/previsao-do-tempo-frente-fria-intensifica-chuvas-em-minas-gerais-e-sao-paulo-nesta-sexta-feira-20\/","title":{"rendered":"PREVIS\u00c3O DO TEMPO: Frente fria intensifica chuvas em Minas Gerais e S\u00e3o Paulo nesta sexta-feira (20)"},"content":{"rendered":"<p>\t\t\t\t\t\t\t\t\t\t\t<audio controls class=\"b61_audio_player\" data-noticia=\"88420\" src=\"https:\/\/brasil61.com\/rails\/active_storage\/blobs\/eyJfcmFpbHMiOnsibWVzc2FnZSI6IkJBaHBBL0VHQkE9PSIsImV4cCI6bnVsbCwicHVyIjoiYmxvYl9pZCJ9fQ==--803b78b93a09773fb7619242f70d785dcac906b1\/PTSD264380A\"><\/audio><\/p>\n<p>A<b> previs\u00e3o do tempo<\/b> para a <b>Regi\u00e3o Sudeste<\/b> do pa\u00eds, nesta <b>sexta-feira (20)<\/b>, destaca o <b>avan\u00e7o de uma frente fria<\/b> que favorece o <b>aumento das chuvas<\/b>, com <b>maior intensidade<\/b> prevista para Minas Gerais e o norte de S\u00e3o Paulo. No Esp\u00edrito Santo e no Rio de Janeiro, h\u00e1 <b>previs\u00e3o de chuva de intensidade moderada a forte<\/b>, com <b>risco de acumulados significativos<\/b> em \u00e1reas como a Regi\u00e3o Serrana fluminense e o sul capixaba. Na capital paulista, o dia deve ser <b>abafado com pancadas isoladas<\/b>.<\/p>\n<p>O <b>Instituto Nacional de Meteorologia<\/b> (<a href=\"https:\/\/portal.inmet.gov.br\/\">Inmet<\/a>) emitiu alerta de <b>perigo potencial de chuvas intensas<\/b> para todo o Esp\u00edrito Santo, Rio de Janeiro, quase todo o estado de Minas Gerais \u2014 \u00e0 exce\u00e7\u00e3o do norte e do extremo-sul \u2014 e extremo-norte de S\u00e3o Paulo, al\u00e9m de alerta de <b>perigo de chuvas intensas<\/b> para o oeste e a faixa central de Minas Gerais, oeste capixaba e norte do Rio.<\/p>\n<p>Entre as <b>capitais<\/b>, a <b>temperatura<\/b> <b>m\u00ednima<\/b> prevista \u00e9 de <b>20\u00b0C<\/b> em <b>S\u00e3o Paulo<\/b>. J\u00e1 a <b>m\u00e1xima<\/b> pode chegar at\u00e9 <b>28\u00b0C<\/b>, em<b> Vit\u00f3ria<\/b>. A <b>umidade relativa do ar <\/b>varia entre <b>45%<\/b> e <b>95%<\/b>.<\/p>\n<h2>5 motivos para acompanhar as previs\u00f5es do tempo<\/h2>\n<ul>\n<li>Agricultura: garantia de uma boa colheita;<\/li>\n<li>Marinha: prote\u00e7\u00e3o de marinheiros, navios e passageiros;<\/li>\n<li>Aeron\u00e1utica: seguran\u00e7a de pilotos, aeronaves e passageiros;<\/li>\n<li>Pesca: condi\u00e7\u00f5es favor\u00e1veis e seguras para a atividade;<\/li>\n<li>Turismo: garantia de passeios e viagens tranquilas e agrad\u00e1veis.<\/li>\n<\/ul>\n<p>\u00a0<\/p>\n<h2>Import\u00e2ncia das observa\u00e7\u00f5es meteorol\u00f3gicas no INMET<\/h2>\n<p>As observa\u00e7\u00f5es meteorol\u00f3gicas do INMET s\u00e3o essenciais para previs\u00f5es em tempo real, estat\u00edsticas clim\u00e1ticas e coopera\u00e7\u00e3o internacional. Esses dados precisos ajudam a estudar o clima passado e a produzir Normais Climatol\u00f3gicas conforme a Organiza\u00e7\u00e3o Meteorol\u00f3gica Mundial (<a href=\"https:\/\/worldweather.wmo.int\/pt\/home.html\">OMM<\/a>).<\/p>\n<p>As informa\u00e7\u00f5es s\u00e3o do Instituto Nacional de Meteorologia (<a href=\"https:\/\/portal.inmet.gov.br\">Inmet<\/a>).<\/p>\n<p>\t\t\t\t\t\t\t\t\t\t<img loading=\"lazy\" decoding=\"async\" src=\"https:\/\/brasil61.com\/api\/v1\/serve_pixel\/17677\/88420\" alt=\"Pixel Brasil 61\" class=\"b61_pixel\" width=\"0\" height=\"0\"><\/p>\n<input type=\"hidden\" id=\"baseurl\" value=\"https:\/\/noticiasdestaque.com.br\"><input type=\"hidden\" id=\"audio_nonce\" value=\"eb7638fb71\">","protected":false},"excerpt":{"rendered":"<p>Previs\u00e3o de aumento da nebulosidade e pancadas de chuva moderadas a fortes em grande parte da regi\u00e3o; temperaturas variam entre 20\u00b0C e 28\u00b0C<\/p>\n","protected":false},"author":1,"featured_media":50902,"comment_status":"open","ping_status":"open","sticky":false,"template":"","format":"standard","meta":{"fifu_image_url":"","fifu_image_alt":"","footnotes":""},"categories":[58],"tags":[],"class_list":["post-50901","post","type-post","status-publish","format-standard","has-post-thumbnail","hentry","category-cotidiano"],"distributor_meta":false,"distributor_terms":false,"distributor_media":false,"distributor_original_site_name":"Noticias em Destaque","distributor_original_site_url":"https:\/\/noticiasdestaque.com.br","push-errors":false,"_links":{"self":[{"href":"https:\/\/noticiasdestaque.com.br\/index.php\/wp-json\/wp\/v2\/posts\/50901","targetHints":{"allow":["GET"]}}],"collection":[{"href":"https:\/\/noticiasdestaque.com.br\/index.php\/wp-json\/wp\/v2\/posts"}],"about":[{"href":"https:\/\/noticiasdestaque.com.br\/index.php\/wp-json\/wp\/v2\/types\/post"}],"author":[{"embeddable":true,"href":"https:\/\/noticiasdestaque.com.br\/index.php\/wp-json\/wp\/v2\/users\/1"}],"replies":[{"embeddable":true,"href":"https:\/\/noticiasdestaque.com.br\/index.php\/wp-json\/wp\/v2\/comments?post=50901"}],"version-history":[{"count":0,"href":"https:\/\/noticiasdestaque.com.br\/index.php\/wp-json\/wp\/v2\/posts\/50901\/revisions"}],"wp:featuredmedia":[{"embeddable":true,"href":"https:\/\/noticiasdestaque.com.br\/index.php\/wp-json\/wp\/v2\/media\/50902"}],"wp:attachment":[{"href":"https:\/\/noticiasdestaque.com.br\/index.php\/wp-json\/wp\/v2\/media?parent=50901"}],"wp:term":[{"taxonomy":"category","embeddable":true,"href":"https:\/\/noticiasdestaque.com.br\/index.php\/wp-json\/wp\/v2\/categories?post=50901"},{"taxonomy":"post_tag","embeddable":true,"href":"https:\/\/noticiasdestaque.com.br\/index.php\/wp-json\/wp\/v2\/tags?post=50901"}],"curies":[{"name":"wp","href":"https:\/\/api.w.org\/{rel}","templated":true}]}}