{"id":5090,"date":"2023-02-09T11:13:38","date_gmt":"2023-02-09T14:13:38","guid":{"rendered":"https:\/\/noticiasdestaque.com.br\/index.php\/2023\/02\/09\/senado-confirma-indicacao-da-camara-para-tcu\/"},"modified":"2023-02-09T11:13:38","modified_gmt":"2023-02-09T14:13:38","slug":"senado-confirma-indicacao-da-camara-para-tcu","status":"publish","type":"post","link":"https:\/\/noticiasdestaque.com.br\/index.php\/2023\/02\/09\/senado-confirma-indicacao-da-camara-para-tcu\/","title":{"rendered":"Senado confirma indica\u00e7\u00e3o da C\u00e2mara para TCU"},"content":{"rendered":"<style> bloco.meta {font-style: italic; color: #666;font-weight: 600;font-size: .8em; \/* line-height: .3em; *\/}  text h2 { font-weight: 700 !important;  color: #062f46 !important;} text img { width: none; left: none;}<\/style>\n<\/p>\n<p>Com 72 votos favor\u00e1veis, dois votos contr\u00e1rios e uma absten\u00e7\u00e3o, o Senado confirmou hoje (8) a indica\u00e7\u00e3o do deputado Jhonatan de Jesus (Republicanos-RR) para ocupar uma vaga do Tribunal de Contas da Uni\u00e3o (TCU). O parlamentar substituir\u00e1 a ministra Ana Arraes, que se aposentou em julho do ano passado.<\/p>\n<p>Numa sess\u00e3o r\u00e1pida, os senadores votaram a <a href=\"https:\/\/agenciabrasil.ebc.com.br\/politica\/noticia\/2023-02\/camara-aprova-indicacao-de-jhonatan-de-jesus-ao-tcu\" target=\"_blank\" rel=\"noopener\">indica\u00e7\u00e3o aprovada pela C\u00e2mara dos Deputados<\/a> no dia 2.  O relator do projeto no Senado foi Messias de Jesus (Republicanos-RR), pai de Jhonatan.<\/p>\n<p>\u00d3rg\u00e3o auxiliar do Poder Legislativo encarregado de analisar os gastos p\u00fablicos e recomendar a aprova\u00e7\u00e3o ou rejei\u00e7\u00e3o das contas do presidente da Rep\u00fablica, o TCU segue um modelo parit\u00e1rio para o preenchimento das vagas. Tr\u00eas ministros s\u00e3o indicados pelo Senado, tr\u00eas pela C\u00e2mara e tr\u00eas pelo Poder Executivo.<\/p>\n<p>Como o cargo de ministro do TCU \u00e9 vital\u00edcio, com aposentadoria compuls\u00f3ria aos 75 anos, o novo ministro, de 39 anos, poder\u00e1 ocupar o cargo at\u00e9 2059. Indicado pelo presidente da C\u00e2mara, Arthur Lira, Jhonatan de Jesus estava iniciando o quarto mandato como deputado federal.<\/p>\n<p>O nome de Jhonatan enfrentou resist\u00eancia da comunidade ind\u00edgena. Na semana passada, ativistas manifestaram preocupa\u00e7\u00e3o porque os \u00faltimos tr\u00eas gestores do Distrito Especial de Sa\u00fade Ind\u00edgena Yanomami foram indicados pela fam\u00edlia De Jesus, de um partido aliado ao governo passado. Os yanomami enfrentam uma crise humanit\u00e1ria provocada pela expans\u00e3o do garimpo em terras ind\u00edgenas nos \u00faltimos anos.<\/p>\n<p><em>* Com informa\u00e7\u00f5es da Ag\u00eancia Senado<\/em><\/p>\n<p class=\"alt-font font-italic my-2 small text-info\">\n                                                Edi\u00e7\u00e3o:   F\u00e1bio Massalli                    <\/p>\n<p>            <!-- blog End --><\/p>\n<p>            <!-- tag and share --><\/p>\n<p> Fonte: EBC <\/p>\n<input type=\"hidden\" id=\"baseurl\" value=\"https:\/\/noticiasdestaque.com.br\"><input type=\"hidden\" id=\"audio_nonce\" value=\"eb7638fb71\">","protected":false},"excerpt":{"rendered":"<p>Deputado Jhonatan de Jesus foi aprovado com 72 votos<\/p>\n","protected":false},"author":1,"featured_media":5091,"comment_status":"open","ping_status":"open","sticky":false,"template":"","format":"standard","meta":{"fifu_image_url":"","fifu_image_alt":"","footnotes":""},"categories":[50],"tags":[],"class_list":["post-5090","post","type-post","status-publish","format-standard","has-post-thumbnail","hentry","category-politica"],"distributor_meta":false,"distributor_terms":false,"distributor_media":false,"distributor_original_site_name":"Portal de Recupera\u00e7\u00e3o","distributor_original_site_url":"https:\/\/portalderecuperacao.com","push-errors":false,"_links":{"self":[{"href":"https:\/\/noticiasdestaque.com.br\/index.php\/wp-json\/wp\/v2\/posts\/5090","targetHints":{"allow":["GET"]}}],"collection":[{"href":"https:\/\/noticiasdestaque.com.br\/index.php\/wp-json\/wp\/v2\/posts"}],"about":[{"href":"https:\/\/noticiasdestaque.com.br\/index.php\/wp-json\/wp\/v2\/types\/post"}],"author":[{"embeddable":true,"href":"https:\/\/noticiasdestaque.com.br\/index.php\/wp-json\/wp\/v2\/users\/1"}],"replies":[{"embeddable":true,"href":"https:\/\/noticiasdestaque.com.br\/index.php\/wp-json\/wp\/v2\/comments?post=5090"}],"version-history":[{"count":0,"href":"https:\/\/noticiasdestaque.com.br\/index.php\/wp-json\/wp\/v2\/posts\/5090\/revisions"}],"wp:featuredmedia":[{"embeddable":true,"href":"https:\/\/noticiasdestaque.com.br\/index.php\/wp-json\/wp\/v2\/media\/5091"}],"wp:attachment":[{"href":"https:\/\/noticiasdestaque.com.br\/index.php\/wp-json\/wp\/v2\/media?parent=5090"}],"wp:term":[{"taxonomy":"category","embeddable":true,"href":"https:\/\/noticiasdestaque.com.br\/index.php\/wp-json\/wp\/v2\/categories?post=5090"},{"taxonomy":"post_tag","embeddable":true,"href":"https:\/\/noticiasdestaque.com.br\/index.php\/wp-json\/wp\/v2\/tags?post=5090"}],"curies":[{"name":"wp","href":"https:\/\/api.w.org\/{rel}","templated":true}]}}