{"id":50899,"date":"2026-03-19T19:00:00","date_gmt":"2026-03-19T22:00:00","guid":{"rendered":"https:\/\/noticiasdestaque.com.br\/index.php\/2026\/03\/19\/previsao-do-tempo-tempestades-no-extremo-norte-e-chuvas-isoladas-na-regiao-norte-nesta-sexta-feira-20\/"},"modified":"2026-03-19T19:00:00","modified_gmt":"2026-03-19T22:00:00","slug":"previsao-do-tempo-tempestades-no-extremo-norte-e-chuvas-isoladas-na-regiao-norte-nesta-sexta-feira-20","status":"publish","type":"post","link":"https:\/\/noticiasdestaque.com.br\/index.php\/2026\/03\/19\/previsao-do-tempo-tempestades-no-extremo-norte-e-chuvas-isoladas-na-regiao-norte-nesta-sexta-feira-20\/","title":{"rendered":"PREVIS\u00c3O DO TEMPO: tempestades no extremo norte e chuvas isoladas na Regi\u00e3o Norte nesta sexta-feira (20)"},"content":{"rendered":"<p>\t\t\t\t\t\t\t\t\t\t\t<audio controls class=\"b61_audio_player\" data-noticia=\"88419\" src=\"https:\/\/brasil61.com\/rails\/active_storage\/blobs\/eyJfcmFpbHMiOnsibWVzc2FnZSI6IkJBaHBBKzhHQkE9PSIsImV4cCI6bnVsbCwicHVyIjoiYmxvYl9pZCJ9fQ==--ba888e869590919a13a39defc79b9a9a1f2cf9dc\/PTRN264743A\"><\/audio><\/p>\n<p>A <b>previs\u00e3o do tempo<\/b> para a <b>Regi\u00e3o Norte<\/b> do pa\u00eds, nesta <b>sexta-feira (20)<\/b>, indica a continuidade da atua\u00e7\u00e3o da <b>Zona de Converg\u00eancia Intertropical (ZCIT)<\/b>, favorecendo a <b>ocorr\u00eancia de tempestades<\/b> no Amap\u00e1 e no litoral do Par\u00e1.<\/p>\n<p>Nas demais \u00e1reas, como Tocantins, Amazonas, Acre e Rond\u00f4nia, a <b>combina\u00e7\u00e3o de calor e umidade<\/b> <b>mant\u00e9m a ocorr\u00eancia de pancadas de chuva intensas e sensa\u00e7\u00e3o de abafamento<\/b> ao longo de todo o dia.<\/p>\n<p>O <b>Instituto Nacional de Meteorologia<\/b> (<a href=\"https:\/\/portal.inmet.gov.br\/\">Inmet<\/a>) emitiu alerta de<b> perigo potencial de chuvas intensas<\/b> para quase toda a regi\u00e3o \u2014 \u00e0 exce\u00e7\u00e3o do centro-norte de Roraima, extremo-oeste do Amap\u00e1, extremo-noroeste do Par\u00e1 e centro-oeste do Amazonas\u00a0\u2014, al\u00e9m de alerta de<b> perigo de chuvas intensas<\/b> para o leste de Rond\u00f4nia, norte do Tocantins, centro-sul do Par\u00e1 e sudeste do Amazonas.<\/p>\n<p>Entre as <b>capitais<\/b>, a <b>temperatura m\u00ednima<\/b> prevista \u00e9 de <b>22\u00b0C<\/b>, em<b> Porto Velho e Rio Branco<\/b>. J\u00e1 a <b>m\u00e1xima<\/b> pode chegar at\u00e9 <b>36\u00b0C<\/b>, em <b>Boa Vista<\/b>. A <b>umidade relativa do ar <\/b>varia entre <b>40%<\/b> e <b>95%<\/b>.<\/p>\n<h2>5 motivos para acompanhar as previs\u00f5es do tempo<\/h2>\n<ul>\n<li>Agricultura: garantia de uma boa colheita;<\/li>\n<li>Marinha: prote\u00e7\u00e3o de marinheiros, navios e passageiros;<\/li>\n<li>Aeron\u00e1utica: seguran\u00e7a de pilotos, aeronaves e passageiros;<\/li>\n<li>Pesca: condi\u00e7\u00f5es favor\u00e1veis e seguras para a atividade;<\/li>\n<li>Turismo: garantia de passeios e viagens tranquilas e agrad\u00e1veis.<\/li>\n<\/ul>\n<p>\u00a0<\/p>\n<h2>Import\u00e2ncia das observa\u00e7\u00f5es meteorol\u00f3gicas no INMET<\/h2>\n<p>\u00a0<\/p>\n<p>As observa\u00e7\u00f5es meteorol\u00f3gicas do INMET s\u00e3o essenciais para previs\u00f5es em tempo real, estat\u00edsticas clim\u00e1ticas e coopera\u00e7\u00e3o internacional. Esses dados precisos ajudam a estudar o clima passado e a produzir Normais Climatol\u00f3gicas conforme a Organiza\u00e7\u00e3o Meteorol\u00f3gica Mundial (<a href=\"https:\/\/worldweather.wmo.int\/pt\/home.html\">OMM<\/a>).<\/p>\n<p>\u00a0<\/p>\n<p>As informa\u00e7\u00f5es s\u00e3o do Instituto Nacional de Meteorologia (<a href=\"https:\/\/portal.inmet.gov.br\">Inmet<\/a>).<\/p>\n<p>\t\t\t\t\t\t\t\t\t\t<img loading=\"lazy\" decoding=\"async\" src=\"https:\/\/brasil61.com\/api\/v1\/serve_pixel\/17677\/88419\" alt=\"Pixel Brasil 61\" class=\"b61_pixel\" width=\"0\" height=\"0\"><\/p>\n<input type=\"hidden\" id=\"baseurl\" value=\"https:\/\/noticiasdestaque.com.br\"><input type=\"hidden\" id=\"audio_nonce\" value=\"eb7638fb71\">","protected":false},"excerpt":{"rendered":"<p>Previs\u00e3o de tempestades no Amap\u00e1 e litoral do Par\u00e1, enquanto calor e umidade favorecem pancadas intensas no Amazonas, Acre e Rond\u00f4nia ao longo do dia; temperaturas variam entre 22\u00b0C e 36\u00b0C<\/p>\n","protected":false},"author":1,"featured_media":50900,"comment_status":"open","ping_status":"open","sticky":false,"template":"","format":"standard","meta":{"fifu_image_url":"","fifu_image_alt":"","footnotes":""},"categories":[58],"tags":[],"class_list":["post-50899","post","type-post","status-publish","format-standard","has-post-thumbnail","hentry","category-cotidiano"],"distributor_meta":false,"distributor_terms":false,"distributor_media":false,"distributor_original_site_name":"Noticias em Destaque","distributor_original_site_url":"https:\/\/noticiasdestaque.com.br","push-errors":false,"_links":{"self":[{"href":"https:\/\/noticiasdestaque.com.br\/index.php\/wp-json\/wp\/v2\/posts\/50899","targetHints":{"allow":["GET"]}}],"collection":[{"href":"https:\/\/noticiasdestaque.com.br\/index.php\/wp-json\/wp\/v2\/posts"}],"about":[{"href":"https:\/\/noticiasdestaque.com.br\/index.php\/wp-json\/wp\/v2\/types\/post"}],"author":[{"embeddable":true,"href":"https:\/\/noticiasdestaque.com.br\/index.php\/wp-json\/wp\/v2\/users\/1"}],"replies":[{"embeddable":true,"href":"https:\/\/noticiasdestaque.com.br\/index.php\/wp-json\/wp\/v2\/comments?post=50899"}],"version-history":[{"count":0,"href":"https:\/\/noticiasdestaque.com.br\/index.php\/wp-json\/wp\/v2\/posts\/50899\/revisions"}],"wp:featuredmedia":[{"embeddable":true,"href":"https:\/\/noticiasdestaque.com.br\/index.php\/wp-json\/wp\/v2\/media\/50900"}],"wp:attachment":[{"href":"https:\/\/noticiasdestaque.com.br\/index.php\/wp-json\/wp\/v2\/media?parent=50899"}],"wp:term":[{"taxonomy":"category","embeddable":true,"href":"https:\/\/noticiasdestaque.com.br\/index.php\/wp-json\/wp\/v2\/categories?post=50899"},{"taxonomy":"post_tag","embeddable":true,"href":"https:\/\/noticiasdestaque.com.br\/index.php\/wp-json\/wp\/v2\/tags?post=50899"}],"curies":[{"name":"wp","href":"https:\/\/api.w.org\/{rel}","templated":true}]}}