{"id":50895,"date":"2026-03-19T12:00:00","date_gmt":"2026-03-19T15:00:00","guid":{"rendered":"https:\/\/noticiasdestaque.com.br\/index.php\/2026\/03\/19\/acordo-mercosul-ue-pode-destravar-us-439-bilhoes-em-exportacoes-brasileiras\/"},"modified":"2026-03-19T20:37:38","modified_gmt":"2026-03-19T23:37:38","slug":"acordo-mercosul-ue-pode-destravar-us-439-bilhoes-em-exportacoes-brasileiras","status":"publish","type":"post","link":"https:\/\/noticiasdestaque.com.br\/index.php\/2026\/03\/19\/acordo-mercosul-ue-pode-destravar-us-439-bilhoes-em-exportacoes-brasileiras\/","title":{"rendered":"Acordo Mercosul\u2013UE pode destravar US$ 43,9 bilh\u00f5es em exporta\u00e7\u00f5es brasileiras"},"content":{"rendered":"<p>\t\t\t\t\t\t\t\t\t\t<audio controls class=\"b61_audio_player\" data-noticia=\"88409\" src=\"https:\/\/brasil61.com\/rails\/active_storage\/blobs\/eyJfcmFpbHMiOnsibWVzc2FnZSI6IkJBaHBBNUlHQkE9PSIsImV4cCI6bnVsbCwicHVyIjoiYmxvYl9pZCJ9fQ==--7ac4bdfdcf9948d27007de3723dd3b2d57e07772\/APEX260113A\"><\/audio><\/p>\n<p><strong>Com a promulga\u00e7\u00e3o do Decreto Legislativo 14, de 2026, que trata do Acordo Provis\u00f3rio de Com\u00e9rcio entre o Mercosul e a Uni\u00e3o Europeia (UE), o Brasil d\u00e1 um passo importante para que as rela\u00e7\u00f5es de importa\u00e7\u00e3o e exporta\u00e7\u00e3o entre os dois blocos possam contar com a previs\u00e3o de redu\u00e7\u00e3o ou elimina\u00e7\u00e3o gradual de tarifas.<\/strong><\/p>\n<p>O texto foi promulgado pelo Congresso Nacional na ter\u00e7a-feira (17), garantindo a aprova\u00e7\u00e3o interna do acordo. Vale destacar que o acordo s\u00f3 ser\u00e1 efetivamente ratificado com o dep\u00f3sito do instrumento de ratifica\u00e7\u00e3o junto \u00e0 Uni\u00e3o Europeia.<\/p>\n<p>Para o ministro das Rela\u00e7\u00f5es Exteriores, embaixador Mauro Vieira, a medida \u00e9 oportuna, especialmente em um contexto de \u201cforte fragmenta\u00e7\u00e3o da ordem internacional\u201d. Na avalia\u00e7\u00e3o dele, os benef\u00edcios do acordo v\u00e3o al\u00e9m das dimens\u00f5es econ\u00f4micas e comerciais.<\/p>\n<p>\u201cEm um mundo marcado pelo protecionismo e pelo unilateralismo, a amplia\u00e7\u00e3o da parceria entre o Mercosul e a Uni\u00e3o Europeia possui enorme relev\u00e2ncia geoestrat\u00e9gica, aproximando ainda mais duas regi\u00f5es que possuem valores comuns, como a defesa do multilateralismo, do direito internacional e dos direitos humanos. Este \u00eaxito tamb\u00e9m demonstra a for\u00e7a do Mercosul\u201d, disse.<\/p>\n<p><strong>Segundo o presidente da Ag\u00eancia Brasileira de Promo\u00e7\u00e3o de Exporta\u00e7\u00f5es e Investimentos (ApexBrasil), Jorge Viana, o acordo representa um marco para o com\u00e9rcio exterior brasileiro, ao proporcionar maior previsibilidade e seguran\u00e7a jur\u00eddica \u00e0s rela\u00e7\u00f5es comerciais.<\/strong><\/p>\n<p>\u201cN\u00f3s temos muito potencial ao longo do tempo para crescer, porque a participa\u00e7\u00e3o dos produtos brasileiros na Uni\u00e3o Europeia ainda tem uma margem muito grande para isso. Vamos pegar um exemplo: o nosso mercado de exporta\u00e7\u00e3o de mel \u00e9 de 100 milh\u00f5es de d\u00f3lares. A Uni\u00e3o Europeia imp\u00f5e uma barreira sanit\u00e1ria ao nosso mel que n\u00e3o tem explica\u00e7\u00e3o, pois \u00e9 quase uma barreira econ\u00f4mica. Assim, estamos praticamente 100% fora da Uni\u00e3o Europeia. Com o acordo, poderemos exportar mel para l\u00e1\u201d, destacou.<\/p>\n<h2>Oportunidades para empresas brasileiras que desejam exportar<\/h2>\n<p><strong>Com o acordo firmado entre o Mercosul e a Uni\u00e3o Europeia, espera-se a amplia\u00e7\u00e3o das exporta\u00e7\u00f5es brasileiras para o mercado europeu. Nesse contexto, a ApexBrasil elaborou um estudo estrat\u00e9gico com o objetivo de identificar mercados e oportunidades de neg\u00f3cios para o setor produtivo nacional, aproximando ainda mais os dois blocos.<\/strong><\/p>\n<p>Intitulado \u201cEstudo de Oportunidades Mercosul\u2013Uni\u00e3o Europeia\u201d, o levantamento apresenta perspectivas em 25 pa\u00edses europeus. As oportunidades est\u00e3o organizadas em quatro grandes regi\u00f5es do continente:<\/p>\n<ul>\n<li>Europa Ocidental \u2013 266 oportunidades e US$ 27,6 bilh\u00f5es em importa\u00e7\u00f5es anuais;<\/li>\n<li>Europa Meridional \u2013 123 oportunidades e US$ 7,8 bilh\u00f5es em importa\u00e7\u00f5es anuais;<\/li>\n<li>Europa Oriental \u2013 101 oportunidades e US$ 6,4 bilh\u00f5es em importa\u00e7\u00f5es anuais;<\/li>\n<li>Europa Setentrional \u2013 53 oportunidades e US$ 1,9 bilh\u00e3o em importa\u00e7\u00f5es anuais.<\/li>\n<\/ul>\n<p>De acordo com o estudo, os setores com maior potencial para impulsionar as exporta\u00e7\u00f5es incluem m\u00e1quinas e equipamentos de transporte, artigos manufaturados, produtos qu\u00edmicos e obras diversas, como partes para cal\u00e7ados, \u00f3culos de sol e joias de ouro ou prata.<\/p>\n<p><strong>Em conjunto, esses segmentos representam um mercado potencial de US$ 43,9 bilh\u00f5es em importa\u00e7\u00f5es anuais da Uni\u00e3o Europeia. Atualmente, o Brasil exporta cerca de US$ 1,1 bilh\u00e3o desses produtos para o bloco.<\/strong><\/p>\n<p>A Uni\u00e3o Europeia \u00e9 apontada como o maior investidor estrangeiro no Brasil, com um estoque superior a US$ 464 bilh\u00f5es em Investimento Direto Estrangeiro (IED), o que corresponde a mais de 40% do total recebido pelo pa\u00eds.<\/p>\n<p><strong>VEJA MAIS:<\/strong><\/p>\n<ul>\n<li><a href=\"https:\/\/brasil61.com\/n\/apexbrasil-reforca-iniciativas-para-ampliar-participacao-feminina-no-comercio-exterior-apex260112\" target=\"_blank\">ApexBrasil refor\u00e7a iniciativas para ampliar participa\u00e7\u00e3o feminina no com\u00e9rcio exterior<\/a><\/li>\n<li><a href=\"https:\/\/brasil61.com\/n\/minerais-estrategicos-apexbrasil-intensifica-esforcos-para-atrair-investimentos-no-setor-apex260106\" target=\"_blank\">Minerais estrat\u00e9gicos: ApexBrasil intensifica esfor\u00e7os para atrair investimentos no setor<\/a><\/li>\n<\/ul>\n<p>O levantamento tamb\u00e9m indica que o acordo cria um mercado integrado de aproximadamente 720 milh\u00f5es de consumidores. Al\u00e9m disso, os dois blocos passam a formar um PIB agregado estimado em US$ 22 trilh\u00f5es, contribuindo para o reposicionamento do Brasil no maior mercado importador do mundo, especialmente por meio da elimina\u00e7\u00e3o tarif\u00e1ria imediata em diversos setores.<\/p>\n<h2>Impactos positivos nas pr\u00f3ximas d\u00e9cadas<\/h2>\n<p><strong>O acordo poder\u00e1 trazer impactos positivos para a economia brasileira ao longo das pr\u00f3ximas d\u00e9cadas, com proje\u00e7\u00f5es at\u00e9 2044. Estimativas da ApexBrasil apontam que o PIB do pa\u00eds poder\u00e1 crescer 0,34%, o equivalente a cerca de R$ 37 bilh\u00f5es em valores de 2023.<\/strong><\/p>\n<p>O setor de investimentos deve registrar alta de 0,76% (R$ 13,6 bilh\u00f5es), enquanto o poder de compra da popula\u00e7\u00e3o deve aumentar ligeiramente, com crescimento de 0,42% nos sal\u00e1rios reais. Al\u00e9m disso, o acordo poderia reduzir os pre\u00e7os ao consumidor em 0,56%, sugerindo um efeito positivo sobre a infla\u00e7\u00e3o.<\/p>\n<p>No com\u00e9rcio exterior, as exporta\u00e7\u00f5es brasileiras devem crescer 2,65%, cerca de R$ 52,1 bilh\u00f5es, enquanto as importa\u00e7\u00f5es podem subir 2,46%, ou R$ 42,1 bilh\u00f5es.<\/p>\n<h2>Sobre o Acordo de Parceria Mercosul\u2013Uni\u00e3o Europeia<\/h2>\n<p>Em dezembro de 2024, l\u00edderes do Mercosul e da Uni\u00e3o Europeia anunciaram a conclus\u00e3o das negocia\u00e7\u00f5es do Acordo de Parceria entre os dois blocos. O an\u00fancio, realizado em Montevid\u00e9u, deu in\u00edcio \u00e0 etapa de prepara\u00e7\u00e3o dos textos que ser\u00e3o encaminhados para assinatura e posterior ratifica\u00e7\u00e3o.<\/p>\n<p>Segundo dados divulgados pelo Minist\u00e9rio das Rela\u00e7\u00f5es Exteriores, Mercosul e Uni\u00e3o Europeia somam, juntos, cerca de 718 milh\u00f5es de habitantes e um Produto Interno Bruto (PIB) aproximado de US$ 22 trilh\u00f5es.<\/p>\n<p>Reconhecido como um dos maiores acordos bilaterais de livre com\u00e9rcio do mundo, o tratado tende a ampliar a diversifica\u00e7\u00e3o das parcerias comerciais do Brasil \u2014 um ativo estrat\u00e9gico para o pa\u00eds \u2014, al\u00e9m de incentivar a moderniza\u00e7\u00e3o do parque industrial nacional, promovendo sua inser\u00e7\u00e3o nas cadeias produtivas da Uni\u00e3o Europeia.<\/p>\n<p>O acordo tamb\u00e9m contempla a cria\u00e7\u00e3o de um mecanismo de reequil\u00edbrio de concess\u00f5es. Dessa forma, a rela\u00e7\u00e3o entre os blocos econ\u00f4micos passa a oferecer mais garantias e seguran\u00e7a aos exportadores, especialmente caso medidas internas da Uni\u00e3o Europeia venham a comprometer o aproveitamento efetivo das vantagens previstas no acordo.<br \/>\n\u00a0<\/p>\n<p>\t\t\t\t\t\t\t\t\t<img loading=\"lazy\" decoding=\"async\" src=\"https:\/\/brasil61.com\/api\/v1\/serve_pixel\/17677\/88409\" alt=\"Pixel Brasil 61\" class=\"b61_pixel\" width=\"0\" height=\"0\"><\/p>\n<input type=\"hidden\" id=\"baseurl\" value=\"https:\/\/noticiasdestaque.com.br\"><input type=\"hidden\" id=\"audio_nonce\" value=\"62ca87eee3\">","protected":false},"excerpt":{"rendered":"<p>Estudo da ApexBrasil aponta oportunidades em 25 pa\u00edses e destaca setores industriais com maior potencial de crescimento<\/p>\n","protected":false},"author":1,"featured_media":50909,"comment_status":"open","ping_status":"open","sticky":false,"template":"","format":"standard","meta":{"fifu_image_url":"","fifu_image_alt":"","footnotes":""},"categories":[48],"tags":[],"class_list":["post-50895","post","type-post","status-publish","format-standard","has-post-thumbnail","hentry","category-mundo"],"distributor_meta":false,"distributor_terms":false,"distributor_media":false,"distributor_original_site_name":"Noticias em Destaque","distributor_original_site_url":"https:\/\/noticiasdestaque.com.br","push-errors":false,"_links":{"self":[{"href":"https:\/\/noticiasdestaque.com.br\/index.php\/wp-json\/wp\/v2\/posts\/50895","targetHints":{"allow":["GET"]}}],"collection":[{"href":"https:\/\/noticiasdestaque.com.br\/index.php\/wp-json\/wp\/v2\/posts"}],"about":[{"href":"https:\/\/noticiasdestaque.com.br\/index.php\/wp-json\/wp\/v2\/types\/post"}],"author":[{"embeddable":true,"href":"https:\/\/noticiasdestaque.com.br\/index.php\/wp-json\/wp\/v2\/users\/1"}],"replies":[{"embeddable":true,"href":"https:\/\/noticiasdestaque.com.br\/index.php\/wp-json\/wp\/v2\/comments?post=50895"}],"version-history":[{"count":1,"href":"https:\/\/noticiasdestaque.com.br\/index.php\/wp-json\/wp\/v2\/posts\/50895\/revisions"}],"predecessor-version":[{"id":50908,"href":"https:\/\/noticiasdestaque.com.br\/index.php\/wp-json\/wp\/v2\/posts\/50895\/revisions\/50908"}],"wp:featuredmedia":[{"embeddable":true,"href":"https:\/\/noticiasdestaque.com.br\/index.php\/wp-json\/wp\/v2\/media\/50909"}],"wp:attachment":[{"href":"https:\/\/noticiasdestaque.com.br\/index.php\/wp-json\/wp\/v2\/media?parent=50895"}],"wp:term":[{"taxonomy":"category","embeddable":true,"href":"https:\/\/noticiasdestaque.com.br\/index.php\/wp-json\/wp\/v2\/categories?post=50895"},{"taxonomy":"post_tag","embeddable":true,"href":"https:\/\/noticiasdestaque.com.br\/index.php\/wp-json\/wp\/v2\/tags?post=50895"}],"curies":[{"name":"wp","href":"https:\/\/api.w.org\/{rel}","templated":true}]}}