{"id":50879,"date":"2026-03-19T04:40:00","date_gmt":"2026-03-19T07:40:00","guid":{"rendered":"https:\/\/noticiasdestaque.com.br\/index.php\/2026\/03\/19\/camara-aprova-urgencia-para-atualizacao-do-simples-nacional\/"},"modified":"2026-03-19T04:40:00","modified_gmt":"2026-03-19T07:40:00","slug":"camara-aprova-urgencia-para-atualizacao-do-simples-nacional","status":"publish","type":"post","link":"https:\/\/noticiasdestaque.com.br\/index.php\/2026\/03\/19\/camara-aprova-urgencia-para-atualizacao-do-simples-nacional\/","title":{"rendered":"C\u00e2mara aprova urg\u00eancia para atualiza\u00e7\u00e3o do Simples Nacional"},"content":{"rendered":"<p>\t\t\t\t\t\t\t\t\t\t\t<audio controls class=\"b61_audio_player\" data-noticia=\"88413\" src=\"https:\/\/brasil61.com\/rails\/active_storage\/blobs\/eyJfcmFpbHMiOnsibWVzc2FnZSI6IkJBaHBBNkVHQkE9PSIsImV4cCI6bnVsbCwicHVyIjoiYmxvYl9pZCJ9fQ==--a690fd856bbf0eef903a0ee225ec328ef22339e5\/CACB260142A\"><\/audio><\/p>\n<p>A <strong>C\u00e2mara dos Deputados<\/strong> aprovou por <strong>unanimidade<\/strong>, na ter\u00e7a-feira (17), o r<strong>equerimento de urg\u00eancia<\/strong> para o<strong> Projeto de Lei Complementar (PLP) <a href=\"https:\/\/www.camara.leg.br\/proposicoesWeb\/fichadetramitacao?idProposicao=2295251\">108\/2021<\/a><\/strong>, que trata da atualiza\u00e7\u00e3o do Simples Nacional. A decis\u00e3o acelera a tramita\u00e7\u00e3o e coloca o projeto como prioridade na pauta do plen\u00e1rio.<\/p>\n<p>De autoria do senador Jayme Campos (DEM-MT), o texto j\u00e1 havia sido aprovado pelo Senado. Caso seja mantido pelos deputados, seguir\u00e1 para san\u00e7\u00e3o presidencial. Se houver altera\u00e7\u00f5es, retorna para nova an\u00e1lise dos senadores.<\/p>\n<p>O deputado Jorge Goetten (Republicanos-SC) destacou que a iniciativa representa repara\u00e7\u00e3o para o setor. \u201cEstamos fazendo justi\u00e7a com esse setor do microempreendedor individual (MEI) e da micro e pequena empresa que movimenta a economia do nosso pa\u00eds. Temos muita batalha pela frente, logo vamos aprovar um bom relat\u00f3rio que atende a vontade e a necessidade de todos\u201d, disse.<\/p>\n<h2>Atualiza\u00e7\u00e3o do Simples: o que muda?<\/h2>\n<p>O <a href=\"https:\/\/www8.receita.fazenda.gov.br\/simplesnacional\/\">Simples Nacional<\/a>, regime tribut\u00e1rio criado para reduzir burocracia e custos, est\u00e1 com a <strong>tabela congelada desde 2018<\/strong>.\u00a0<\/p>\n<p>O texto amplia o teto de faturamento do MEI para<strong> R$ 130 mil por ano<\/strong>, al\u00e9m de permitir a contrata\u00e7\u00e3o de at\u00e9 <strong>dois empregados<\/strong>. Atualmente, esse limite \u00e9 de <strong>R$ 81 mil <\/strong>e s\u00f3 \u00e9 poss\u00edvel ter <strong>um funcion\u00e1rio<\/strong>.<\/p>\n<h2>Micro e pequenas empresas<\/h2>\n<p>Para o presidente da Confedera\u00e7\u00e3o das Associa\u00e7\u00f5es Comerciais e Empresariais do Brasil (<a href=\"https:\/\/cacb.org.br\/\">CACB<\/a>), Alfredo Cotait Neto, a <strong>atualiza\u00e7\u00e3o deve contemplar n\u00e3o apenas os MEIs, mas tamb\u00e9m micro e pequenas empresas<\/strong>. \u201cConv\u00e9m olhar tamb\u00e9m o limite da microempresa e da pequena empresa\u201d, ressaltou.\u00a0<\/p>\n<p>De acordo com a CACB, essas empresas respondem por<strong> 27% do PIB<\/strong>,<strong> 55% dos empregos formais<\/strong> e movimentam cerca de<strong> R$ 840 bilh\u00f5es<\/strong> na economia nacional.<\/p>\n<p>O pleito da entidade prop\u00f5e elevar o limite de faturamento do MEI de <strong>R$ 81 mil<\/strong> para <strong>R$ 144,9 mil anuais<\/strong>; o das microempresas de <strong>R$ 360 mil<\/strong> para <strong>R$ 869,4 mil<\/strong>; e o das empresas de pequeno porte de <strong>R$ 4,8 milh\u00f5es<\/strong> para <strong>R$ 8,69 milh\u00f5es<\/strong>.<\/p>\n<p>A CACB sugere ainda que os <strong>limites de enquadramento sejam corrigidos pela infla\u00e7\u00e3o acumulada<\/strong>, com base no \u00cdndice Nacional de Pre\u00e7os ao Consumidor Amplo (<a href=\"https:\/\/www.ibge.gov.br\/estatisticas\/economicas\/precos-e-custos\/9256-indice-nacional-de-precos-ao-consumidor-amplo.html\">IPCA<\/a>), al\u00e9m de prever <strong>atualiza\u00e7\u00e3o autom\u00e1tica anual<\/strong>.<\/p>\n<p>Segundo a institui\u00e7\u00e3o, a proposta pode gerar <strong>869 mil novos empregos<\/strong> e injetar <strong>R$ 81,2 bilh\u00f5es<\/strong> na economia. Cotait afirmou que a medida \u201cvai dar um grande al\u00edvio para muitos pequenos neg\u00f3cios que est\u00e3o com dificuldades\u201d.<\/p>\n<p>\t\t\t\t\t\t\t\t\t\t<img loading=\"lazy\" decoding=\"async\" src=\"https:\/\/brasil61.com\/api\/v1\/serve_pixel\/17677\/88413\" alt=\"Pixel Brasil 61\" class=\"b61_pixel\" width=\"0\" height=\"0\"><\/p>\n<input type=\"hidden\" id=\"baseurl\" value=\"https:\/\/noticiasdestaque.com.br\"><input type=\"hidden\" id=\"audio_nonce\" value=\"62ca87eee3\">","protected":false},"excerpt":{"rendered":"<p>CACB prop\u00f5e que a medida contemple n\u00e3o apenas os MEIs, mas tamb\u00e9m micro e pequenas empresas; segundo a entidade, a amplia\u00e7\u00e3o poderia gerar 869 mil empregos<\/p>\n","protected":false},"author":1,"featured_media":50880,"comment_status":"open","ping_status":"open","sticky":false,"template":"","format":"standard","meta":{"fifu_image_url":"","fifu_image_alt":"","footnotes":""},"categories":[50],"tags":[],"class_list":["post-50879","post","type-post","status-publish","format-standard","has-post-thumbnail","hentry","category-politica"],"distributor_meta":false,"distributor_terms":false,"distributor_media":false,"distributor_original_site_name":"Noticias em Destaque","distributor_original_site_url":"https:\/\/noticiasdestaque.com.br","push-errors":false,"_links":{"self":[{"href":"https:\/\/noticiasdestaque.com.br\/index.php\/wp-json\/wp\/v2\/posts\/50879","targetHints":{"allow":["GET"]}}],"collection":[{"href":"https:\/\/noticiasdestaque.com.br\/index.php\/wp-json\/wp\/v2\/posts"}],"about":[{"href":"https:\/\/noticiasdestaque.com.br\/index.php\/wp-json\/wp\/v2\/types\/post"}],"author":[{"embeddable":true,"href":"https:\/\/noticiasdestaque.com.br\/index.php\/wp-json\/wp\/v2\/users\/1"}],"replies":[{"embeddable":true,"href":"https:\/\/noticiasdestaque.com.br\/index.php\/wp-json\/wp\/v2\/comments?post=50879"}],"version-history":[{"count":0,"href":"https:\/\/noticiasdestaque.com.br\/index.php\/wp-json\/wp\/v2\/posts\/50879\/revisions"}],"wp:featuredmedia":[{"embeddable":true,"href":"https:\/\/noticiasdestaque.com.br\/index.php\/wp-json\/wp\/v2\/media\/50880"}],"wp:attachment":[{"href":"https:\/\/noticiasdestaque.com.br\/index.php\/wp-json\/wp\/v2\/media?parent=50879"}],"wp:term":[{"taxonomy":"category","embeddable":true,"href":"https:\/\/noticiasdestaque.com.br\/index.php\/wp-json\/wp\/v2\/categories?post=50879"},{"taxonomy":"post_tag","embeddable":true,"href":"https:\/\/noticiasdestaque.com.br\/index.php\/wp-json\/wp\/v2\/tags?post=50879"}],"curies":[{"name":"wp","href":"https:\/\/api.w.org\/{rel}","templated":true}]}}