{"id":50877,"date":"2026-03-19T04:25:00","date_gmt":"2026-03-19T07:25:00","guid":{"rendered":"https:\/\/noticiasdestaque.com.br\/index.php\/2026\/03\/19\/congresso-promulga-acordo-mercosul-uniao-europeia-veja-principais-pontos\/"},"modified":"2026-03-19T04:25:00","modified_gmt":"2026-03-19T07:25:00","slug":"congresso-promulga-acordo-mercosul-uniao-europeia-veja-principais-pontos","status":"publish","type":"post","link":"https:\/\/noticiasdestaque.com.br\/index.php\/2026\/03\/19\/congresso-promulga-acordo-mercosul-uniao-europeia-veja-principais-pontos\/","title":{"rendered":"Congresso promulga Acordo Mercosul-Uni\u00e3o Europeia: veja principais pontos"},"content":{"rendered":"<p>\t\t\t\t\t\t\t\t\t\t\t<audio controls class=\"b61_audio_player\" data-noticia=\"88402\" src=\"https:\/\/brasil61.com\/rails\/active_storage\/blobs\/eyJfcmFpbHMiOnsibWVzc2FnZSI6IkJBaHBBNXdHQkE9PSIsImV4cCI6bnVsbCwicHVyIjoiYmxvYl9pZCJ9fQ==--0bce24f1db8dce08a5632b6598c93c4e2b4365d0\/BRAS2616080A\"><\/audio><\/p>\n<p>O <strong>Congresso Nacional promulgou<\/strong>, na ter\u00e7a-feira (17), o <a href=\"https:\/\/legis.senado.leg.br\/sdleg-getter\/documento?dm=10172919&amp;ts=1773783138831&amp;disposition=inline\">Decreto Legislativo 14<\/a>, de 2026, que <strong>oficializa o Acordo Provis\u00f3rio de Com\u00e9rcio entre o Mercosul e a Uni\u00e3o Europeia<\/strong>. A promulga\u00e7\u00e3o <strong>confirma a ades\u00e3o do Brasil ao acordo, que prev\u00ea redu\u00e7\u00e3o ou elimina\u00e7\u00e3o gradual de tarifas de importa\u00e7\u00e3o e exporta\u00e7\u00e3o entre os dois blocos econ\u00f4micos<\/strong>.<\/p>\n<p>Durante a cerim\u00f4nia, em sess\u00e3o solene, parlamentares e ministros de Estado <strong>destacaram o significado da ratifica\u00e7\u00e3o do tratado<\/strong> \u2014 que\u00a0esteve em negocia\u00e7\u00f5es junto \u00e0 Uni\u00e3o Europeia por mais de 25 anos \u2014, <strong>especialmente no contexto atual de instabilidade no cen\u00e1rio internacional.<\/strong>\u00a0<\/p>\n<p>Agora, a <strong>entrada em vigor do acordo depende da comunica\u00e7\u00e3o da ratifica\u00e7\u00e3o do texto entre ambas as partes<\/strong>. Durante a cerim\u00f4nia, o <strong>presidente da Comiss\u00e3o de Rela\u00e7\u00f5es Exteriores (CRE) do Senado, senador Nelsinho Trad (PSD-MS),<\/strong> <strong>prometeu, junto dos parceiros do Brasil no Mercosul, notificar formalmente a Uni\u00e3o Europeia em breve para demonstrar o fim do processo legislativo<\/strong> e para que o acordo possa entrar em vigor ainda nos pr\u00f3ximos meses.\u00a0<\/p>\n<p>A <strong>Comiss\u00e3o Europeia anunciou, em 27 de fevereiro, que o bloco iniciaria a aplica\u00e7\u00e3o provis\u00f3ria dos termos comerciais<\/strong>, mesmo antes da ratifica\u00e7\u00e3o total por todos os parlamentos nacionais europeus.<\/p>\n<p>O <strong>relator do texto na C\u00e2mara<\/strong>, deputado Marcos Pereira (Republicanos-SP), <strong>disse esperar que o acordo produza resultados em at\u00e9 60 dias<\/strong>.\u00a0<\/p>\n<p>O presidente do Senado e do Congresso, Davi Alcolumbre (Uni\u00e3o-AP), o presidente da C\u00e2mara dos Deputados, Hugo Motta (Republicanos-PB), e o vice-presidente da Rep\u00fablica e ministro do Desenvolvimento, Ind\u00fastria, Com\u00e9rcio e Servi\u00e7os, Geraldo Alckmin (PSB-SP), discursaram durante a sess\u00e3o e <strong>refor\u00e7aram a import\u00e2ncia da aprova\u00e7\u00e3o do acordo<\/strong>. O ministro das Rela\u00e7\u00f5es Exteriores, embaixador Mauro Vieira, <strong>destacou a relev\u00e2ncia da assinatura, em um momento de \u201cforte fragmenta\u00e7\u00e3o da ordem internacional\u201d<\/strong>. Para ele, os <strong>benef\u00edcios do acordo v\u00e3o al\u00e9m dos econ\u00f4micos e comerciais<\/strong>.<\/p>\n<h2>Principais pontos do acordo<\/h2>\n<ol>\n<li><b>Redu\u00e7\u00e3o de tarifas alfandeg\u00e1rias<\/b>\n<ul>\n<li>Mercosul: zera tarifas para 91% dos bens europeus em at\u00e9 15 anos.<\/li>\n<li>Uni\u00e3o Europeia: elimina tarifas para 95% dos bens do Mercosul em 12 anos.<\/li>\n<\/ul>\n<\/li>\n<li><b>Imposto zero para ind\u00fastria<\/b><br \/>\n\tPassam a ter tarifa zero na UE assim que o acordo entrar em vigor, produtos do Mercosul dos setores:<\/p>\n<ul>\n<li>M\u00e1quinas e equipamentos<\/li>\n<li>Autom\u00f3veis e autope\u00e7as<\/li>\n<li>Produtos qu\u00edmicos<\/li>\n<li>Aeronaves e equipamentos de transporte<\/li>\n<\/ul>\n<\/li>\n<li><b>Produtos agr\u00edcolas sens\u00edveis<\/b>\n<ul>\n<li>Haver\u00e1 limites graduais de importa\u00e7\u00e3o, com imposto reduzido para produtos agr\u00edcolas do Mercosul, como carne bovina, frango, arroz, mel, a\u00e7\u00facar e etanol.<\/li>\n<\/ul>\n<\/li>\n<li><b>Salvaguardas agr\u00edcolas<\/b><br \/>\n\tA UE poder\u00e1 reintroduzir tarifas temporariamente se:<\/p>\n<ol>\n<li>Pre\u00e7os ficarem muito abaixo do mercado europeu.<\/li>\n<li>Importa\u00e7\u00f5es crescerem acima de limites definidos.<\/li>\n<\/ol>\n<\/li>\n<li><b>Compromissos ambientais<\/b>\n<ol>\n<li>Produtos beneficiados n\u00e3o poder\u00e3o estar ligados a desmatamento ilegal.<\/li>\n<li>O acordo pode ser suspenso em caso de viola\u00e7\u00e3o do Acordo de Paris.<\/li>\n<\/ol>\n<\/li>\n<li><b>Regras sanit\u00e1rias rigorosas<\/b>\n<ol>\n<li>A UE n\u00e3o flexibilizar\u00e1 padr\u00f5es sanit\u00e1rios e fitossanit\u00e1rios.<\/li>\n<\/ol>\n<\/li>\n<li><b>Com\u00e9rcio de servi\u00e7os e investimentos<\/b><br \/>\n\tRedu\u00e7\u00e3o de barreiras e de tratamento desigual a investidores estrangeiros, beneficiando setores como:<\/p>\n<ol>\n<li>Servi\u00e7os empresariais e financeiros<\/li>\n<li>Telecomunica\u00e7\u00f5es<\/li>\n<li>Transporte<\/li>\n<\/ol>\n<\/li>\n<li><b>Compras p\u00fablicas<\/b>\n<ol>\n<li>Empresas do Mercosul poder\u00e3o disputar licita\u00e7\u00f5es na UE.<\/li>\n<\/ol>\n<\/li>\n<li><b>Prote\u00e7\u00e3o \u00e0 propriedade intelectual<\/b>\n<ol>\n<li>Reconhecimento de cerca de 350 indica\u00e7\u00f5es geogr\u00e1ficas europeias (nomes de produtos ligados \u00e0 sua regi\u00e3o de origem).<\/li>\n<\/ol>\n<\/li>\n<li><b>Pequenas e m\u00e9dias empresas<\/b>\n<ol>\n<li>Redu\u00e7\u00e3o de custos e burocracia para pequenos exportadores.<\/li>\n<\/ol>\n<\/li>\n<\/ol>\n<p>\u00a0<\/p>\n<p>Com informa\u00e7\u00f5es da Ag\u00eancia Senado.<\/p>\n<p>\t\t\t\t\t\t\t\t\t\t<img loading=\"lazy\" decoding=\"async\" src=\"https:\/\/brasil61.com\/api\/v1\/serve_pixel\/17677\/88402\" alt=\"Pixel Brasil 61\" class=\"b61_pixel\" width=\"0\" height=\"0\"><\/p>\n<input type=\"hidden\" id=\"baseurl\" value=\"https:\/\/noticiasdestaque.com.br\"><input type=\"hidden\" id=\"audio_nonce\" value=\"62ca87eee3\">","protected":false},"excerpt":{"rendered":"<p>Promulga\u00e7\u00e3o oficializa ades\u00e3o do Brasil ao tratado; entrada em vigor depende da comunica\u00e7\u00e3o da ratifica\u00e7\u00e3o do texto pelas partes do acordo<\/p>\n","protected":false},"author":1,"featured_media":50878,"comment_status":"open","ping_status":"open","sticky":false,"template":"","format":"standard","meta":{"fifu_image_url":"","fifu_image_alt":"","footnotes":""},"categories":[50],"tags":[],"class_list":["post-50877","post","type-post","status-publish","format-standard","has-post-thumbnail","hentry","category-politica"],"distributor_meta":false,"distributor_terms":false,"distributor_media":false,"distributor_original_site_name":"Noticias em Destaque","distributor_original_site_url":"https:\/\/noticiasdestaque.com.br","push-errors":false,"_links":{"self":[{"href":"https:\/\/noticiasdestaque.com.br\/index.php\/wp-json\/wp\/v2\/posts\/50877","targetHints":{"allow":["GET"]}}],"collection":[{"href":"https:\/\/noticiasdestaque.com.br\/index.php\/wp-json\/wp\/v2\/posts"}],"about":[{"href":"https:\/\/noticiasdestaque.com.br\/index.php\/wp-json\/wp\/v2\/types\/post"}],"author":[{"embeddable":true,"href":"https:\/\/noticiasdestaque.com.br\/index.php\/wp-json\/wp\/v2\/users\/1"}],"replies":[{"embeddable":true,"href":"https:\/\/noticiasdestaque.com.br\/index.php\/wp-json\/wp\/v2\/comments?post=50877"}],"version-history":[{"count":0,"href":"https:\/\/noticiasdestaque.com.br\/index.php\/wp-json\/wp\/v2\/posts\/50877\/revisions"}],"wp:featuredmedia":[{"embeddable":true,"href":"https:\/\/noticiasdestaque.com.br\/index.php\/wp-json\/wp\/v2\/media\/50878"}],"wp:attachment":[{"href":"https:\/\/noticiasdestaque.com.br\/index.php\/wp-json\/wp\/v2\/media?parent=50877"}],"wp:term":[{"taxonomy":"category","embeddable":true,"href":"https:\/\/noticiasdestaque.com.br\/index.php\/wp-json\/wp\/v2\/categories?post=50877"},{"taxonomy":"post_tag","embeddable":true,"href":"https:\/\/noticiasdestaque.com.br\/index.php\/wp-json\/wp\/v2\/tags?post=50877"}],"curies":[{"name":"wp","href":"https:\/\/api.w.org\/{rel}","templated":true}]}}