{"id":50875,"date":"2026-03-19T04:35:00","date_gmt":"2026-03-19T07:35:00","guid":{"rendered":"https:\/\/noticiasdestaque.com.br\/index.php\/2026\/03\/19\/investimento-de-r-453-milhoes-impulsiona-acesso-de-jovens-ao-mercado-de-trabalho-em-goias\/"},"modified":"2026-03-20T22:37:09","modified_gmt":"2026-03-21T01:37:09","slug":"investimento-de-r-453-milhoes-impulsiona-acesso-de-jovens-ao-mercado-de-trabalho-em-goias","status":"publish","type":"post","link":"https:\/\/noticiasdestaque.com.br\/index.php\/2026\/03\/19\/investimento-de-r-453-milhoes-impulsiona-acesso-de-jovens-ao-mercado-de-trabalho-em-goias\/","title":{"rendered":"Investimento de R$ 453 milh\u00f5es impulsiona acesso de jovens ao mercado de trabalho em Goi\u00e1s"},"content":{"rendered":"<p>\t\t\t\t\t\t\t\t\t\t<audio controls class=\"b61_audio_player\" data-noticia=\"88410\" src=\"https:\/\/brasil61.com\/rails\/active_storage\/blobs\/eyJfcmFpbHMiOnsibWVzc2FnZSI6IkJBaHBBNUVHQkE9PSIsImV4cCI6bnVsbCwicHVyIjoiYmxvYl9pZCJ9fQ==--4d0682041013d215cf254d3e78e68c4558bbad72\/GVGO260015A\"><\/audio><\/p>\n<p><strong>Com investimento de R$ 453 milh\u00f5es desde 2021, o programa Aprendiz do Futuro j\u00e1 inseriu mais de 16 mil jovens no mercado de trabalho em Goi\u00e1s e ganhou nova etapa de expans\u00e3o nesta ter\u00e7a-feira (17), durante evento em Goi\u00e2nia.<\/strong><\/p>\n<p>Na cerim\u00f4nia, realizada no Centro de Conven\u00e7\u00f5es da capital, o governador Ronaldo Caiado defendeu a qualifica\u00e7\u00e3o profissional como instrumento de transforma\u00e7\u00e3o social. Segundo ele, a iniciativa tem ajudado a mudar a realidade de jovens em situa\u00e7\u00e3o de vulnerabilidade.<\/p>\n<p>\u201cVeja a resposta que temos hoje. Estamos mudando a vida deles, propiciando alternativa de serem respons\u00e1veis por suas pr\u00f3prias vidas. Isso me orgulha enormemente\u201d, comemorou o governador.<\/p>\n<p><strong>Entre 2021 e fevereiro de 2026, o programa contabilizou 16.397 participantes, dos quais cerca de 8,5 mil seguem ativos em todos os munic\u00edpios goianos. A proposta \u00e9 aliar forma\u00e7\u00e3o e capacita\u00e7\u00e3o profissional \u00e0 inser\u00e7\u00e3o no mercado de trabalho.<\/strong><\/p>\n<p>Ao comentar os resultados, Caiado afirmou que um dos legados de sua gest\u00e3o \u00e9 contribuir para transformar uma gera\u00e7\u00e3o que, segundo ele, \u201cantigamente dominada pelo narcotr\u00e1fico, se transformou em crian\u00e7as, adolescentes e jovens que deram ao estado o primeiro lugar no \u00cdndice de Desenvolvimento da Educa\u00e7\u00e3o B\u00e1sica (Ideb)\u201d, avaliou o chefe do Executivo Estadual.<\/p>\n<p>A primeira-dama e coordenadora do Goi\u00e1s Social, Gracinha Caiado, destacou que a iniciativa foi pensada para ampliar oportunidades. \u201cNosso objetivo sempre foi esse, que o Aprendiz do Futuro n\u00e3o seja apenas um programa e sim uma verdadeira ponte para a vaga de emprego, romper o ciclo de vulnerabilidade\u201d, garantiu.<\/p>\n<p>O vice-governador Daniel Vilela ressaltou a import\u00e2ncia da experi\u00eancia profissional na juventude. \u201cEmpregamos todo esfor\u00e7o para que possam desenvolver compet\u00eancias que v\u00e3o ser importantes no futuro profissional para voc\u00eas. \u00c9 importante que voc\u00eas cheguem \u00e0 faculdade mais experientes, mais preparados e com habilidades que v\u00e3o facilitar o encaminhamento da sua atividade profissional\u201d, concluiu.<\/p>\n<p><strong>VEJA MAIS:<\/strong><\/p>\n<ul>\n<li><a href=\"https:\/\/brasil61.com\/n\/goias-lanca-operacao-integrada-e-ferramenta-de-ia-para-prevenir-feminicidio-gvgo260014\" target=\"_blank\">Goi\u00e1s lan\u00e7a opera\u00e7\u00e3o integrada e ferramenta de IA para prevenir feminic\u00eddio<\/a><\/li>\n<li><a href=\"https:\/\/brasil61.com\/n\/crescimento-economico-de-goias-supera-a-media-nacional-e-ocupa-a-lideranca-entre-os-estados-gvgo260011\">Crescimento econ\u00f4mico de Goi\u00e1s supera a m\u00e9dia nacional e ocupa a lideran\u00e7a entre os estados<\/a><\/li>\n<\/ul>\n<p>O secret\u00e1rio de Desenvolvimento Social, Wellington Matos, enfatizou a condu\u00e7\u00e3o t\u00e9cnica do programa e sua presen\u00e7a em todos os munic\u00edpios goianos. \u201cAproveitem cada porta que se abre. Come\u00e7a aqui um caminho que pode levar voc\u00eas a lugares que nem imaginam, porque, quando o aprendizado \u00e9 estimulado, acontece a transforma\u00e7\u00e3o de uma vida inteira\u201d, incentivou.<\/p>\n<p>J\u00e1 o diretor-executivo da Dem\u00e0, entidade parceira na execu\u00e7\u00e3o do programa, Juan Moreno, destacou o alcance da iniciativa. \u201cEsta a\u00e7\u00e3o \u00e9 muito mais que oportunidade de trabalho e renda. Ela transforma vidas, realiza sonhos\u201d, garantiu.<\/p>\n<h2>Novas parcerias<\/h2>\n<p>Durante o evento, foram firmadas tr\u00eas parcerias para ampliar a inser\u00e7\u00e3o dos jovens no mercado de trabalho:<\/p>\n<ul>\n<li>acordo entre a Secretaria de Desenvolvimento Social e a empresa Tahto, com previs\u00e3o de contrata\u00e7\u00e3o de at\u00e9 720 participantes;<\/li>\n<li>parceria com o Tribunal de Justi\u00e7a de Goi\u00e1s (TJ-GO), para a contrata\u00e7\u00e3o de 70 jovens no programa Jovens de Excel\u00eancia, na comarca de Goi\u00e2nia;<\/li>\n<li>protocolo de inten\u00e7\u00f5es com a Adial, que prev\u00ea encaminhamento para vagas em empresas associadas.<\/li>\n<\/ul>\n<p>O presidente do TJ-GO, Leandro Crispim, incentivou os participantes a aproveitarem as oportunidades. \u201cAproveitem todas as oportunidades. O futuro de Goi\u00e1s ser\u00e1 constru\u00eddo pela intelig\u00eancia, pela dedica\u00e7\u00e3o e pelo talento de jovens que hoje est\u00e3o sentados neste audit\u00f3rio. Tenho por certo que entre as muitas decis\u00f5es que o estado pode tomar, poucas v\u00e3o ter efeito t\u00e3o duradouro quanto garantir que jovens tenham acesso real a espa\u00e7o de forma\u00e7\u00e3o e trabalho\u201d, avaliou.<\/p>\n<h2>Experi\u00eancias internacionais<\/h2>\n<p><strong>A programa\u00e7\u00e3o tamb\u00e9m incluiu relatos de estudantes que participaram de interc\u00e2mbios promovidos pelo governo estadual entre 2022 e 2025, com passagens por cidades como Barcelona, Lisboa, Bruxelas, Paris, Genebra, Lausanne, Londres e Oxford.<\/strong><\/p>\n<p>Um dos depoimentos foi do jovem Jo\u00e3o Victor Gon\u00e7alves, de S\u00e3o Lu\u00eds de Montes Belos, que descreveu o impacto da experi\u00eancia internacional. \u201cEssa viagem mudou minha vida. Vi que era poss\u00edvel conquistar sonhos que pareciam imposs\u00edveis e isso me motivou a buscar novos desafios. Me potencializei e estudei mais. Hoje fa\u00e7o o curso de medicina veterin\u00e1ria na Universidade Estadual de Goi\u00e1s (UEG)\u201d, celebrou.<br \/>\n\u00a0<\/p>\n<p>\t\t\t\t\t\t\t\t\t<img loading=\"lazy\" decoding=\"async\" src=\"https:\/\/brasil61.com\/api\/v1\/serve_pixel\/17677\/88410\" alt=\"Pixel Brasil 61\" class=\"b61_pixel\" width=\"0\" height=\"0\"><\/p>\n<input type=\"hidden\" id=\"baseurl\" value=\"https:\/\/noticiasdestaque.com.br\"><input type=\"hidden\" id=\"audio_nonce\" value=\"62ca87eee3\">","protected":false},"excerpt":{"rendered":"<p>Programa Aprendiz do Futuro combina capacita\u00e7\u00e3o profissional e emprego em todos os munic\u00edpios do estado<\/p>\n","protected":false},"author":1,"featured_media":50938,"comment_status":"open","ping_status":"open","sticky":false,"template":"","format":"standard","meta":{"fifu_image_url":"","fifu_image_alt":"","footnotes":""},"categories":[59],"tags":[],"class_list":["post-50875","post","type-post","status-publish","format-standard","has-post-thumbnail","hentry","category-economia"],"distributor_meta":false,"distributor_terms":false,"distributor_media":false,"distributor_original_site_name":"Noticias em Destaque","distributor_original_site_url":"https:\/\/noticiasdestaque.com.br","push-errors":false,"_links":{"self":[{"href":"https:\/\/noticiasdestaque.com.br\/index.php\/wp-json\/wp\/v2\/posts\/50875","targetHints":{"allow":["GET"]}}],"collection":[{"href":"https:\/\/noticiasdestaque.com.br\/index.php\/wp-json\/wp\/v2\/posts"}],"about":[{"href":"https:\/\/noticiasdestaque.com.br\/index.php\/wp-json\/wp\/v2\/types\/post"}],"author":[{"embeddable":true,"href":"https:\/\/noticiasdestaque.com.br\/index.php\/wp-json\/wp\/v2\/users\/1"}],"replies":[{"embeddable":true,"href":"https:\/\/noticiasdestaque.com.br\/index.php\/wp-json\/wp\/v2\/comments?post=50875"}],"version-history":[{"count":1,"href":"https:\/\/noticiasdestaque.com.br\/index.php\/wp-json\/wp\/v2\/posts\/50875\/revisions"}],"predecessor-version":[{"id":50891,"href":"https:\/\/noticiasdestaque.com.br\/index.php\/wp-json\/wp\/v2\/posts\/50875\/revisions\/50891"}],"wp:featuredmedia":[{"embeddable":true,"href":"https:\/\/noticiasdestaque.com.br\/index.php\/wp-json\/wp\/v2\/media\/50938"}],"wp:attachment":[{"href":"https:\/\/noticiasdestaque.com.br\/index.php\/wp-json\/wp\/v2\/media?parent=50875"}],"wp:term":[{"taxonomy":"category","embeddable":true,"href":"https:\/\/noticiasdestaque.com.br\/index.php\/wp-json\/wp\/v2\/categories?post=50875"},{"taxonomy":"post_tag","embeddable":true,"href":"https:\/\/noticiasdestaque.com.br\/index.php\/wp-json\/wp\/v2\/tags?post=50875"}],"curies":[{"name":"wp","href":"https:\/\/api.w.org\/{rel}","templated":true}]}}