{"id":5084,"date":"2023-02-09T06:19:35","date_gmt":"2023-02-09T09:19:35","guid":{"rendered":"https:\/\/noticiasdestaque.com.br\/?p=5084"},"modified":"2023-02-09T06:26:40","modified_gmt":"2023-02-09T09:26:40","slug":"matheus-aleixo-empresario-inaugura-fabrica-de-baterias","status":"publish","type":"post","link":"https:\/\/noticiasdestaque.com.br\/index.php\/2023\/02\/09\/matheus-aleixo-empresario-inaugura-fabrica-de-baterias\/","title":{"rendered":"Matheus Aleixo empres\u00e1rio inaugura f\u00e1brica de baterias"},"content":{"rendered":"\n<p>Guarde esse nome: Matheus Aleixo! Ele \u00e9 o empres\u00e1rio que aos 29 anos de idade administra 05 empresas de sucesso!<\/p>\n\n\n\n<figure class=\"wp-block-image size-large\"><img loading=\"lazy\" decoding=\"async\" width=\"512\" height=\"768\" src=\"https:\/\/noticiasdestaque.com.br\/wp-content\/uploads\/2023\/02\/foto-1.jpg\" alt=\"\" class=\"wp-image-5083\" srcset=\"https:\/\/noticiasdestaque.com.br\/wp-content\/uploads\/2023\/02\/foto-1.jpg 512w, https:\/\/noticiasdestaque.com.br\/wp-content\/uploads\/2023\/02\/foto-1-200x300.jpg 200w\" sizes=\"auto, (max-width: 512px) 100vw, 512px\" \/><figcaption class=\"wp-element-caption\">Foto Reprodu\u00e7\u00e3o <a href=\"https:\/\/www.pwassessoriadeimprensa.com.br\">PW-Assessoria de Imprensa<\/a> <\/figcaption><\/figure>\n\n\n\n<p>O presidente do Grupo Aleixo, det\u00e9m empresas em ramos variados, como os de auto pe\u00e7as, revenda de pneus, confec\u00e7\u00e3o de roupas, com\u00e9rcio varejista de roupas femininas e agora est\u00e1 investindo em novas atividades.<\/p>\n\n\n\n<p>Juntando as idades de todas as empresas, encontramos o equivalente a 30 anos em que algumas dessas empresas est\u00e3o atuando no mercado atualmente.<\/p>\n\n\n\n<h1 class=\"wp-block-heading\">Matheus Aleixo: empres\u00e1rio que aos 29 anos lidera 05 empresas de sucesso<\/h1>\n\n\n\n<p>Investir e atuar no ramo de Multimarcas \u00e9 contar com uma estrat\u00e9gia que visa mais de um tipo de mercado, visto que uma empresa, ou Grupo, produz e promove as suas mais diversas linhas de produtos e servi\u00e7os.<\/p>\n\n\n\n<p>Como estrat\u00e9gia \u00e9 um \u00f3timo investimento j\u00e1 que vivemos em um mundo globalizado e digital, onde todos t\u00eam acesso a ferramentas que ajudam muito a visualizar essas empresas, &nbsp; por meio da pr\u00e1tica de marketing, que sendo bem feito, transforma o acesso ao diversificado ramo de compra e venda atualmente.<\/p>\n\n\n\n<p>Em novembro, o empres\u00e1rio inaugura uma f\u00e1brica de baterias para ve\u00edculos e caminh\u00f5es e tem na empresa de revenda de pneus,&nbsp; um sucesso reconhecido que os mant\u00e9m no Top 10 de vendas de pneus de passeio no Brasil,&nbsp;<\/p>\n\n\n\n<p>Essa nova f\u00e1brica de baterias ser\u00e1 sediada na cidade de Sabar\u00e1 \u2013 MG e ser\u00e1 inaugurada em abril de 2023, como j\u00e1 explicado, o que tamb\u00e9m proporcionar\u00e1 para a cidade e seus habitantes mais vantagens e benef\u00edcios..<\/p>\n\n\n\n<p>Empresa essa que gerar\u00e1, a princ\u00edpio, 100 novos empregos diretos com a expectativa crescimento, nos pr\u00f3ximos 02 anos, responsabilizando-se por 30% de charge no mercado de baterias de Minas Gerais.<\/p>\n\n\n\n<h2 class=\"wp-block-heading\">Grupo Aleixo&nbsp;<\/h2>\n\n\n\n<p>Sediado em Belo Horizonte, o grupo Aleixo possui um conglomerado de empresas que atuam em quatro ramos diferentes no mercado, fazendo o lan\u00e7amento do quinto ramo e que tem tudo para dar certo.<\/p>\n\n\n\n<p>Neste conglomerado, existem empresas com 30 anos no mercado, mostrando o quanto a uni\u00e3o do Grupo Aleixo fortalece-se e est\u00e1 ficando cada vez mais forte e firme no mercado.<\/p>\n\n\n\n<p>\u201cNo momento estamos come\u00e7ando um novo ramo dentro do nosso grupo, que envolve o mercado de auto pe\u00e7as, atrav\u00e9s da revenda de pneus, mas dentro do nosso grupo temos os ramos de confec\u00e7\u00e3o de roupas varejistas femininas, por exemplo, mas em novembro, firmamo-nos no mercado com a fabrica\u00e7\u00e3o de bateria para ve\u00edculos, incluindo caminh\u00f5es.\u201d Explica-nos Matheus Aleixo.<\/p>\n\n\n\n<p>A empres\u00e1rio que aos 29 anos administra 05 empresas de forma bem sucedida, nos explica abaixo:<\/p>\n\n\n\n<p>Al\u00e9m disso, o crescimento do grupo nos \u00faltimos 2 anos foi de 350% em faturamento Bruto, o que tem surpreendido muito os mercados onde atuam.<\/p>\n\n\n\n<p>Com uma empresa bem estruturada e forte no mercado, Matheus Aleixo, o empres\u00e1rio de 29 anos, que lidera 05 empresas de sucesso, que tem crescido e contribu\u00eddo com a sociedade em que est\u00e1 inserido, apesar da pouca idade, fazendo diferen\u00e7a na vida de muitas pessoas.<\/p>\n\n\n\n<p>Em tempos de crises e recome\u00e7os, ap\u00f3s um per\u00edodo deprimente de pandemia, novos horizontes surgem para aqueles que t\u00eam se esfor\u00e7ado para fazer diferente e tornar o ramo de compra e venda mais competitivo e com produtos de \u00f3tima qualidade.<\/p>\n\n\n\n<figure class=\"wp-block-image size-large\"><img loading=\"lazy\" decoding=\"async\" width=\"300\" height=\"200\" src=\"https:\/\/noticiasdestaque.com.br\/wp-content\/uploads\/2023\/02\/foto-3-300x200.jpg\" alt=\"\" class=\"wp-image-5082\" srcset=\"https:\/\/noticiasdestaque.com.br\/wp-content\/uploads\/2023\/02\/foto-3-300x200.jpg 300w, https:\/\/noticiasdestaque.com.br\/wp-content\/uploads\/2023\/02\/foto-3-768x512.jpg 768w, https:\/\/noticiasdestaque.com.br\/wp-content\/uploads\/2023\/02\/foto-3-750x500.jpg 750w, https:\/\/noticiasdestaque.com.br\/wp-content\/uploads\/2023\/02\/foto-3.jpg 1024w\" sizes=\"auto, (max-width: 300px) 100vw, 300px\" \/><\/figure>\n<input type=\"hidden\" id=\"baseurl\" value=\"https:\/\/noticiasdestaque.com.br\"><input type=\"hidden\" id=\"audio_nonce\" value=\"eb7638fb71\">","protected":false},"excerpt":{"rendered":"<p>Guarde esse nome: Matheus Aleixo! Ele \u00e9 o empres\u00e1rio que aos 29 anos de idade administra 05 empresas de sucesso! O presidente do Grupo Aleixo, det\u00e9m empresas em ramos variados, como os de auto pe\u00e7as, revenda de pneus, confec\u00e7\u00e3o de roupas, com\u00e9rcio varejista de roupas femininas e agora est\u00e1 investindo em novas atividades. Juntando as [&hellip;]<\/p>\n","protected":false},"author":1,"featured_media":0,"comment_status":"open","ping_status":"open","sticky":false,"template":"","format":"standard","meta":{"fifu_image_url":"","fifu_image_alt":"","footnotes":""},"categories":[49],"tags":[93,92],"class_list":["post-5084","post","type-post","status-publish","format-standard","hentry","category-negocios","tag-grupo-aleixo","tag-matheus-aleixo"],"distributor_meta":false,"distributor_terms":false,"distributor_media":false,"distributor_original_site_name":"Noticias em Destaque","distributor_original_site_url":"https:\/\/noticiasdestaque.com.br","push-errors":false,"_links":{"self":[{"href":"https:\/\/noticiasdestaque.com.br\/index.php\/wp-json\/wp\/v2\/posts\/5084","targetHints":{"allow":["GET"]}}],"collection":[{"href":"https:\/\/noticiasdestaque.com.br\/index.php\/wp-json\/wp\/v2\/posts"}],"about":[{"href":"https:\/\/noticiasdestaque.com.br\/index.php\/wp-json\/wp\/v2\/types\/post"}],"author":[{"embeddable":true,"href":"https:\/\/noticiasdestaque.com.br\/index.php\/wp-json\/wp\/v2\/users\/1"}],"replies":[{"embeddable":true,"href":"https:\/\/noticiasdestaque.com.br\/index.php\/wp-json\/wp\/v2\/comments?post=5084"}],"version-history":[{"count":2,"href":"https:\/\/noticiasdestaque.com.br\/index.php\/wp-json\/wp\/v2\/posts\/5084\/revisions"}],"predecessor-version":[{"id":5087,"href":"https:\/\/noticiasdestaque.com.br\/index.php\/wp-json\/wp\/v2\/posts\/5084\/revisions\/5087"}],"wp:attachment":[{"href":"https:\/\/noticiasdestaque.com.br\/index.php\/wp-json\/wp\/v2\/media?parent=5084"}],"wp:term":[{"taxonomy":"category","embeddable":true,"href":"https:\/\/noticiasdestaque.com.br\/index.php\/wp-json\/wp\/v2\/categories?post=5084"},{"taxonomy":"post_tag","embeddable":true,"href":"https:\/\/noticiasdestaque.com.br\/index.php\/wp-json\/wp\/v2\/tags?post=5084"}],"curies":[{"name":"wp","href":"https:\/\/api.w.org\/{rel}","templated":true}]}}