{"id":50831,"date":"2026-03-17T04:55:00","date_gmt":"2026-03-17T07:55:00","guid":{"rendered":"https:\/\/noticiasdestaque.com.br\/index.php\/2026\/03\/17\/nao-e-uma-pec-que-vai-definir-a-jornada-de-trabalho-afirma-deputado-federal-do-rj\/"},"modified":"2026-03-17T04:55:00","modified_gmt":"2026-03-17T07:55:00","slug":"nao-e-uma-pec-que-vai-definir-a-jornada-de-trabalho-afirma-deputado-federal-do-rj","status":"publish","type":"post","link":"https:\/\/noticiasdestaque.com.br\/index.php\/2026\/03\/17\/nao-e-uma-pec-que-vai-definir-a-jornada-de-trabalho-afirma-deputado-federal-do-rj\/","title":{"rendered":"\u201cN\u00e3o \u00e9 uma PEC que vai definir a jornada de trabalho\u201d, afirma deputado federal do RJ"},"content":{"rendered":"<p>\t\t\t\t\t\t\t\t\t\t\t<audio controls class=\"b61_audio_player\" data-noticia=\"88352\" src=\"https:\/\/brasil61.com\/rails\/active_storage\/blobs\/eyJfcmFpbHMiOnsibWVzc2FnZSI6IkJBaHBBOGdGQkE9PSIsImV4cCI6bnVsbCwicHVyIjoiYmxvYl9pZCJ9fQ==--56e605949e306a469105301abcd084c377ed322b\/CACB260138A\"><\/audio><\/p>\n<p>O debate sobre o fim da escala 6&#215;1 \u2013 modelo em que o trabalhador atua seis dias consecutivos e descansa um \u2013 voltou \u00e0 pauta do Congresso Nacional e mobiliza parlamentares, entidades empresariais e representantes do mercado de trabalho. Defendida por parte dos parlamentares como forma de ampliar a qualidade de vida dos trabalhadores, a proposta tamb\u00e9m levanta questionamentos sobre poss\u00edveis impactos econ\u00f4micos e operacionais para empresas de diferentes setores.<\/p>\n<p>Nos \u00faltimos meses, projetos de lei, declara\u00e7\u00f5es p\u00fablicas e discuss\u00f5es em comiss\u00f5es parlamentares intensificaram o embate entre a busca por melhores condi\u00e7\u00f5es de trabalho e a preocupa\u00e7\u00e3o com a sustentabilidade das empresas, especialmente no com\u00e9rcio e no setor de servi\u00e7os, que dependem de funcionamento cont\u00ednuo e de escalas mais extensas.<\/p>\n<p>O tema tamb\u00e9m mobiliza representantes do estado do Rio de Janeiro no Congresso. Para o deputado federal Hugo Leal (PSD-RJ), o debate precisa considerar as mudan\u00e7as recentes no mercado de trabalho e defende que a discuss\u00e3o seja ampliada para al\u00e9m de uma proposta legislativa espec\u00edfica.<\/p>\n<p>\u201cO grande debate aqui \u00e9 sobre o novo mercado de trabalho e tudo que tem acontecido e que tem se apresentado na moderniza\u00e7\u00e3o do sistema dos contratos de trabalho e das rela\u00e7\u00f5es trabalhistas. Isso \u00e9 o mais importante. V\u00e1rias categorias j\u00e1 discutem jornadas diferenciadas e \u00e9 isso que n\u00f3s temos que fazer aqui. N\u00e3o \u00e9 uma PEC que vai definir como vai ser a jornada de trabalho. O que tem que ser definido \u00e9 um di\u00e1logo permanente com as institui\u00e7\u00f5es e com as entidades para discutir as rela\u00e7\u00f5es trabalhistas, os novos mercados de trabalho e as novas formas de contrato. Essa formata\u00e7\u00e3o \u00e9 muito mais cr\u00edvel, inteligente e d\u00e1 muito mais resultado\u201d, avaliou Leal.<\/p>\n<h2>Impactos da mudan\u00e7a para o mercado<\/h2>\n<p>A <a href=\"https:\/\/cacb.org.br\/\">Confedera\u00e7\u00e3o das Associa\u00e7\u00f5es Comerciais e Empresariais do Brasil (CACB) <\/a>acompanha com cautela o avan\u00e7o do debate e defende uma an\u00e1lise mais ampla antes de qualquer altera\u00e7\u00e3o no atual modelo de jornada de trabalho.<\/p>\n<p>A entidade alerta que uma mudan\u00e7a abrupta pode gerar impactos significativos para o mercado, como aumento de custos operacionais, necessidade de novas contrata\u00e7\u00f5es e redu\u00e7\u00e3o da margem de lucro das empresas. Em alguns casos, tamb\u00e9m h\u00e1 o risco de fechamento de vagas ou aumento da informalidade.<\/p>\n<p>A preocupa\u00e7\u00e3o \u00e9 ainda maior entre micro, pequenas e m\u00e9dias empresas, que possuem menor capacidade de absorver mudan\u00e7as repentinas na legisla\u00e7\u00e3o trabalhista.<\/p>\n<p>O presidente da CACB, Alfredo Cotait Neto, afirmou que qualquer decis\u00e3o precisa envolver diferentes setores da sociedade. \u201c\u00c9 importante chamar todos os setores da sociedade: empreendedores, trabalhadores, representantes dos trabalhadores e a sociedade civil organizada. Assim, podemos discutir uma mudan\u00e7a poss\u00edvel, que n\u00e3o prejudique os consumidores com infla\u00e7\u00e3o, nem os trabalhadores com queda nos empregos, nem os empres\u00e1rios com aumento de custos\u201d.<\/p>\n<p>A entidade tamb\u00e9m destaca que setores como com\u00e9rcio, turismo, alimenta\u00e7\u00e3o e servi\u00e7os essenciais podem ser diretamente afetados, j\u00e1 que funcionam com hor\u00e1rios estendidos e dependem de escalas para manter o atendimento ao p\u00fablico.<\/p>\n<h2>Qualidade de vida e reflexos na economia<\/h2>\n<p>Defensores do fim da escala 6&#215;1 argumentam que a mudan\u00e7a pode trazer ganhos \u00e0 sa\u00fade f\u00edsica e mental dos trabalhadores, al\u00e9m de melhorar o equil\u00edbrio entre vida profissional e vida pessoal.<\/p>\n<p>Por outro lado, especialistas apontam que os impactos sobre produtividade e economia podem variar de acordo com o setor, o porte das empresas e o modelo adotado para implementar eventuais mudan\u00e7as.<\/p>\n<p>Enquanto o tema segue em discuss\u00e3o no Congresso Nacional, a CACB refor\u00e7a que qualquer altera\u00e7\u00e3o na legisla\u00e7\u00e3o trabalhista precisa ser constru\u00edda com base em dados t\u00e9cnicos e di\u00e1logo entre governo, parlamentares, trabalhadores e empres\u00e1rios, buscando avan\u00e7os sociais sem comprometer a gera\u00e7\u00e3o de empregos e a competitividade das empresas brasileiras.<\/p>\n<p>\u00a0<\/p>\n<p>\t\t\t\t\t\t\t\t\t\t<img loading=\"lazy\" decoding=\"async\" src=\"https:\/\/brasil61.com\/api\/v1\/serve_pixel\/17677\/88352\" alt=\"Pixel Brasil 61\" class=\"b61_pixel\" width=\"0\" height=\"0\"><\/p>\n<input type=\"hidden\" id=\"baseurl\" value=\"https:\/\/noticiasdestaque.com.br\"><input type=\"hidden\" id=\"audio_nonce\" value=\"62ca87eee3\">","protected":false},"excerpt":{"rendered":"<p>Hugo Leal (PSD-RJ) defende debate mais amplo sobre rela\u00e7\u00f5es trabalhistas e novos contratos; para a Confedera\u00e7\u00e3o das Associa\u00e7\u00f5es Comerciais e Empresariais do Brasil (CACB), \u00e9 preciso ampliar an\u00e1lise antes de qualquer altera\u00e7\u00e3o <\/p>\n","protected":false},"author":1,"featured_media":50832,"comment_status":"open","ping_status":"open","sticky":false,"template":"","format":"standard","meta":{"fifu_image_url":"","fifu_image_alt":"","footnotes":""},"categories":[48],"tags":[],"class_list":["post-50831","post","type-post","status-publish","format-standard","has-post-thumbnail","hentry","category-mundo"],"distributor_meta":false,"distributor_terms":false,"distributor_media":false,"distributor_original_site_name":"Noticias em Destaque","distributor_original_site_url":"https:\/\/noticiasdestaque.com.br","push-errors":false,"_links":{"self":[{"href":"https:\/\/noticiasdestaque.com.br\/index.php\/wp-json\/wp\/v2\/posts\/50831","targetHints":{"allow":["GET"]}}],"collection":[{"href":"https:\/\/noticiasdestaque.com.br\/index.php\/wp-json\/wp\/v2\/posts"}],"about":[{"href":"https:\/\/noticiasdestaque.com.br\/index.php\/wp-json\/wp\/v2\/types\/post"}],"author":[{"embeddable":true,"href":"https:\/\/noticiasdestaque.com.br\/index.php\/wp-json\/wp\/v2\/users\/1"}],"replies":[{"embeddable":true,"href":"https:\/\/noticiasdestaque.com.br\/index.php\/wp-json\/wp\/v2\/comments?post=50831"}],"version-history":[{"count":0,"href":"https:\/\/noticiasdestaque.com.br\/index.php\/wp-json\/wp\/v2\/posts\/50831\/revisions"}],"wp:featuredmedia":[{"embeddable":true,"href":"https:\/\/noticiasdestaque.com.br\/index.php\/wp-json\/wp\/v2\/media\/50832"}],"wp:attachment":[{"href":"https:\/\/noticiasdestaque.com.br\/index.php\/wp-json\/wp\/v2\/media?parent=50831"}],"wp:term":[{"taxonomy":"category","embeddable":true,"href":"https:\/\/noticiasdestaque.com.br\/index.php\/wp-json\/wp\/v2\/categories?post=50831"},{"taxonomy":"post_tag","embeddable":true,"href":"https:\/\/noticiasdestaque.com.br\/index.php\/wp-json\/wp\/v2\/tags?post=50831"}],"curies":[{"name":"wp","href":"https:\/\/api.w.org\/{rel}","templated":true}]}}