{"id":50829,"date":"2026-03-17T04:45:00","date_gmt":"2026-03-17T07:45:00","guid":{"rendered":"https:\/\/noticiasdestaque.com.br\/index.php\/2026\/03\/17\/tv-publica-digital-chega-a-francisco-beltrao-pr-e-penapolis-sp\/"},"modified":"2026-03-17T04:45:00","modified_gmt":"2026-03-17T07:45:00","slug":"tv-publica-digital-chega-a-francisco-beltrao-pr-e-penapolis-sp","status":"publish","type":"post","link":"https:\/\/noticiasdestaque.com.br\/index.php\/2026\/03\/17\/tv-publica-digital-chega-a-francisco-beltrao-pr-e-penapolis-sp\/","title":{"rendered":"TV p\u00fablica digital chega a Francisco Beltr\u00e3o (PR) e Pen\u00e1polis (SP)"},"content":{"rendered":"<p>\t\t\t\t\t\t\t\t\t\t\t<audio controls class=\"b61_audio_player\" data-noticia=\"88362\" src=\"https:\/\/brasil61.com\/rails\/active_storage\/blobs\/eyJfcmFpbHMiOnsibWVzc2FnZSI6IkJBaHBBKzhGQkE9PSIsImV4cCI6bnVsbCwicHVyIjoiYmxvYl9pZCJ9fQ==--765ac8ebc60a02139b9e3e2c7bef79d571df960a\/MCOM260337A\"><\/audio><\/p>\n<p>O <a href=\"https:\/\/www.gov.br\/mcom\/pt-br\/acesso-a-informacao\/acoes-e-programas\/programas-projetos-acoes-obras-e-atividades\/brasil-digital\">Programa Brasil Digital<\/a>, coordenado pelo Minist\u00e9rio das Comunica\u00e7\u00f5es (<a href=\"https:\/\/www.gov.br\/mcom\/pt-br\">MCom<\/a>), contemplar\u00e1 os munic\u00edpios de<strong> Francisco Beltr\u00e3o<\/strong> (PR) e <strong>Pen\u00e1polis <\/strong>(SP). A iniciativa tem como objetivo <strong>ampliar o acesso \u00e0 TV p\u00fablica digital<\/strong> gratuita em diferentes regi\u00f5es do pa\u00eds.<\/p>\n<p>Com a expans\u00e3o, os moradores passam a contar, por meio dos sinais digitais da <a href=\"https:\/\/www2.camara.leg.br\/comunicacao\/rede-legislativa-radio-tv\">Rede Legislativa<\/a> e dos canais da Empresa Brasil de Comunica\u00e7\u00e3o (<a href=\"https:\/\/www.ebc.com.br\/\">EBC<\/a>), com mais op\u00e7\u00f5es de:<\/p>\n<ul>\n<li>informa\u00e7\u00e3o;<\/li>\n<li>cultura;<\/li>\n<li>lazer;<\/li>\n<li>entretenimento; e\u00a0<\/li>\n<li>presta\u00e7\u00e3o de servi\u00e7os.<\/li>\n<\/ul>\n<p>A medida prev\u00ea a instala\u00e7\u00e3o e doa\u00e7\u00e3o de equipamentos transmissores em parceria com universidades, c\u00e2maras municipais e assembleias legislativas. Al\u00e9m de ampliar o acesso \u00e0 informa\u00e7\u00e3o, abre <strong>espa\u00e7o para a veicula\u00e7\u00e3o de produ\u00e7\u00f5es locais<\/strong> e regionais.<\/p>\n<p>Segundo o ministro das Comunica\u00e7\u00f5es, Frederico de Siqueira Filho, \u201co Programa Brasil Digital fortalece a cidadania e aproxima a comunica\u00e7\u00e3o p\u00fablica das fam\u00edlias em todo o pa\u00eds\u201d.<\/p>\n<h2>Parcerias locais<\/h2>\n<p>Para executar o programa no Paran\u00e1, a pasta firmou contrato com a Universidade Estadual do Oeste do Paran\u00e1 (<a href=\"https:\/\/www.unioeste.br\/\">Unioeste<\/a>). J\u00e1 no estado de S\u00e3o Paulo, a parceria foi formalizada com a <a href=\"https:\/\/www.camaradepenapolis.sp.gov.br\/\">C\u00e2mara Municipal de Pen\u00e1polis<\/a>.<\/p>\n<p>De acordo com o Brasil Digital, as <strong>institui\u00e7\u00f5es devem disponibilizar espa\u00e7os para a instala\u00e7\u00e3o<\/strong> de esta\u00e7\u00f5es transmissoras, enquanto o MCom ser\u00e1 respons\u00e1vel pela infraestrutura.<\/p>\n<p><strong>VEJA MAIS:<\/strong><\/p>\n<ul>\n<li><a href=\"https:\/\/brasil61.com\/n\/brasil-conclui-desligamento-da-tv-analogica-e-libera-faixa-para-expansao-do-4g-mcom260334\">Brasil conclui desligamento da TV anal\u00f3gica e libera faixa para expans\u00e3o do 4G<\/a><\/li>\n<li><a href=\"https:\/\/brasil61.com\/n\/tv-3-0-investimento-de-r-40-mi-impulsiona-modernizacao-da-televisao-no-brasil-mcom260333\">TV 3.0: investimento de R$ 40 mi impulsiona moderniza\u00e7\u00e3o da televis\u00e3o no Brasil<\/a><\/li>\n<\/ul>\n<p>\t\t\t\t\t\t\t\t\t\t<img loading=\"lazy\" decoding=\"async\" src=\"https:\/\/brasil61.com\/api\/v1\/serve_pixel\/17677\/88362\" alt=\"Pixel Brasil 61\" class=\"b61_pixel\" width=\"0\" height=\"0\"><\/p>\n<input type=\"hidden\" id=\"baseurl\" value=\"https:\/\/noticiasdestaque.com.br\"><input type=\"hidden\" id=\"audio_nonce\" value=\"62ca87eee3\">","protected":false},"excerpt":{"rendered":"<p>Programa Brasil Digital, do MCom, amplia o acesso \u00e0 informa\u00e7\u00e3o por meio dos sinais da Rede Legislativa e dos canais da EBC<\/p>\n","protected":false},"author":1,"featured_media":50830,"comment_status":"open","ping_status":"open","sticky":false,"template":"","format":"standard","meta":{"fifu_image_url":"","fifu_image_alt":"","footnotes":""},"categories":[48],"tags":[],"class_list":["post-50829","post","type-post","status-publish","format-standard","has-post-thumbnail","hentry","category-mundo"],"distributor_meta":false,"distributor_terms":false,"distributor_media":false,"distributor_original_site_name":"Noticias em Destaque","distributor_original_site_url":"https:\/\/noticiasdestaque.com.br","push-errors":false,"_links":{"self":[{"href":"https:\/\/noticiasdestaque.com.br\/index.php\/wp-json\/wp\/v2\/posts\/50829","targetHints":{"allow":["GET"]}}],"collection":[{"href":"https:\/\/noticiasdestaque.com.br\/index.php\/wp-json\/wp\/v2\/posts"}],"about":[{"href":"https:\/\/noticiasdestaque.com.br\/index.php\/wp-json\/wp\/v2\/types\/post"}],"author":[{"embeddable":true,"href":"https:\/\/noticiasdestaque.com.br\/index.php\/wp-json\/wp\/v2\/users\/1"}],"replies":[{"embeddable":true,"href":"https:\/\/noticiasdestaque.com.br\/index.php\/wp-json\/wp\/v2\/comments?post=50829"}],"version-history":[{"count":0,"href":"https:\/\/noticiasdestaque.com.br\/index.php\/wp-json\/wp\/v2\/posts\/50829\/revisions"}],"wp:featuredmedia":[{"embeddable":true,"href":"https:\/\/noticiasdestaque.com.br\/index.php\/wp-json\/wp\/v2\/media\/50830"}],"wp:attachment":[{"href":"https:\/\/noticiasdestaque.com.br\/index.php\/wp-json\/wp\/v2\/media?parent=50829"}],"wp:term":[{"taxonomy":"category","embeddable":true,"href":"https:\/\/noticiasdestaque.com.br\/index.php\/wp-json\/wp\/v2\/categories?post=50829"},{"taxonomy":"post_tag","embeddable":true,"href":"https:\/\/noticiasdestaque.com.br\/index.php\/wp-json\/wp\/v2\/tags?post=50829"}],"curies":[{"name":"wp","href":"https:\/\/api.w.org\/{rel}","templated":true}]}}