{"id":50827,"date":"2026-03-17T04:45:00","date_gmt":"2026-03-17T07:45:00","guid":{"rendered":"https:\/\/noticiasdestaque.com.br\/index.php\/2026\/03\/17\/ceara-educativa-fm-86-7-amplia-dialogo-entre-comunidade-academica-e-sociedade\/"},"modified":"2026-03-17T04:45:00","modified_gmt":"2026-03-17T07:45:00","slug":"ceara-educativa-fm-86-7-amplia-dialogo-entre-comunidade-academica-e-sociedade","status":"publish","type":"post","link":"https:\/\/noticiasdestaque.com.br\/index.php\/2026\/03\/17\/ceara-educativa-fm-86-7-amplia-dialogo-entre-comunidade-academica-e-sociedade\/","title":{"rendered":"Cear\u00e1: Educativa FM 86.7 amplia di\u00e1logo entre comunidade acad\u00eamica e sociedade"},"content":{"rendered":"<p>\t\t\t\t\t\t\t\t\t\t\t<audio controls class=\"b61_audio_player\" data-noticia=\"88361\" src=\"https:\/\/brasil61.com\/rails\/active_storage\/blobs\/eyJfcmFpbHMiOnsibWVzc2FnZSI6IkJBaHBBKzRGQkE9PSIsImV4cCI6bnVsbCwicHVyIjoiYmxvYl9pZCJ9fQ==--a5ff635e09c6670226a99b7b6cadae5a90882903\/MCOM260336A\"><\/audio><\/p>\n<p>O estado do Cear\u00e1 conta com um <strong>novo canal de comunica\u00e7\u00e3o<\/strong>. A Educativa FM 86.7 \u2014 emissora criada em parceria entre a Empresa Brasil de Comunica\u00e7\u00e3o (<a href=\"https:\/\/www.ebc.com.br\/\">EBC<\/a>) e o Instituto Federal de Educa\u00e7\u00e3o, Ci\u00eancia e Tecnologia do Cear\u00e1 (<a href=\"https:\/\/portal.ifce.edu.br\/\">IFCE<\/a>) \u2014 ser\u00e1 um <strong>espa\u00e7o destinado ao di\u00e1logo entre a comunidade acad\u00eamica e a sociedade<\/strong>.\u00a0<\/p>\n<p>Com programa\u00e7\u00e3o voltada para educa\u00e7\u00e3o, ci\u00eancia, cultura, cidadania e valoriza\u00e7\u00e3o da produ\u00e7\u00e3o local, a grade da esta\u00e7\u00e3o re\u00fane:<\/p>\n<ul>\n<li>programas educativos e jornal\u00edsticos;<\/li>\n<li>debates e a\u00e7\u00f5es de divulga\u00e7\u00e3o cient\u00edfica;<\/li>\n<li>espa\u00e7os dedicados \u00e0 m\u00fasica brasileira; e<\/li>\n<li>parte dos conte\u00fados da R\u00e1dio MEC.<\/li>\n<\/ul>\n<p>Segundo o Minist\u00e9rio das Comunica\u00e7\u00f5es (<a href=\"https:\/\/www.gov.br\/mcom\/pt-br\">MCom<\/a>), o <strong>sinal FM deve alcan\u00e7ar cerca de 3,1 milh\u00f5es de habitantes<\/strong> em Fortaleza (CE) e em munic\u00edpios da Regi\u00e3o Metropolitana, entre eles:<\/p>\n<ul>\n<li>Aquiraz;<\/li>\n<li>Caucaia;<\/li>\n<li>Eus\u00e9bio;\u00a0<\/li>\n<li>Itaitinga;<\/li>\n<li>Maracana\u00fa;<\/li>\n<li>Maranguape; e\u00a0<\/li>\n<li>Pacatuba.<\/li>\n<\/ul>\n<p>Para o ministro das Comunica\u00e7\u00f5es, Frederico de Siqueira Filho, a<strong> medida democratiza a comunica\u00e7\u00e3o<\/strong>, \u201cpara que todo mundo possa ter acesso \u00e0 informa\u00e7\u00e3o correta, fidedigna.\u201d<\/p>\n<h2>Iniciativa<\/h2>\n<p>A iniciativa integra a expans\u00e3o da Rede Nacional de Comunica\u00e7\u00e3o P\u00fablica (<a href=\"https:\/\/rncp.ebc.com.br\/\">RNCP<\/a>) no estado, e refor\u00e7a a atua\u00e7\u00e3o da EBC no fortalecimento de r\u00e1dios educativas em parceria com institui\u00e7\u00f5es federais de ensino.<\/p>\n<p><b>VEJA MAIS:<\/b><\/p>\n<ul>\n<li><a href=\"https:\/\/brasil61.com\/n\/brasil-conclui-desligamento-da-tv-analogica-e-libera-faixa-para-expansao-do-4g-mcom260334\">Brasil conclui desligamento da TV anal\u00f3gica e libera faixa para expans\u00e3o do 4G<\/a><\/li>\n<li><a href=\"https:\/\/brasil61.com\/n\/tv-3-0-investimento-de-r-40-mi-impulsiona-modernizacao-da-televisao-no-brasil-mcom260333\">TV 3.0: investimento de R$ 40 mi impulsiona moderniza\u00e7\u00e3o da televis\u00e3o no Brasil<\/a><\/li>\n<\/ul>\n<p>\t\t\t\t\t\t\t\t\t\t<img loading=\"lazy\" decoding=\"async\" src=\"https:\/\/brasil61.com\/api\/v1\/serve_pixel\/17677\/88361\" alt=\"Pixel Brasil 61\" class=\"b61_pixel\" width=\"0\" height=\"0\"><\/p>\n<input type=\"hidden\" id=\"baseurl\" value=\"https:\/\/noticiasdestaque.com.br\"><input type=\"hidden\" id=\"audio_nonce\" value=\"62ca87eee3\">","protected":false},"excerpt":{"rendered":"<p>Nova emissora p\u00fablica, parceria entre EBC e IFCE, leva programa\u00e7\u00e3o educativa e cultural a mais de 3 milh\u00f5es de pessoas na Regi\u00e3o Metropolitana de Fortaleza<\/p>\n","protected":false},"author":1,"featured_media":50828,"comment_status":"open","ping_status":"open","sticky":false,"template":"","format":"standard","meta":{"fifu_image_url":"","fifu_image_alt":"","footnotes":""},"categories":[48],"tags":[],"class_list":["post-50827","post","type-post","status-publish","format-standard","has-post-thumbnail","hentry","category-mundo"],"distributor_meta":false,"distributor_terms":false,"distributor_media":false,"distributor_original_site_name":"Noticias em Destaque","distributor_original_site_url":"https:\/\/noticiasdestaque.com.br","push-errors":false,"_links":{"self":[{"href":"https:\/\/noticiasdestaque.com.br\/index.php\/wp-json\/wp\/v2\/posts\/50827","targetHints":{"allow":["GET"]}}],"collection":[{"href":"https:\/\/noticiasdestaque.com.br\/index.php\/wp-json\/wp\/v2\/posts"}],"about":[{"href":"https:\/\/noticiasdestaque.com.br\/index.php\/wp-json\/wp\/v2\/types\/post"}],"author":[{"embeddable":true,"href":"https:\/\/noticiasdestaque.com.br\/index.php\/wp-json\/wp\/v2\/users\/1"}],"replies":[{"embeddable":true,"href":"https:\/\/noticiasdestaque.com.br\/index.php\/wp-json\/wp\/v2\/comments?post=50827"}],"version-history":[{"count":0,"href":"https:\/\/noticiasdestaque.com.br\/index.php\/wp-json\/wp\/v2\/posts\/50827\/revisions"}],"wp:featuredmedia":[{"embeddable":true,"href":"https:\/\/noticiasdestaque.com.br\/index.php\/wp-json\/wp\/v2\/media\/50828"}],"wp:attachment":[{"href":"https:\/\/noticiasdestaque.com.br\/index.php\/wp-json\/wp\/v2\/media?parent=50827"}],"wp:term":[{"taxonomy":"category","embeddable":true,"href":"https:\/\/noticiasdestaque.com.br\/index.php\/wp-json\/wp\/v2\/categories?post=50827"},{"taxonomy":"post_tag","embeddable":true,"href":"https:\/\/noticiasdestaque.com.br\/index.php\/wp-json\/wp\/v2\/tags?post=50827"}],"curies":[{"name":"wp","href":"https:\/\/api.w.org\/{rel}","templated":true}]}}