{"id":50823,"date":"2026-03-17T04:45:00","date_gmt":"2026-03-17T07:45:00","guid":{"rendered":"https:\/\/noticiasdestaque.com.br\/index.php\/2026\/03\/17\/inclusao-digital-parceria-entre-ministerios-beneficia-mulheres-em-situacao-de-vulnerabilidade\/"},"modified":"2026-03-17T04:45:00","modified_gmt":"2026-03-17T07:45:00","slug":"inclusao-digital-parceria-entre-ministerios-beneficia-mulheres-em-situacao-de-vulnerabilidade","status":"publish","type":"post","link":"https:\/\/noticiasdestaque.com.br\/index.php\/2026\/03\/17\/inclusao-digital-parceria-entre-ministerios-beneficia-mulheres-em-situacao-de-vulnerabilidade\/","title":{"rendered":"Inclus\u00e3o digital: parceria entre minist\u00e9rios beneficia mulheres em situa\u00e7\u00e3o de vulnerabilidade"},"content":{"rendered":"<p>\t\t\t\t\t\t\t\t\t\t\t<audio controls class=\"b61_audio_player\" data-noticia=\"88351\" src=\"https:\/\/brasil61.com\/rails\/active_storage\/blobs\/eyJfcmFpbHMiOnsibWVzc2FnZSI6IkJBaHBBOFVGQkE9PSIsImV4cCI6bnVsbCwicHVyIjoiYmxvYl9pZCJ9fQ==--26f787b0f473f678c84134639882bf887efa3bf4\/MCOM260335A\"><\/audio><\/p>\n<p><strong>Mulheres<\/strong> brasileiras em <strong>situa\u00e7\u00e3o de vulnerabilidade social <\/strong>ser\u00e3o beneficiadas pelo <a href=\"https:\/\/www.gov.br\/mcom\/pt-br\/acesso-a-informacao\/acoes-e-programas\/programas-projetos-acoes-obras-e-atividades\/computadores-para-inclusao-1\">Programa Computadores para Inclus\u00e3o<\/a>, fruto de uma parceria entre os minist\u00e9rios das Comunica\u00e7\u00f5es (<a href=\"https:\/\/www.gov.br\/mcom\/pt-br\">MCom<\/a>) e das <a href=\"https:\/\/www.gov.br\/mulheres\/pt-br\">Mulheres<\/a>. A iniciativa, firmada por meio de um Acordo de Coopera\u00e7\u00e3o T\u00e9cnica (<a href=\"https:\/\/www.gov.br\/secretariageral\/pt-br\/acesso-a-informacao\/convenios-e-transferencias\/act#:~:text=Os%20Acordos%20de%20Coopera%C3%A7%C3%A3o%20T%C3%A9cnica%20(ACT)%20s%C3%A3o,de%20conhecimentos%2C%20experi%C3%AAncias%2C%20recursos%20humanos%20e%20materiais.\">ACT<\/a>), prev\u00ea a <strong>doa\u00e7\u00e3o de computadores recondicionados<\/strong> e a <strong>oferta de cursos de capacita\u00e7\u00e3o<\/strong> em tecnologia da informa\u00e7\u00e3o.<\/p>\n<p>O projeto busca <strong>levar tecnologia a aldeias ind\u00edgenas, territ\u00f3rios quilombolas, comunidades rurais e regi\u00f5es ribeirinhas<\/strong>, com o objetivo de ampliar o acesso feminino \u00e0s ferramentas e oportunidades da economia digital.<\/p>\n<p>Segundo o ministro das Comunica\u00e7\u00f5es, Frederico de Siqueira Filho, \u201cesse \u00e9 mais um passo para acelerar a inclus\u00e3o digital. O acordo vai contribuir para que a tecnologia chegue a quem mais precisa, transformando vidas e otimizando recursos p\u00fablicos\u201d.<\/p>\n<p>A ministra das Mulheres, M\u00e1rcia Lopes, destacou que a parceria \u201c\u00e9 um passo importante para reduzir desigualdades. A inclus\u00e3o digital \u00e9 uma ferramenta estrat\u00e9gica para fortalecer a autonomia das mulheres\u201d.<\/p>\n<h2>Responsabilidade dos minist\u00e9rios<\/h2>\n<p>A pasta das Mulheres ficar\u00e1 encarregada de <strong>mapear e indicar as \u00e1reas priorit\u00e1rias<\/strong> para a execu\u00e7\u00e3o do programa. Tamb\u00e9m atuar\u00e1 na <strong>produ\u00e7\u00e3o de indicadores voltados \u00e0 inclus\u00e3o digital e \u00e0 forma\u00e7\u00e3o profissional de mulheres<\/strong> em situa\u00e7\u00e3o de vulnerabilidade.<\/p>\n<p>J\u00e1 o MCom ser\u00e1<strong> respons\u00e1vel pelo recondicionamento dos equipamentos e pela log\u00edstica de entrega<\/strong>. Al\u00e9m disso, em parceria com os Centros de Recondicionamento de Computadores (<a href=\"https:\/\/antigo.mctic.gov.br\/mctic\/opencms\/comunicacao\/SETEL\/inclusao_digital\/CRCs\/CRCs.html?searchRef=crc&amp;tipoBusca=expressaoExata\">CRCs<\/a>) espalhados pelo pa\u00eds, oferecer\u00e1 cursos de inform\u00e1tica e capacita\u00e7\u00e3o digital \u00e0s comunidades contempladas.<\/p>\n<p><strong>VEJA MAIS:<\/strong><\/p>\n<ul>\n<li><a href=\"https:\/\/brasil61.com\/n\/carreta-digital-iniciativa-de-inclusao-tecnologica-capacita-quase-10-mil-jovens-em-dois-anos-mcom260205\">Carreta Digital: iniciativa de inclus\u00e3o tecnol\u00f3gica capacita quase 10 mil jovens em dois anos<\/a><\/li>\n<\/ul>\n<p>\t\t\t\t\t\t\t\t\t\t<img loading=\"lazy\" decoding=\"async\" src=\"https:\/\/brasil61.com\/api\/v1\/serve_pixel\/17677\/88351\" alt=\"Pixel Brasil 61\" class=\"b61_pixel\" width=\"0\" height=\"0\"><\/p>\n<input type=\"hidden\" id=\"baseurl\" value=\"https:\/\/noticiasdestaque.com.br\"><input type=\"hidden\" id=\"audio_nonce\" value=\"62ca87eee3\">","protected":false},"excerpt":{"rendered":"<p>Iniciativa do MCom e do Minist\u00e9rio das Mulheres prev\u00ea doa\u00e7\u00e3o de m\u00e1quinas recondicionadas e cursos de capacita\u00e7\u00e3o tecnol\u00f3gica<\/p>\n","protected":false},"author":1,"featured_media":50824,"comment_status":"open","ping_status":"open","sticky":false,"template":"","format":"standard","meta":{"fifu_image_url":"","fifu_image_alt":"","footnotes":""},"categories":[48],"tags":[],"class_list":["post-50823","post","type-post","status-publish","format-standard","has-post-thumbnail","hentry","category-mundo"],"distributor_meta":false,"distributor_terms":false,"distributor_media":false,"distributor_original_site_name":"Noticias em Destaque","distributor_original_site_url":"https:\/\/noticiasdestaque.com.br","push-errors":false,"_links":{"self":[{"href":"https:\/\/noticiasdestaque.com.br\/index.php\/wp-json\/wp\/v2\/posts\/50823","targetHints":{"allow":["GET"]}}],"collection":[{"href":"https:\/\/noticiasdestaque.com.br\/index.php\/wp-json\/wp\/v2\/posts"}],"about":[{"href":"https:\/\/noticiasdestaque.com.br\/index.php\/wp-json\/wp\/v2\/types\/post"}],"author":[{"embeddable":true,"href":"https:\/\/noticiasdestaque.com.br\/index.php\/wp-json\/wp\/v2\/users\/1"}],"replies":[{"embeddable":true,"href":"https:\/\/noticiasdestaque.com.br\/index.php\/wp-json\/wp\/v2\/comments?post=50823"}],"version-history":[{"count":0,"href":"https:\/\/noticiasdestaque.com.br\/index.php\/wp-json\/wp\/v2\/posts\/50823\/revisions"}],"wp:featuredmedia":[{"embeddable":true,"href":"https:\/\/noticiasdestaque.com.br\/index.php\/wp-json\/wp\/v2\/media\/50824"}],"wp:attachment":[{"href":"https:\/\/noticiasdestaque.com.br\/index.php\/wp-json\/wp\/v2\/media?parent=50823"}],"wp:term":[{"taxonomy":"category","embeddable":true,"href":"https:\/\/noticiasdestaque.com.br\/index.php\/wp-json\/wp\/v2\/categories?post=50823"},{"taxonomy":"post_tag","embeddable":true,"href":"https:\/\/noticiasdestaque.com.br\/index.php\/wp-json\/wp\/v2\/tags?post=50823"}],"curies":[{"name":"wp","href":"https:\/\/api.w.org\/{rel}","templated":true}]}}