{"id":50821,"date":"2026-03-17T04:25:00","date_gmt":"2026-03-17T07:25:00","guid":{"rendered":"https:\/\/noticiasdestaque.com.br\/index.php\/2026\/03\/17\/receita-abre-prazo-do-imposto-de-renda-2026-a-partir-de-23-de-marco-confira-regras\/"},"modified":"2026-03-17T04:25:00","modified_gmt":"2026-03-17T07:25:00","slug":"receita-abre-prazo-do-imposto-de-renda-2026-a-partir-de-23-de-marco-confira-regras","status":"publish","type":"post","link":"https:\/\/noticiasdestaque.com.br\/index.php\/2026\/03\/17\/receita-abre-prazo-do-imposto-de-renda-2026-a-partir-de-23-de-marco-confira-regras\/","title":{"rendered":"Receita abre prazo do Imposto de Renda 2026 a partir de 23 de mar\u00e7o; confira regras"},"content":{"rendered":"<p>\t\t\t\t\t\t\t\t\t\t\t<audio controls class=\"b61_audio_player\" data-noticia=\"88355\" src=\"https:\/\/brasil61.com\/rails\/active_storage\/blobs\/eyJfcmFpbHMiOnsibWVzc2FnZSI6IkJBaHBBK1FGQkE9PSIsImV4cCI6bnVsbCwicHVyIjoiYmxvYl9pZCJ9fQ==--7432984971c7b1543fccdf4030dc3cc963494958\/BRAS2616067A\"><\/audio><\/p>\n<p>\u00a0<\/p>\n<\/p>\n<p>A <a href=\"https:\/\/www.gov.br\/receitafederal\/pt-br\">Receita Federal<\/a> do Brasil apresentou, nesta segunda-feira (16), as regras para a entrega da Declara\u00e7\u00e3o de Ajuste Anual do Imposto de Renda da Pessoa F\u00edsica (IRPF) 2026, referente ao ano-calend\u00e1rio 2025. O prazo para envio da declara\u00e7\u00e3o come\u00e7a em <strong>23 de mar\u00e7o<\/strong> e vai at\u00e9 <strong>29 de maio<\/strong>.<\/p>\n<p>O programa para preenchimento da declara\u00e7\u00e3o estar\u00e1 dispon\u00edvel a partir desta sexta-feira (20). J\u00e1 a transmiss\u00e3o das informa\u00e7\u00f5es s\u00f3 poder\u00e1 ser feita a partir do in\u00edcio do prazo oficial de entrega.<\/p>\n<p>A expectativa da Receita \u00e9 receber cerca de <strong>44 milh\u00f5es de declara\u00e7\u00f5es <\/strong>neste ano. A orienta\u00e7\u00e3o \u00e9 que os contribuintes organizem os documentos com anteced\u00eancia para evitar erros ou atrasos.<\/p>\n<p>Entre as novidades, est\u00e1 a amplia\u00e7\u00e3o da<strong> declara\u00e7\u00e3o pr\u00e9-preenchida<\/strong>, que j\u00e1 estar\u00e1 dispon\u00edvel desde o in\u00edcio do prazo. O sistema passar\u00e1 a incluir novos dados, como informa\u00e7\u00f5es do<strong> eSocial de empregados dom\u00e9sticos<\/strong>, dados do imposto retido sobre renda vari\u00e1vel e recibos m\u00e9dicos digitais do sistema Receita Sa\u00fade.<\/p>\n<h2>Quem precisa declarar<\/h2>\n<p>Devem apresentar a declara\u00e7\u00e3o em 2026 os contribuintes que, em 2025:<\/p>\n<ul>\n<li>Receberam rendimentos tribut\u00e1veis acima de R$ 35.584;<\/li>\n<li>Obtiveram receita bruta da atividade rural superior a R$ 177.920;<\/li>\n<li>Receberam rendimentos isentos ou tributados exclusivamente na fonte acima de R$ 200 mil;<\/li>\n<li>Realizaram opera\u00e7\u00f5es em bolsa de valores acima de R$ 40 mil ou com ganho tribut\u00e1vel;<\/li>\n<li>Possu\u00edam, em 31 de dezembro de 2025, bens ou direitos acima de R$ 800 mil;<\/li>\n<li>Passaram \u00e0 condi\u00e7\u00e3o de residentes no Brasil durante 2025.<\/li>\n<\/ul>\n<p>Quem n\u00e3o entregar a declara\u00e7\u00e3o dentro do prazo est\u00e1 sujeito a<strong> multa m\u00ednima de R$ 165,74<\/strong>, que pode chegar a <strong>20% do imposto devido<\/strong>, al\u00e9m de ficar com o CPF pendente de regulariza\u00e7\u00e3o.<\/p>\n<h2>Restitui\u00e7\u00f5es<\/h2>\n<p>A Receita informou que pretende agilizar o pagamento das restitui\u00e7\u00f5es em 2026. A previs\u00e3o \u00e9 que <strong>80% dos contribuintes<\/strong> <strong>com direito ao valor recebam at\u00e9 30 de junho<\/strong>.<\/p>\n<p>Os pagamentos ser\u00e3o feitos em <strong>quatro lotes<\/strong>:<\/p>\n<ul>\n<li>29 de maio<\/li>\n<li>30 de junho<\/li>\n<li>31 de julho<\/li>\n<li>31 de agosto<\/li>\n<\/ul>\n<p>Ter\u00e3o prioridade no recebimento idosos, pessoas com defici\u00eancia ou doen\u00e7a grave, contribuintes cuja principal renda seja do magist\u00e9rio e aqueles que utilizarem <strong>declara\u00e7\u00e3o pr\u00e9-preenchida com restitui\u00e7\u00e3o via Pix<\/strong>.<br \/>\n\u00a0<\/p>\n<p>\t\t\t\t\t\t\t\t\t\t<img loading=\"lazy\" decoding=\"async\" src=\"https:\/\/brasil61.com\/api\/v1\/serve_pixel\/17677\/88355\" alt=\"Pixel Brasil 61\" class=\"b61_pixel\" width=\"0\" height=\"0\"><\/p>\n<input type=\"hidden\" id=\"baseurl\" value=\"https:\/\/noticiasdestaque.com.br\"><input type=\"hidden\" id=\"audio_nonce\" value=\"62ca87eee3\">","protected":false},"excerpt":{"rendered":"<p>Envio da declara\u00e7\u00e3o vai at\u00e9 29 de maio e expectativa \u00e9 receber cerca de 44 milh\u00f5es de documentos<\/p>\n","protected":false},"author":1,"featured_media":50822,"comment_status":"open","ping_status":"open","sticky":false,"template":"","format":"standard","meta":{"fifu_image_url":"","fifu_image_alt":"","footnotes":""},"categories":[48],"tags":[],"class_list":["post-50821","post","type-post","status-publish","format-standard","has-post-thumbnail","hentry","category-mundo"],"distributor_meta":false,"distributor_terms":false,"distributor_media":false,"distributor_original_site_name":"Noticias em Destaque","distributor_original_site_url":"https:\/\/noticiasdestaque.com.br","push-errors":false,"_links":{"self":[{"href":"https:\/\/noticiasdestaque.com.br\/index.php\/wp-json\/wp\/v2\/posts\/50821","targetHints":{"allow":["GET"]}}],"collection":[{"href":"https:\/\/noticiasdestaque.com.br\/index.php\/wp-json\/wp\/v2\/posts"}],"about":[{"href":"https:\/\/noticiasdestaque.com.br\/index.php\/wp-json\/wp\/v2\/types\/post"}],"author":[{"embeddable":true,"href":"https:\/\/noticiasdestaque.com.br\/index.php\/wp-json\/wp\/v2\/users\/1"}],"replies":[{"embeddable":true,"href":"https:\/\/noticiasdestaque.com.br\/index.php\/wp-json\/wp\/v2\/comments?post=50821"}],"version-history":[{"count":0,"href":"https:\/\/noticiasdestaque.com.br\/index.php\/wp-json\/wp\/v2\/posts\/50821\/revisions"}],"wp:featuredmedia":[{"embeddable":true,"href":"https:\/\/noticiasdestaque.com.br\/index.php\/wp-json\/wp\/v2\/media\/50822"}],"wp:attachment":[{"href":"https:\/\/noticiasdestaque.com.br\/index.php\/wp-json\/wp\/v2\/media?parent=50821"}],"wp:term":[{"taxonomy":"category","embeddable":true,"href":"https:\/\/noticiasdestaque.com.br\/index.php\/wp-json\/wp\/v2\/categories?post=50821"},{"taxonomy":"post_tag","embeddable":true,"href":"https:\/\/noticiasdestaque.com.br\/index.php\/wp-json\/wp\/v2\/tags?post=50821"}],"curies":[{"name":"wp","href":"https:\/\/api.w.org\/{rel}","templated":true}]}}