{"id":50819,"date":"2026-03-17T04:35:00","date_gmt":"2026-03-17T07:35:00","guid":{"rendered":"https:\/\/noticiasdestaque.com.br\/index.php\/2026\/03\/17\/infogripe-casos-de-srag-avancam-no-pais-vacinacao-e-a-principal-forma-de-protecao\/"},"modified":"2026-03-17T04:35:00","modified_gmt":"2026-03-17T07:35:00","slug":"infogripe-casos-de-srag-avancam-no-pais-vacinacao-e-a-principal-forma-de-protecao","status":"publish","type":"post","link":"https:\/\/noticiasdestaque.com.br\/index.php\/2026\/03\/17\/infogripe-casos-de-srag-avancam-no-pais-vacinacao-e-a-principal-forma-de-protecao\/","title":{"rendered":"InfoGripe: casos de SRAG avan\u00e7am no pa\u00eds; vacina\u00e7\u00e3o \u00e9 a principal forma de prote\u00e7\u00e3o"},"content":{"rendered":"<p>\t\t\t\t\t\t\t\t\t\t\t<audio controls class=\"b61_audio_player\" data-noticia=\"88350\" src=\"https:\/\/brasil61.com\/rails\/active_storage\/blobs\/eyJfcmFpbHMiOnsibWVzc2FnZSI6IkJBaHBBOEFGQkE9PSIsImV4cCI6bnVsbCwicHVyIjoiYmxvYl9pZCJ9fQ==--493e0c956e5bd29ff266f7efd3c44043c9afc346\/BRAS2616065A\"><\/audio><\/p>\n<p>O mais recente <a href=\"https:\/\/fiocruz.br\/noticia\/2026\/03\/infogripe-casos-de-srag-mantem-sinal-de-crescimento-no-pais\">Boletim InfoGripe<\/a>, divulgado pela Funda\u00e7\u00e3o Oswaldo Cruz (<a href=\"https:\/\/fiocruz.br\/\">Fiocruz<\/a>) na sexta-feira (13), aponta <strong>crescimento nos casos de S\u00edndrome Respirat\u00f3ria Aguda Grave <\/strong>(<a href=\"https:\/\/www.gov.br\/saude\/pt-br\/composicao\/svsa\/cnie\/srag\">SRAG<\/a>) em <strong>25 estados e no Distrito Federal<\/strong> (DF). Apenas <strong>Tocantins<\/strong> <strong>n\u00e3o registra aumento nas notifica\u00e7\u00f5es<\/strong>. Os dados se referem \u00e0 Semana Epidemiol\u00f3gica 9, entre 1 e 7 de mar\u00e7o.<\/p>\n<p>Segundo o levantamento epidemiol\u00f3gico, o cen\u00e1rio est\u00e1 associado ao aumento do n\u00famero de hospitaliza\u00e7\u00f5es por:<\/p>\n<ul>\n<li><strong>rinov\u00edrus<\/strong> em crian\u00e7as e adolescentes de 2 a 14 anos;<\/li>\n<li><strong>v\u00edrus sincicial respirat\u00f3rio <\/strong>(<a href=\"https:\/\/www.gov.br\/saude\/pt-br\/assuntos\/saude-de-a-a-z\/v\/vsr\/faq\/conceito-e-abrangencia-virus-sincicial-respiratorio-vsr\/o-que-e-o-virus\">VSR<\/a>) nas crian\u00e7as menores de 2 anos; e\u00a0<\/li>\n<li><strong><a href=\"https:\/\/www.gov.br\/saude\/pt-br\/assuntos\/saude-de-a-a-z\/g\/gripe-influenza\">influenza<\/a> A<\/strong> na popula\u00e7\u00e3o de jovens, adultos e idosos.<\/li>\n<\/ul>\n<p>A pesquisadora do Programa de Computa\u00e7\u00e3o Cient\u00edfica da Fiocruz e do Boletim InfoGripe, Tatiana Portella, destaca que \u201co aumento do VSR j\u00e1 era esperado nesta \u00e9poca do ano. No entanto, o crescimento da influenza A est\u00e1 ocorrendo de forma bastante antecipada em muitos estados, j\u00e1 que o esperado seria verificar um aumento mais expressivo do v\u00edrus na maioria dos estados por volta de abril\u201d.<\/p>\n<p>O estudo enfatiza que a<strong> principal forma de prote\u00e7\u00e3o contra casos graves e \u00f3bitos causados por esses v\u00edrus \u00e9 a vacina\u00e7\u00e3o<\/strong>. Segundo Portella, \u201cj\u00e1 est\u00e1 dispon\u00edvel no SUS a vacina contra o VSR para gestantes a partir da 28\u00aa semana, que protege o rec\u00e9m-nascido contra o v\u00edrus\u201d.<\/p>\n<h2>Regi\u00f5es em alerta<\/h2>\n<p><strong>UFs<\/strong><\/p>\n<p><strong>Doze<\/strong> unidades da Federa\u00e7\u00e3o (UFs) apresentam n\u00edvel de atividade de SRAG em alerta, risco ou alto risco:\u00a0<\/p>\n<ul>\n<li>Acre;<\/li>\n<li>Amap\u00e1;<\/li>\n<li>Amazonas;<\/li>\n<li>Cear\u00e1;<\/li>\n<li>Distrito Federal;<\/li>\n<li>Goi\u00e1s;<\/li>\n<li>Mato Grosso;<\/li>\n<li>Mato Grosso do Sul;<\/li>\n<li>Par\u00e1;<\/li>\n<li>Rond\u00f4nia;<\/li>\n<li>Roraima; e<\/li>\n<li>Sergipe.<\/li>\n<\/ul>\n<p>Na maioria das UFs, o <strong>rinov\u00edrus segue como principal respons\u00e1vel pelo aumento dos casos de SRAG<\/strong>. J\u00e1 a influenza A tem contribu\u00eddo para a eleva\u00e7\u00e3o dos registros em estados da Regi\u00e3o Norte (Amap\u00e1, Par\u00e1 e Rond\u00f4nia) e tamb\u00e9m no Nordeste (com exce\u00e7\u00e3o de Alagoas e Sergipe), al\u00e9m do Rio de Janeiro e de Mato Grosso.<\/p>\n<p>O VSR tem impulsionado o crescimento dos casos em crian\u00e7as menores de 2 anos, especialmente em estados do Norte (Acre, Amazonas, Par\u00e1 e Rond\u00f4nia), do Centro-Oeste (Mato Grosso e Goi\u00e1s) e do Nordeste (Para\u00edba e Sergipe).<\/p>\n<p>A an\u00e1lise aponta ainda um leve aumento dos casos de SRAG associados \u00e0 <strong><a href=\"https:\/\/www.gov.br\/saude\/pt-br\/assuntos\/saude-de-a-a-z\/c\/covid-19\">covid-19<\/a><\/strong> em S\u00e3o Paulo e Rio de Janeiro, sem impacto relevante nas hospitaliza\u00e7\u00f5es.<\/p>\n<p>Para a popula\u00e7\u00e3o dos estados que est\u00e3o em alerta, Portella refor\u00e7a a<strong> import\u00e2ncia do uso de m\u00e1scaras em locais fechados e com aglomera\u00e7\u00e3o<\/strong>. \u201cTamb\u00e9m \u00e9 importante que todos fiquem em isolamento em caso de aparecimento de sintomas gripais. Caso n\u00e3o seja poss\u00edvel manter o isolamento, \u00e9 fundamental usar uma boa m\u00e1scara ao sair de casa\u201d, afirma.<\/p>\n<p><strong>Capitais<\/strong><\/p>\n<p>Entre as capitais, <strong>15 das 27 <\/strong>registram n\u00edvel de atividade de SRAG em alerta, risco ou alto risco, com tend\u00eancia de crescimento no longo prazo.<\/p>\n<ul>\n<li>Aracaju (SE);<\/li>\n<li>Bel\u00e9m (PA);<\/li>\n<li>Belo Horizonte (MG);<\/li>\n<li>Bras\u00edlia (DF);<\/li>\n<li>Boa Vista (RR);<\/li>\n<li>Campo Grande (MS);<\/li>\n<li>Cuiab\u00e1 (MT);<\/li>\n<li>Fortaleza (CE);<\/li>\n<li>Goi\u00e2nia (GO);<\/li>\n<li>Jo\u00e3o Pessoa (PB);<\/li>\n<li>Macap\u00e1 (AP);<\/li>\n<li>Manaus (AM);<\/li>\n<li>Porto Velho (RO);\u00a0<\/li>\n<li>Recife (PE); e\u00a0<\/li>\n<li>S\u00e3o Lu\u00eds (MA).<\/li>\n<\/ul>\n<h2>Preval\u00eancia dos v\u00edrus<\/h2>\n<p>Ao longo do ano epidemiol\u00f3gico de 2026, foram notificados mais de <strong>16,8 mil <\/strong>casos de SRAG, sendo <strong>35,9%<\/strong> com resultado laboratorial positivo para algum v\u00edrus respirat\u00f3rio. Dentre os casos positivos, o <strong>rinov\u00edrus \u00e9 o agente mais detectado<\/strong>, seguido pela influenza A e covid-19.<\/p>\n<p><strong>VEJA MAIS:<\/strong><\/p>\n<ul>\n<li><a href=\"https:\/\/brasil61.com\/n\/vacinacao-saiba-como-ter-acesso-pelo-sus-vaci250321\">Vacina\u00e7\u00e3o: saiba como ter acesso pelo SUS<\/a><\/li>\n<li><a href=\"https:\/\/brasil61.com\/n\/brasil-registra-primeiro-caso-de-sarampo-em-2026-bras2616052\">Brasil registra primeiro caso de sarampo em 2026<\/a><\/li>\n<\/ul>\n<p>\t\t\t\t\t\t\t\t\t\t<img loading=\"lazy\" decoding=\"async\" src=\"https:\/\/brasil61.com\/api\/v1\/serve_pixel\/17677\/88350\" alt=\"Pixel Brasil 61\" class=\"b61_pixel\" width=\"0\" height=\"0\"><\/p>\n<input type=\"hidden\" id=\"baseurl\" value=\"https:\/\/noticiasdestaque.com.br\"><input type=\"hidden\" id=\"audio_nonce\" value=\"62ca87eee3\">","protected":false},"excerpt":{"rendered":"<p>Estudo aponta que 25 estados e o Distrito Federal registram aumento nas notifica\u00e7\u00f5es; cen\u00e1rio est\u00e1 associado, principalmente, \u00e0 alta de interna\u00e7\u00f5es por rinov\u00edrus<\/p>\n","protected":false},"author":1,"featured_media":50820,"comment_status":"open","ping_status":"open","sticky":false,"template":"","format":"standard","meta":{"fifu_image_url":"","fifu_image_alt":"","footnotes":""},"categories":[51],"tags":[],"class_list":["post-50819","post","type-post","status-publish","format-standard","has-post-thumbnail","hentry","category-saude"],"distributor_meta":false,"distributor_terms":false,"distributor_media":false,"distributor_original_site_name":"Noticias em Destaque","distributor_original_site_url":"https:\/\/noticiasdestaque.com.br","push-errors":false,"_links":{"self":[{"href":"https:\/\/noticiasdestaque.com.br\/index.php\/wp-json\/wp\/v2\/posts\/50819","targetHints":{"allow":["GET"]}}],"collection":[{"href":"https:\/\/noticiasdestaque.com.br\/index.php\/wp-json\/wp\/v2\/posts"}],"about":[{"href":"https:\/\/noticiasdestaque.com.br\/index.php\/wp-json\/wp\/v2\/types\/post"}],"author":[{"embeddable":true,"href":"https:\/\/noticiasdestaque.com.br\/index.php\/wp-json\/wp\/v2\/users\/1"}],"replies":[{"embeddable":true,"href":"https:\/\/noticiasdestaque.com.br\/index.php\/wp-json\/wp\/v2\/comments?post=50819"}],"version-history":[{"count":0,"href":"https:\/\/noticiasdestaque.com.br\/index.php\/wp-json\/wp\/v2\/posts\/50819\/revisions"}],"wp:featuredmedia":[{"embeddable":true,"href":"https:\/\/noticiasdestaque.com.br\/index.php\/wp-json\/wp\/v2\/media\/50820"}],"wp:attachment":[{"href":"https:\/\/noticiasdestaque.com.br\/index.php\/wp-json\/wp\/v2\/media?parent=50819"}],"wp:term":[{"taxonomy":"category","embeddable":true,"href":"https:\/\/noticiasdestaque.com.br\/index.php\/wp-json\/wp\/v2\/categories?post=50819"},{"taxonomy":"post_tag","embeddable":true,"href":"https:\/\/noticiasdestaque.com.br\/index.php\/wp-json\/wp\/v2\/tags?post=50819"}],"curies":[{"name":"wp","href":"https:\/\/api.w.org\/{rel}","templated":true}]}}