{"id":50811,"date":"2026-03-16T18:20:00","date_gmt":"2026-03-16T21:20:00","guid":{"rendered":"https:\/\/noticiasdestaque.com.br\/index.php\/2026\/03\/16\/previsao-do-tempo-terca-feira-17-de-muitas-chuvas-e-trovoadas-no-norte\/"},"modified":"2026-03-16T18:20:00","modified_gmt":"2026-03-16T21:20:00","slug":"previsao-do-tempo-terca-feira-17-de-muitas-chuvas-e-trovoadas-no-norte","status":"publish","type":"post","link":"https:\/\/noticiasdestaque.com.br\/index.php\/2026\/03\/16\/previsao-do-tempo-terca-feira-17-de-muitas-chuvas-e-trovoadas-no-norte\/","title":{"rendered":"PREVIS\u00c3O DO TEMPO: ter\u00e7a-feira (17) de muitas chuvas e trovoadas no Norte"},"content":{"rendered":"<p>\t\t\t\t\t\t\t\t\t\t\t<audio controls class=\"b61_audio_player\" data-noticia=\"88344\" src=\"https:\/\/brasil61.com\/rails\/active_storage\/blobs\/eyJfcmFpbHMiOnsibWVzc2FnZSI6IkJBaHBBOVVGQkE9PSIsImV4cCI6bnVsbCwicHVyIjoiYmxvYl9pZCJ9fQ==--fd6fa44c591c28e991dbc4e7bfbaa9fe5404e815\/PTRN264740A\"><\/audio><\/p>\n<p>A <b>previs\u00e3o do tempo<\/b> para a <b>Regi\u00e3o Norte<\/b> do pa\u00eds, nesta <b>ter\u00e7a-feira (17)<\/b>, indica c\u00e9u com <b>muitas<\/b> <b>nuvens<\/b> para toda a regi\u00e3o e <b>chuvas de diferentes intensidades<\/b> para quase todos os estados ao longo do dia \u2014 \u00e0 exce\u00e7\u00e3o do centro-norte de Roraima \u2014, com <b>maior intensidade<\/b> a partir da <b>tarde<\/b>.<\/p>\n<p>Pela <b>manh\u00e3<\/b>, a previs\u00e3o \u00e9 de <b>muitas<\/b> <b>nuvens <\/b>para toda a regi\u00e3o e <b>pancadas de chuva isoladas<\/b> para quase todos os estados \u2014 \u00e0 exce\u00e7\u00e3o de Roraima, norte do Amazonas, noroeste do Par\u00e1 e oeste do Amap\u00e1. As <b>chuvas devem amanhecer mais intensas<\/b> na por\u00e7\u00e3o central do sul do Amazonas.<\/p>\n<p>Durante a <b>tarde<\/b>, as <b>chuvas se intensificam e tomam<\/b> quase toda a regi\u00e3o \u2014 \u00e0 exce\u00e7\u00e3o do norte de Roraima, onde n\u00e3o deve chover \u2014, vindo <b>acompanhadas de trovoadas<\/b> no Acre, norte de Rond\u00f4nia e do Tocantins, centro-sul do Amazonas, centro-sul e nordeste do Par\u00e1 e leste do Amap\u00e1. Essas condi\u00e7\u00f5es devem <b>se manter<\/b> at\u00e9 a <b>noite<\/b>.<\/p>\n<p>O <b>Instituto Nacional de Meteorologia<\/b> (<a href=\"https:\/\/portal.inmet.gov.br\/\">Inmet<\/a>) emitiu alerta de<b> perigo potencial de chuvas intensas<\/b> para quase toda a regi\u00e3o \u2014 \u00e0 exce\u00e7\u00e3o de Roraima, Amap\u00e1, noroeste do Par\u00e1 e a por\u00e7\u00e3o central do extremo-norte do Amazonas.<\/p>\n<p>Entre as <b>capitais<\/b>, a <b>temperatura m\u00ednima<\/b> prevista \u00e9 de <b>23\u00b0C<\/b>, em<b> Palmas e Rio Branco<\/b>. J\u00e1 a <b>m\u00e1xima<\/b> pode chegar at\u00e9 <b>36\u00b0C<\/b>, em <b>Boa Vista<\/b>. A <b>umidade relativa do ar <\/b>varia entre <b>40%<\/b> e <b>100%<\/b>.<\/p>\n<h2>5 motivos para acompanhar as previs\u00f5es do tempo<\/h2>\n<ul>\n<li>Agricultura: garantia de uma boa colheita;<\/li>\n<li>Marinha: prote\u00e7\u00e3o de marinheiros, navios e passageiros;<\/li>\n<li>Aeron\u00e1utica: seguran\u00e7a de pilotos, aeronaves e passageiros;<\/li>\n<li>Pesca: condi\u00e7\u00f5es favor\u00e1veis e seguras para a atividade;<\/li>\n<li>Turismo: garantia de passeios e viagens tranquilas e agrad\u00e1veis.<\/li>\n<\/ul>\n<p>\u00a0<\/p>\n<h2>Import\u00e2ncia das observa\u00e7\u00f5es meteorol\u00f3gicas no INMET<\/h2>\n<p>\u00a0<\/p>\n<p>As observa\u00e7\u00f5es meteorol\u00f3gicas do INMET s\u00e3o essenciais para previs\u00f5es em tempo real, estat\u00edsticas clim\u00e1ticas e coopera\u00e7\u00e3o internacional. Esses dados precisos ajudam a estudar o clima passado e a produzir Normais Climatol\u00f3gicas conforme a Organiza\u00e7\u00e3o Meteorol\u00f3gica Mundial (<a href=\"https:\/\/worldweather.wmo.int\/pt\/home.html\">OMM<\/a>).<\/p>\n<p>\u00a0<\/p>\n<p>As informa\u00e7\u00f5es s\u00e3o do Instituto Nacional de Meteorologia (<a href=\"https:\/\/portal.inmet.gov.br\">Inmet<\/a>).<\/p>\n<p>\t\t\t\t\t\t\t\t\t\t<img loading=\"lazy\" decoding=\"async\" src=\"https:\/\/brasil61.com\/api\/v1\/serve_pixel\/17677\/88344\" alt=\"Pixel Brasil 61\" class=\"b61_pixel\" width=\"0\" height=\"0\"><\/p>\n<input type=\"hidden\" id=\"baseurl\" value=\"https:\/\/noticiasdestaque.com.br\"><input type=\"hidden\" id=\"audio_nonce\" value=\"eb7638fb71\">","protected":false},"excerpt":{"rendered":"<p>Chuvas de diferentes intensidades s\u00e3o previstas em toda a regi\u00e3o ao longo do dia, com trovoadas; temperaturas variam entre 23\u00b0C e 36\u00b0C<\/p>\n","protected":false},"author":1,"featured_media":50812,"comment_status":"open","ping_status":"open","sticky":false,"template":"","format":"standard","meta":{"fifu_image_url":"","fifu_image_alt":"","footnotes":""},"categories":[58],"tags":[],"class_list":["post-50811","post","type-post","status-publish","format-standard","has-post-thumbnail","hentry","category-cotidiano"],"distributor_meta":false,"distributor_terms":false,"distributor_media":false,"distributor_original_site_name":"Noticias em Destaque","distributor_original_site_url":"https:\/\/noticiasdestaque.com.br","push-errors":false,"_links":{"self":[{"href":"https:\/\/noticiasdestaque.com.br\/index.php\/wp-json\/wp\/v2\/posts\/50811","targetHints":{"allow":["GET"]}}],"collection":[{"href":"https:\/\/noticiasdestaque.com.br\/index.php\/wp-json\/wp\/v2\/posts"}],"about":[{"href":"https:\/\/noticiasdestaque.com.br\/index.php\/wp-json\/wp\/v2\/types\/post"}],"author":[{"embeddable":true,"href":"https:\/\/noticiasdestaque.com.br\/index.php\/wp-json\/wp\/v2\/users\/1"}],"replies":[{"embeddable":true,"href":"https:\/\/noticiasdestaque.com.br\/index.php\/wp-json\/wp\/v2\/comments?post=50811"}],"version-history":[{"count":0,"href":"https:\/\/noticiasdestaque.com.br\/index.php\/wp-json\/wp\/v2\/posts\/50811\/revisions"}],"wp:featuredmedia":[{"embeddable":true,"href":"https:\/\/noticiasdestaque.com.br\/index.php\/wp-json\/wp\/v2\/media\/50812"}],"wp:attachment":[{"href":"https:\/\/noticiasdestaque.com.br\/index.php\/wp-json\/wp\/v2\/media?parent=50811"}],"wp:term":[{"taxonomy":"category","embeddable":true,"href":"https:\/\/noticiasdestaque.com.br\/index.php\/wp-json\/wp\/v2\/categories?post=50811"},{"taxonomy":"post_tag","embeddable":true,"href":"https:\/\/noticiasdestaque.com.br\/index.php\/wp-json\/wp\/v2\/tags?post=50811"}],"curies":[{"name":"wp","href":"https:\/\/api.w.org\/{rel}","templated":true}]}}